{"id":381293,"date":"2025-09-10T22:25:13","date_gmt":"2025-09-10T22:25:13","guid":{"rendered":"https:\/\/www.europesays.com\/fr\/381293\/"},"modified":"2025-09-10T22:25:13","modified_gmt":"2025-09-10T22:25:13","slug":"voici-pourquoi-un-helicoptere-militaire-a-survole-charleville-mezieres-au-matin-du-10-septembre","status":"publish","type":"post","link":"https:\/\/www.europesays.com\/fr\/381293\/","title":{"rendered":"Voici pourquoi un h\u00e9licopt\u00e8re militaire a survol\u00e9 Charleville-M\u00e9zi\u00e8res au matin du 10 septembre"},"content":{"rendered":"<p class=\"article__intro\">Dans la matin\u00e9e de ce mercredi 10 septembre, des h\u00e9licopt\u00e8res militaires ont survol\u00e9 Charleville-M\u00e9zi\u00e8res (Ardennes). Ils participaient \u00e0 une s\u00e9rie d&rsquo;exercices militaires, sous l&rsquo;appellation Ardennes 2025.<\/p>\n<p>\n      La Quotidienne Soci\u00e9t\u00e9\n    <\/p>\n<p>\n      De la vie quotidienne aux grands enjeux, recevez tous les jours les sujets qui font la soci\u00e9t\u00e9 locale, comme la justice, l\u2019\u00e9ducation, la sant\u00e9 et la famille.\n    <\/p>\n<p>    France T\u00e9l\u00e9visions utilise votre adresse e-mail afin de vous envoyer la newsletter \u00ab\u00a0La Quotidienne Soci\u00e9t\u00e9\u00a0\u00bb. Vous pouvez vous d\u00e9sinscrire \u00e0 tout moment via le lien en bas de cette newsletter. <a target=\"_blank\" href=\"https:\/\/www.francetelevisions.fr\/groupe\/confidentialite\/politique-de-confidentialite\/politique-de-confidentialite-de-france-televisions-6503\" rel=\"nofollow noopener\">Notre politique de confidentialit\u00e9<\/a><\/p>\n<p>Une sc\u00e8ne peu banale. Un h\u00e9licopt\u00e8re militaire a survol\u00e9 la place Ducale, centre historique et n\u00e9vralgique de la ville de Charleville-M\u00e9zi\u00e8res (Ardennes), aux premi\u00e8res heures de la matin\u00e9e de ce mercredi 10 septembre 2025. Un autre h\u00e9licopt\u00e8re a \u00e9t\u00e9 visible quelques heures plus tard.<\/p>\n<p>Ces survols ont eu lieu dans le cadre d&rsquo;exercices militaires. Intitul\u00e9s <a href=\"https:\/\/france3-regions.franceinfo.fr\/grand-est\/ardennes\/charleville-mezieres\/tirs-a-blanc-et-grandes-man-uvres-un-exercice-de-l-armee-de-terre-va-avoir-lieu-au-c-ur-de-nombreuses-villes-3212996.html\" target=\"_blank\" rel=\"noopener nofollow\" data-tooltip-url=\"https:\/\/france3-regions.franceinfo.fr\/grand-est\/ardennes\/charleville-mezieres\/tirs-a-blanc-et-grandes-man-uvres-un-exercice-de-l-armee-de-terre-va-avoir-lieu-au-c-ur-de-nombreuses-villes-3212996.html\">Ardennes 2025, ils ont eu lieu du 8 au 11 septembre<\/a> dans plusieurs villes du d\u00e9partement. Ils ont associ\u00e9 mouvements de troupes, tirs, et d\u00e9placements de v\u00e9hicules sigl\u00e9s. Le but pour les militaires (fran\u00e7ais et belges) : savoir intervenir en milieu urbain dans le cadre d&rsquo;op\u00e9rations ext\u00e9rieures (Opex).\u00a0<\/p>\n<p>Renseignements pris aupr\u00e8s de l&rsquo;offici\u00e8re communication concern\u00e9e, France 3 Champagne-Ardenne a pu apprendre que ces appareils appartiennent au<a href=\"https:\/\/www.defense.gouv.fr\/terre\/unites-larmee-terre\/nos-brigades\/4e-brigade-daerocombat-4e-bac\/3e-regiment-dhelicopteres-combat\" target=\"_blank\" rel=\"noopener nofollow\" data-tooltip-url=\"https:\/\/www.defense.gouv.fr\/terre\/unites-larmee-terre\/nos-brigades\/4e-brigade-daerocombat-4e-bac\/3e-regiment-dhelicopteres-combat\"> troisi\u00e8me r\u00e9giment d&rsquo;h\u00e9licopt\u00e8res de combat<\/a> (3e RHC) si\u00e9geant \u00e0 la base a\u00e9rienne d&rsquo;\u00c9tain-Rouvres, situ\u00e9e dans l&rsquo;arrondissement de Verdun (Meuse). Il s&rsquo;agit de \u00ab\u00a0l&rsquo;aviation l\u00e9g\u00e8re de l&rsquo;arm\u00e9e de terre\u00a0\u00bb. Cette derni\u00e8re dispose d&rsquo;une branche a\u00e9romobile, distincte de l&rsquo;arm\u00e9e de l&rsquo;air et de l&rsquo;espace (voir une <a href=\"https:\/\/www.instagram.com\/p\/DOS_HyriNwi\/?hl=fr&amp;img_index=1\" target=\"_blank\" rel=\"noopener nofollow\" data-tooltip-url=\"https:\/\/www.instagram.com\/p\/DOS_HyriNwi\/?hl=fr&amp;img_index=1\">illustration sur leur compte Instagram<\/a> ci-dessous).<\/p>\n<p>Au cours des exercices militaires Ardennes 2025, le 3e RHC est intervenu en soutien du <a href=\"https:\/\/www.defense.gouv.fr\/terre\/unites-larmee-terre\/nos-brigades\/7e-brigade-blindee-7e-bb\/3e-regiment-du-genie\" target=\"_blank\" rel=\"noopener nofollow\" data-tooltip-url=\"https:\/\/www.defense.gouv.fr\/terre\/unites-larmee-terre\/nos-brigades\/7e-brigade-blindee-7e-bb\/3e-regiment-du-genie\">troisi\u00e8me r\u00e9giment du g\u00e9nie<\/a> (3e RG) de l&rsquo;Arm\u00e9e de terre, bas\u00e9 \u00e0 la caserne Dumerbion de Charleville-M\u00e9zi\u00e8res. D&rsquo;autres unit\u00e9s ont \u00e9t\u00e9 mobilis\u00e9es au cours de cet exercice, mais la participation du r\u00e9giment d&rsquo;h\u00e9licopt\u00e8res de combat a \u00e9t\u00e9 la plus visible.<\/p>\n<p>Parmi les deux a\u00e9ronefs qui ont pu \u00eatre aper\u00e7us, <a href=\"https:\/\/www.defense.gouv.fr\/terre\/nos-materiels\/nos-equipements-terre\/nos-helicopteres\/helicoptere-gazelle\" target=\"_blank\" rel=\"noopener nofollow\" data-tooltip-url=\"https:\/\/www.defense.gouv.fr\/terre\/nos-materiels\/nos-equipements-terre\/nos-helicopteres\/helicoptere-gazelle\">on retrouve une Gazelle<\/a>. Cet h\u00e9licopt\u00e8re de reconnaissance et d&rsquo;attaque fait environ douze m\u00e8tres de long et peut emporter jusqu&rsquo;\u00e0 deux tonnes de mat\u00e9riel ou d&rsquo;effectifs. Son \u00e9quipe comprend trois personnes. Ici, cette Gazelle est de type Viviane. C&rsquo;est-\u00e0-dire qu&rsquo;elle embarque une cam\u00e9ra thermique et optique ainsi qu&rsquo;un t\u00e9l\u00e9m\u00e8tre laser pour permettre d&rsquo;observer les environs et de tirer, \u00ab\u00a0de jour comme de nuit\u00a0\u00bb. De quoi utiliser \u00e0 tout moment ses quatre missiles, sa mitrailleuse gatling, ou encore dispositif permettant \u00e0 un tireur embarqu\u00e9 d&rsquo;utiliser un fusil de pr\u00e9cision.\u00a0<\/p>\n<p>Le <a href=\"https:\/\/www.alat.fr\/aeronefs-alat-helicopteres-nh90-caiman-presentation.html\" target=\"_blank\" rel=\"noopener nofollow\" data-tooltip-url=\"https:\/\/www.alat.fr\/aeronefs-alat-helicopteres-nh90-caiman-presentation.html\">Ca\u00efman, tout neuf<\/a>, \u00e9tait \u00e9galement de la partie. Cet h\u00e9licopt\u00e8re de manoeuvre et d&rsquo;assaut fait 20 m\u00e8tres de long environ. \u00c0 vide, il p\u00e8se six tonnes. Il peut embarquer pr\u00e8s de dix tonnes de mat\u00e9riel, ou \u00ab\u00a0une quinzaine de commandos embarqu\u00e9s\u00a0\u00bb, et dispose de quatre heures d&rsquo;autonomie. Il s&rsquo;agit d&rsquo;un a\u00e9ronef \u00ab\u00a0de nouvelle g\u00e9n\u00e9ration\u00a0\u00bb, qui \u00e9quipe le 3e RHC depuis l&rsquo;ann\u00e9e 2021.<\/p>\n<p>La base a\u00e9rienne du r\u00e9giment \u00e0 c\u00f4t\u00e9 d&rsquo;\u00c9tain connait des travaux sur ses hangars pour accueillir les nouveaux Ca\u00efmans (et plus tard les <a href=\"https:\/\/www.defense.gouv.fr\/terre\/nos-materiels-nos-innovations\/nos-equipements-terre\/nos-helicopteres\/guepard-helicoptere-interarmees-leger\" target=\"_blank\" rel=\"noopener nofollow\" data-tooltip-url=\"https:\/\/www.defense.gouv.fr\/terre\/nos-materiels-nos-innovations\/nos-equipements-terre\/nos-helicopteres\/guepard-helicoptere-interarmees-leger\">fameux Gu\u00e9pards<\/a>). Des \u00ab\u00a0nouvelles infrastructures\u00a0\u00bb bien pratiques : les derniers mod\u00e8les seront livr\u00e9s d&rsquo;ici l&rsquo;ann\u00e9e 2030.<\/p>\n<p>\u00c0 bord, on retrouvait le <a href=\"https:\/\/www.defense.gouv.fr\/terre\/unites-larmee-terre\/nos-brigades\/7e-brigade-blindee-7e-bb\/152e-regiment-dinfanterie\" target=\"_blank\" rel=\"noopener nofollow\" data-tooltip-url=\"https:\/\/www.defense.gouv.fr\/terre\/unites-larmee-terre\/nos-brigades\/7e-brigade-blindee-7e-bb\/152e-regiment-dinfanterie\">152e r\u00e9giment d&rsquo;infanterie<\/a> de l&rsquo;Arm\u00e9e de terre. Ses soldats sont appel\u00e9s les Diables rouges depuis la <a href=\"https:\/\/www.memorial-hwk.eu\/fr\/champ-de-bataille\" target=\"_blank\" rel=\"noopener nofollow\" data-tooltip-url=\"https:\/\/www.memorial-hwk.eu\/fr\/champ-de-bataille\">bataille du Hartmannswillerkopf<\/a>, durant la Premi\u00e8re Guerre mondiale. Il est bas\u00e9 au sein des quartiers militaires Walter et Bruat de Colmar (Haut-Rhin). \u00ab\u00a0Ils ont embarqu\u00e9 avec tout leur \u00e9quipement et leur armement.\u00a0\u00bb<\/p>\n<p>Faire op\u00e9rer autant de r\u00e9giments au coeur de la Cit\u00e9 de Rimbaud avait un but pr\u00e9cis. \u00ab\u00a0L&rsquo;exercice Ardennes 2025, organis\u00e9 en secteur civil, est l&rsquo;occasion de mettre en \u0153uvre des savoir-faire techniques et tactiques en zone urbaine, en haute intensit\u00e9. Il pr\u00e9pare les \u00e9quipes aux futures projections op\u00e9rationnelles.\u00a0\u00bb<\/p>\n<p>\u00ab\u00a0Les h\u00e9licopt\u00e8res ont pour but l&rsquo;appui des troupes au sol.\u00a0\u00bb\u00a0Celui pr\u00e9sent \u00e0 l&rsquo;aube ne s&rsquo;est pas pos\u00e9 sur la place Ducale comme envisag\u00e9 \u00e0 l&rsquo;origine. \u00ab\u00a0Les h\u00e9licopt\u00e8res s&rsquo;adaptent au terrain. Les \u00e9quipages ont pour mission premi\u00e8re d&rsquo;\u00e9voluer en s\u00e9curit\u00e9. Lorsqu&rsquo;une zone pr\u00e9sente un risque, l&rsquo;h\u00e9licopt\u00e8re va se poser dans une autre zone plus adapt\u00e9e.\u00a0\u00bb<\/p>\n<p>Charleville-M\u00e9zi\u00e8res constitue un th\u00e9\u00e2tre privil\u00e9gi\u00e9 pour ces exercices. \u00ab\u00a0Les militaires ont travaill\u00e9 aux c\u00f4t\u00e9s de la population. Les civils sur place ont pu poser toutes leurs questions et en apprendre plus sur l&rsquo;Arm\u00e9e. Les exercices comme celui-ci permettent \u00e0 la population d&rsquo;en apprendre davantage sur le 3e RG \u00e9tabli \u00e0 Charleville et aussi les autres unit\u00e9s engag\u00e9es.\u00a0\u00bb\u00a0(voir leur localisation sur <a href=\"https:\/\/www.google.com\/maps\/d\/u\/0\/edit?mid=1nQkSZIc2JLoQtIcL2VjIqatq2jKv8V8&amp;usp=sharing\" target=\"_blank\" rel=\"noopener nofollow\" data-tooltip-url=\"https:\/\/www.google.com\/maps\/d\/u\/0\/edit?mid=1nQkSZIc2JLoQtIcL2VjIqatq2jKv8V8&amp;usp=sharing\">la carte<\/a> ci-dessous)<\/p>\n<\/p>\n<p>Des r\u00e9giments qui recrutent. Pour les rejoindre, rendez-vous dans le centre d&rsquo;information et de recrutement des forces arm\u00e9es (Cirfa) le plus proche de chez vous : <a href=\"https:\/\/france3-regions.franceinfo.fr\/grand-est\/marne\/reims\/comment-l-armee-recrute-au-c-ur-des-villes-chaque-jeune-peut-trouver-sa-voie-3186159.html\" target=\"_blank\" rel=\"noopener nofollow\" data-tooltip-url=\"https:\/\/france3-regions.franceinfo.fr\/grand-est\/marne\/reims\/comment-l-armee-recrute-au-c-ur-des-villes-chaque-jeune-peut-trouver-sa-voie-3186159.html\">on en a test\u00e9 un<\/a> pour vous.<\/p>\n<p>  <script async src=\"\/\/www.instagram.com\/embed.js\"><\/script><\/p>\n","protected":false},"excerpt":{"rendered":"Dans la matin\u00e9e de ce mercredi 10 septembre, des h\u00e9licopt\u00e8res militaires ont survol\u00e9 Charleville-M\u00e9zi\u00e8res (Ardennes). Ils participaient \u00e0&hellip;\n","protected":false},"author":2,"featured_media":381294,"comment_status":"","ping_status":"","sticky":false,"template":"","format":"standard","meta":{"footnotes":""},"categories":[1888],"tags":[1111,1928,11,1927,1777,674,1011,27,12,1926,626,1925,25],"class_list":{"0":"post-381293","1":"post","2":"type-post","3":"status-publish","4":"format-standard","5":"has-post-thumbnail","7":"category-paris","8":"tag-actu","9":"tag-actu-paris","10":"tag-actualites","11":"tag-actualites-paris","12":"tag-eu","13":"tag-europe","14":"tag-fr","15":"tag-france","16":"tag-news","17":"tag-news-paris","18":"tag-paris","19":"tag-paris-news","20":"tag-republique-francaise"},"share_on_mastodon":{"url":"https:\/\/pubeurope.com\/@fr\/115182352779073891","error":""},"_links":{"self":[{"href":"https:\/\/www.europesays.com\/fr\/wp-json\/wp\/v2\/posts\/381293","targetHints":{"allow":["GET"]}}],"collection":[{"href":"https:\/\/www.europesays.com\/fr\/wp-json\/wp\/v2\/posts"}],"about":[{"href":"https:\/\/www.europesays.com\/fr\/wp-json\/wp\/v2\/types\/post"}],"author":[{"embeddable":true,"href":"https:\/\/www.europesays.com\/fr\/wp-json\/wp\/v2\/users\/2"}],"replies":[{"embeddable":true,"href":"https:\/\/www.europesays.com\/fr\/wp-json\/wp\/v2\/comments?post=381293"}],"version-history":[{"count":0,"href":"https:\/\/www.europesays.com\/fr\/wp-json\/wp\/v2\/posts\/381293\/revisions"}],"wp:featuredmedia":[{"embeddable":true,"href":"https:\/\/www.europesays.com\/fr\/wp-json\/wp\/v2\/media\/381294"}],"wp:attachment":[{"href":"https:\/\/www.europesays.com\/fr\/wp-json\/wp\/v2\/media?parent=381293"}],"wp:term":[{"taxonomy":"category","embeddable":true,"href":"https:\/\/www.europesays.com\/fr\/wp-json\/wp\/v2\/categories?post=381293"},{"taxonomy":"post_tag","embeddable":true,"href":"https:\/\/www.europesays.com\/fr\/wp-json\/wp\/v2\/tags?post=381293"}],"curies":[{"name":"wp","href":"https:\/\/api.w.org\/{rel}","templated":true}]}}