{"id":381295,"date":"2025-09-10T22:26:13","date_gmt":"2025-09-10T22:26:13","guid":{"rendered":"https:\/\/www.europesays.com\/fr\/381295\/"},"modified":"2025-09-10T22:26:13","modified_gmt":"2025-09-10T22:26:13","slug":"le-psg-jouera-a-domicile-mais-ce-ne-sera-pas-a-paris","status":"publish","type":"post","link":"https:\/\/www.europesays.com\/fr\/381295\/","title":{"rendered":"le PSG jouera \u00e0 domicile, mais ce ne sera pas \u00e0 Paris"},"content":{"rendered":"<p>Le PSG conna\u00eet d\u00e9j\u00e0 son prochain grand rendez-vous. Sacr\u00e9 en Ligue des champions, le club parisien est directement qualifi\u00e9 pour la finale de la Coupe intercontinentale 2025, programm\u00e9e le 17 d\u00e9cembre \u00e0 Doha, au Qatar, fief de son actionnaire majoritaire.<\/p>\n<p>Le tournoi, d\u00e9j\u00e0 organis\u00e9 l\u2019an dernier au m\u00eame endroit et remport\u00e9 par le Real Madrid, mettra cette fois le PSG en position d\u2019attente.<\/p>\n<p>Les Parisiens n\u2019auront qu\u2019un match \u00e0 jouer, face au vainqueur d\u2019un mini-tournoi r\u00e9unissant cinq champions continentaux : Cruz Azul (Mexique), Pyramids FC (\u00c9gypte), Auckland City (Nouvelle-Z\u00e9lande), Al Ahli (Arabie saoudite) et le futur vainqueur de la Copa Libertadores 2025 (d\u00e9cision le 29 novembre \u00e0 Lima).<\/p>\n<p>6e troph\u00e9e en ligne de mire<\/p>\n<p>En cas de victoire, Paris d\u00e9crocherait son sixi\u00e8me troph\u00e9e de l\u2019ann\u00e9e civile apr\u00e8s le Troph\u00e9e des champions, la Coupe de France, la Ligue 1, la Ligue des champions et la Supercoupe d\u2019Europe.<\/p>\n<p>Une opportunit\u00e9 unique de conclure 2025 en apoth\u00e9ose et d\u2019asseoir un peu plus son statut sur la sc\u00e8ne mondiale.<\/p>\n<p class=\"relate\">A lire aussi:<\/p>\n","protected":false},"excerpt":{"rendered":"Le PSG conna\u00eet d\u00e9j\u00e0 son prochain grand rendez-vous. Sacr\u00e9 en Ligue des champions, le club parisien est directement&hellip;\n","protected":false},"author":2,"featured_media":381296,"comment_status":"","ping_status":"","sticky":false,"template":"","format":"standard","meta":{"footnotes":""},"categories":[1888],"tags":[1111,1928,11,1927,1777,674,1011,27,12,1926,626,1925,25],"class_list":{"0":"post-381295","1":"post","2":"type-post","3":"status-publish","4":"format-standard","5":"has-post-thumbnail","7":"category-paris","8":"tag-actu","9":"tag-actu-paris","10":"tag-actualites","11":"tag-actualites-paris","12":"tag-eu","13":"tag-europe","14":"tag-fr","15":"tag-france","16":"tag-news","17":"tag-news-paris","18":"tag-paris","19":"tag-paris-news","20":"tag-republique-francaise"},"share_on_mastodon":{"url":"https:\/\/pubeurope.com\/@fr\/115182356838498960","error":""},"_links":{"self":[{"href":"https:\/\/www.europesays.com\/fr\/wp-json\/wp\/v2\/posts\/381295","targetHints":{"allow":["GET"]}}],"collection":[{"href":"https:\/\/www.europesays.com\/fr\/wp-json\/wp\/v2\/posts"}],"about":[{"href":"https:\/\/www.europesays.com\/fr\/wp-json\/wp\/v2\/types\/post"}],"author":[{"embeddable":true,"href":"https:\/\/www.europesays.com\/fr\/wp-json\/wp\/v2\/users\/2"}],"replies":[{"embeddable":true,"href":"https:\/\/www.europesays.com\/fr\/wp-json\/wp\/v2\/comments?post=381295"}],"version-history":[{"count":0,"href":"https:\/\/www.europesays.com\/fr\/wp-json\/wp\/v2\/posts\/381295\/revisions"}],"wp:featuredmedia":[{"embeddable":true,"href":"https:\/\/www.europesays.com\/fr\/wp-json\/wp\/v2\/media\/381296"}],"wp:attachment":[{"href":"https:\/\/www.europesays.com\/fr\/wp-json\/wp\/v2\/media?parent=381295"}],"wp:term":[{"taxonomy":"category","embeddable":true,"href":"https:\/\/www.europesays.com\/fr\/wp-json\/wp\/v2\/categories?post=381295"},{"taxonomy":"post_tag","embeddable":true,"href":"https:\/\/www.europesays.com\/fr\/wp-json\/wp\/v2\/tags?post=381295"}],"curies":[{"name":"wp","href":"https:\/\/api.w.org\/{rel}","templated":true}]}}