{"id":381297,"date":"2025-09-10T22:27:11","date_gmt":"2025-09-10T22:27:11","guid":{"rendered":"https:\/\/www.europesays.com\/fr\/381297\/"},"modified":"2025-09-10T22:27:11","modified_gmt":"2025-09-10T22:27:11","slug":"le-cabaret-burlesque-bailly-romainvilliers-bailly-romainvilliers-date-horaires-tarifs","status":"publish","type":"post","link":"https:\/\/www.europesays.com\/fr\/381297\/","title":{"rendered":"Le Cabaret Burlesque (bailly Romainvilliers) Bailly-Romainvilliers : date, horaires, tarifs"},"content":{"rendered":"<p>Le Cabaret Burlesque (bailly Romainvilliers), un spectacle \u00e0 voir \u00e0 Paris (Centre Culturel La Ferme Corsange Bailly-Romainvilliers), le 28 janvier 2023. Toutes les informations pratiques (tarifs, billetterie, plan de salle) pour ce spectacle sont \u00e0 retrouver sur cette page. R\u00e9servez d\u00e8s maintenant vos places pour assister \u00e0 ce <a href=\"https:\/\/www.jds.fr\/paris\/agenda\/sorties-culturelles-spectacles-expositions-cinema-470_B\" rel=\"nofollow noopener\" target=\"_blank\">spectacle \u00e0 Paris<\/a>\u00a0!<\/p>\n<p>PENICHE METAMORPHOSIS &#8211; LA NOUVELLE SEINE (1- 1069880 \/ 2-1070462 \/ 3-1069881) PRESENTE\u00a0: ce spectacle. <strong>LE CABARET BURLESQUE<\/strong><\/p>\n<p>Cr\u00e9e et dirig\u00e9 par\u00a0<strong>Valentina Del Pearl<\/strong>\u00a0avec\u00a0:<\/p>\n<p>Soa de Muse, Lolla Wesh, Kiki Beguin, La Big Bertha, Miss Glitter Painkiller, Froufrou d\u2019Absinthe, Mam\u2019zelle Plum\u2019ti, Velvet Hoopnroll, Maud Amour, Charly Broutille, Sayuri Gei, Canelle Double Kick, Rosabelle Selavy, Kirby Marzelle, Sucre d\u2019Orge, Loulou Champagne + guests<\/p>\n<p>Dans la grande lign\u00e9e de l\u2019Entertainment \u00e0 l\u2019am\u00e9ricaine, les artistes du Burlesque Klub pr\u00e9sentent un show d\u00e9tonnant alliant glamour et humour.<\/p>\n<p>Spectacle d\u2019effeuillage oui, mais \u00e0 mille lieu des id\u00e9es re\u00e7ues, ici le d\u00e9shabillage est vu de mani\u00e8re comique tout en r\u00e9pondant \u00e0 des codes pr\u00e9cis. Les mises en sc\u00e8nes soign\u00e9es, l\u2019esth\u00e9tique r\u00e9tro \u00e0 grand renfort de plumes et paillettes caract\u00e9risent ce spectacle empreint de bonne humeur et \u00e0 l\u2019\u00e9nergie communicative.<\/p>\n<p><strong>Le spectacle change toutes les semaines avec les artistes en rotation,<br \/>des nouveaux num\u00e9ros, et parfois des guests internationaux\u2026<\/strong><\/p>\n<p>REVUE DE PRESSE<\/p>\n<p>\u00ab Sur fond de Lipstick\u00a0, de Bardot, de rock, de glam, de strass et de paillettes, le Cabaret burlesque colore Paris de jolie coquinerie\u00a0\u00bb\u00a0LUI<br \/>\u00ab Des femmes Fatales, enj\u00f4leuses, en m\u00eame temps que des artistes totales\u00a0\u00bb\u00a0TF1<br \/>\u00ab Effeuillage glamour\u00a0, esprit coquin, jamais vulgaire, le n\u00e9o-burlesque d\u00e9tourne les codes classiques du strip-tease. Antidote \u00e0 la morosit\u00e9, l\u2019humeur est \u00e0 la com\u00e9die. Illustration parfaite avec le Cabaret Burlesque, un spectacle qui attire les regards en rendant le sourire\u00a0\u00bb\u00a0Vivre C\u00f4t\u00e9 de Paris<\/p>\n<p>P\u00e9niche sans acc\u00e8s handicap\u00e9s, arriv\u00e9e 30 mn avant le spectacle, M\u00e9tro Saint Michel ou Maubert Mutualit\u00e9, Parking Parc Maubert<\/p>\n<p>Tarif R\u00e9duit (-26, \u00e9tudiants, seniors, ch\u00f4meurs)<\/p>\n","protected":false},"excerpt":{"rendered":"Le Cabaret Burlesque (bailly Romainvilliers), un spectacle \u00e0 voir \u00e0 Paris (Centre Culturel La Ferme Corsange Bailly-Romainvilliers), le&hellip;\n","protected":false},"author":2,"featured_media":40537,"comment_status":"","ping_status":"","sticky":false,"template":"","format":"standard","meta":{"footnotes":""},"categories":[1888],"tags":[11,1777,674,1011,27,12,626,25],"class_list":{"0":"post-381297","1":"post","2":"type-post","3":"status-publish","4":"format-standard","5":"has-post-thumbnail","7":"category-paris","8":"tag-actualites","9":"tag-eu","10":"tag-europe","11":"tag-fr","12":"tag-france","13":"tag-news","14":"tag-paris","15":"tag-republique-francaise"},"share_on_mastodon":{"url":"https:\/\/pubeurope.com\/@fr\/115182360798766724","error":""},"_links":{"self":[{"href":"https:\/\/www.europesays.com\/fr\/wp-json\/wp\/v2\/posts\/381297","targetHints":{"allow":["GET"]}}],"collection":[{"href":"https:\/\/www.europesays.com\/fr\/wp-json\/wp\/v2\/posts"}],"about":[{"href":"https:\/\/www.europesays.com\/fr\/wp-json\/wp\/v2\/types\/post"}],"author":[{"embeddable":true,"href":"https:\/\/www.europesays.com\/fr\/wp-json\/wp\/v2\/users\/2"}],"replies":[{"embeddable":true,"href":"https:\/\/www.europesays.com\/fr\/wp-json\/wp\/v2\/comments?post=381297"}],"version-history":[{"count":0,"href":"https:\/\/www.europesays.com\/fr\/wp-json\/wp\/v2\/posts\/381297\/revisions"}],"wp:featuredmedia":[{"embeddable":true,"href":"https:\/\/www.europesays.com\/fr\/wp-json\/wp\/v2\/media\/40537"}],"wp:attachment":[{"href":"https:\/\/www.europesays.com\/fr\/wp-json\/wp\/v2\/media?parent=381297"}],"wp:term":[{"taxonomy":"category","embeddable":true,"href":"https:\/\/www.europesays.com\/fr\/wp-json\/wp\/v2\/categories?post=381297"},{"taxonomy":"post_tag","embeddable":true,"href":"https:\/\/www.europesays.com\/fr\/wp-json\/wp\/v2\/tags?post=381297"}],"curies":[{"name":"wp","href":"https:\/\/api.w.org\/{rel}","templated":true}]}}