{"id":381298,"date":"2025-09-10T22:28:14","date_gmt":"2025-09-10T22:28:14","guid":{"rendered":"https:\/\/www.europesays.com\/fr\/381298\/"},"modified":"2025-09-10T22:28:14","modified_gmt":"2025-09-10T22:28:14","slug":"521-interpellations-dans-tout-le-pays-dont-251-a-paris","status":"publish","type":"post","link":"https:\/\/www.europesays.com\/fr\/381298\/","title":{"rendered":"521 interpellations dans tout le pays, dont 251 \u00e0 Paris"},"content":{"rendered":"<p>\u00ab\u00a0Bloquons tout\u00a0\u00bb: 521 interpellations dans tout le pays, dont 251 \u00e0 ParisSur le m\u00eame sujet<a href=\"https:\/\/www.bfmtv.com\/politique\/video-bloquons-tout-521-interpellations-dans-tout-le-pays-dont-251-a-paris_VN-202509100959.html\" title=\"&quot;Bloquons tout&quot;: 521 interpellations dans tout le pays, dont 251 \u00e0 Paris\" rel=\"nofollow noopener\" target=\"_blank\"><img width=\"16\" height=\"9\" class=\"lozad\"  alt=\"&quot;Bloquons tout&quot;: 521 interpellations dans tout le pays, dont 251 \u00e0 Paris\"\/>en lecture\u00a0\u00bbBloquons tout\u00a0\u00bb: 521 interpellations dans tout le pays, dont 251 \u00e0 Paris<\/a><a href=\"https:\/\/www.bfmtv.com\/politique\/video-bloquons-tout-des-ce-matin-ca-a-commence-par-des-blocages-de-lycees-dans-les-secteurs-les-plus-bobos-gauchises-de-paris-lance-jean-philippe-tanguy-depute-rn_VN-202509100957.html\" title=\"&quot;Bloquons tout&quot;: &quot;D\u00e8s ce matin, \u00e7a a commenc\u00e9 par des blocages de lyc\u00e9es, dans les secteurs les plus bobos gauchis\u00e9s de Paris&quot;, lance Jean-Philippe Tanguy, D\u00e9put\u00e9 RN\" rel=\"nofollow noopener\" target=\"_blank\"><img width=\"16\" height=\"9\" class=\"lozad\"  alt=\"&quot;Bloquons tout&quot;: &quot;D\u00e8s ce matin, \u00e7a a commenc\u00e9 par des blocages de lyc\u00e9es, dans les secteurs les plus bobos gauchis\u00e9s de Paris&quot;, lance Jean-Philippe Tanguy, D\u00e9put\u00e9 RN\"\/>1:11&Prime;Bloquons tout\u00a0\u00bb: \u00ab\u00a0D\u00e8s ce matin, \u00e7a a commenc\u00e9 par des blocages de lyc\u00e9es, dans les secteurs les plus bobos gauchis\u00e9s de Paris\u00a0\u00bb, lance Jean-Philippe Tanguy, D\u00e9put\u00e9 RN<\/a><a href=\"https:\/\/www.bfmtv.com\/politique\/video-bloquons-tout-la-journee-de-mobilisation-a-travers-la-france-en-photos_VN-202509100956.html\" title=\"&quot;Bloquons tout&quot;: la journ\u00e9e de mobilisation \u00e0 travers la France en photos\" rel=\"nofollow noopener\" target=\"_blank\"><img width=\"16\" height=\"9\" class=\"lozad\"  alt=\"&quot;Bloquons tout&quot;: la journ\u00e9e de mobilisation \u00e0 travers la France en photos\"\/>2:33&Prime;Bloquons tout\u00a0\u00bb: la journ\u00e9e de mobilisation \u00e0 travers la France en photos<\/a><a href=\"https:\/\/www.bfmtv.com\/politique\/video-bloquons-tout-les-insoumis-ne-representent-pas-la-colere-insoumise-qu-ils-pretendent-incarner-lance-jean-philippe-tanguy-depute-rn_VN-202509100950.html\" title=\"&quot;Bloquons tout&quot;: &quot;Les Insoumis ne repr\u00e9sentent pas la col\u00e8re insoumise qu&#039;ils pr\u00e9tendent incarner&quot;, lance Jean-Philippe Tanguy, d\u00e9put\u00e9 RN\" rel=\"nofollow noopener\" target=\"_blank\"><img width=\"16\" height=\"9\" class=\"lozad\"  alt=\"&quot;Bloquons tout&quot;: &quot;Les Insoumis ne repr\u00e9sentent pas la col\u00e8re insoumise qu'ils pr\u00e9tendent incarner&quot;, lance Jean-Philippe Tanguy, d\u00e9put\u00e9 RN\"\/>1:05&Prime;Bloquons tout\u00a0\u00bb: \u00ab\u00a0Les Insoumis ne repr\u00e9sentent pas la col\u00e8re insoumise qu&rsquo;ils pr\u00e9tendent incarner\u00a0\u00bb, lance Jean-Philippe Tanguy, d\u00e9put\u00e9 RN<\/a><a href=\"https:\/\/www.bfmtv.com\/politique\/video-crise-economique-si-a-un-moment-ou-un-autre-il-faut-qu-on-fasse-un-effort-on-le-fera-declare-geoffroy-roux-de-bezieux-ancien-president-du-medef_VN-202509100946.html\" title=\"Crise \u00e9conomique: &quot;Si \u00e0 un moment ou un autre, il faut qu&#039;on fasse un effort, on le fera&quot;, d\u00e9clare Geoffroy Roux de B\u00e9zieux, ancien pr\u00e9sident du MEDEF\" rel=\"nofollow noopener\" target=\"_blank\"><img width=\"16\" height=\"9\" class=\"lozad\"  alt=\"Crise \u00e9conomique: &quot;Si \u00e0 un moment ou un autre, il faut qu'on fasse un effort, on le fera&quot;, d\u00e9clare Geoffroy Roux de B\u00e9zieux, ancien pr\u00e9sident du MEDEF\"\/>1:33Crise \u00e9conomique: \u00ab\u00a0Si \u00e0 un moment ou un autre, il faut qu&rsquo;on fasse un effort, on le fera\u00a0\u00bb, d\u00e9clare Geoffroy Roux de B\u00e9zieux, ancien pr\u00e9sident du MEDEF<\/a><a href=\"https:\/\/www.bfmtv.com\/politique\/video-bloquons-tout-des-tensions-entre-les-forces-de-l-ordre-et-quelques-manifestants-a-la-place-des-fetes-dans-le-19e-arrondissement-de-paris_VN-202509100944.html\" title=\"Bloquons tout: des tensions entre les forces de l&#039;ordre et quelques manifestants \u00e0 la place des F\u00eates, dans le 19\u1d49 arrondissement de Paris\" rel=\"nofollow noopener\" target=\"_blank\"><img width=\"16\" height=\"9\" class=\"lozad\"  alt=\"Bloquons tout: des tensions entre les forces de l'ordre et quelques manifestants \u00e0 la place des F\u00eates, dans le 19\u1d49 arrondissement de Paris\"\/>1:29Bloquons tout: des tensions entre les forces de l&rsquo;ordre et quelques manifestants \u00e0 la place des F\u00eates, dans le 19\u1d49 arrondissement de Paris<\/a><a href=\"https:\/\/www.bfmtv.com\/politique\/video-crise-politique-on-est-dans-un-pays-avec-une-explosion-des-inegalites-declare-denis-gravouil-secretaire-confederal-de-la-cgt_VN-202509100943.html\" title=\"Crise politique: &quot;On est dans un pays avec une explosion des in\u00e9galit\u00e9s&quot;, d\u00e9clare Denis Gravouil, secr\u00e9taire conf\u00e9d\u00e9ral de la CGT\" rel=\"nofollow noopener\" target=\"_blank\"><img width=\"16\" height=\"9\" class=\"lozad\"  alt=\"Crise politique: &quot;On est dans un pays avec une explosion des in\u00e9galit\u00e9s&quot;, d\u00e9clare Denis Gravouil, secr\u00e9taire conf\u00e9d\u00e9ral de la CGT\"\/>1:38Crise politique: \u00ab\u00a0On est dans un pays avec une explosion des in\u00e9galit\u00e9s\u00a0\u00bb, d\u00e9clare Denis Gravouil, secr\u00e9taire conf\u00e9d\u00e9ral de la CGT<\/a><a href=\"https:\/\/www.bfmtv.com\/politique\/video-crise-politique-objectivement-le-pays-n-est-pas-a-gauche-lance-geoffroy-roux-de-bezieux-ancien-president-du-medef_VN-202509100941.html\" title=\"Crise politique: &quot;Objectivement, le pays n&#039;est pas \u00e0 gauche&quot;, lance Geoffroy Roux de B\u00e9zieux, ancien pr\u00e9sident du MEDEF\" rel=\"nofollow noopener\" target=\"_blank\"><img width=\"16\" height=\"9\" class=\"lozad\"  alt=\"Crise politique: &quot;Objectivement, le pays n'est pas \u00e0 gauche&quot;, lance Geoffroy Roux de B\u00e9zieux, ancien pr\u00e9sident du MEDEF\"\/>1:11Crise politique: \u00ab\u00a0Objectivement, le pays n&rsquo;est pas \u00e0 gauche\u00a0\u00bb, lance Geoffroy Roux de B\u00e9zieux, ancien pr\u00e9sident du MEDEF<\/a><a href=\"https:\/\/www.bfmtv.com\/politique\/video-bloquons-tout-on-considere-que-l-urgence-c-est-d-abroger-le-budget-bayrou-assure-thomas-vacheron-secretaire-confederal-cgt_VN-202509100939.html\" title=\"&quot;Bloquons tout&quot;: &quot;On consid\u00e8re que l&#039;urgence c&#039;est d&#039;abroger le budget Bayrou&quot;, assure Thomas Vacheron, secr\u00e9taire conf\u00e9d\u00e9ral CGT\" rel=\"nofollow noopener\" target=\"_blank\"><img width=\"16\" height=\"9\" class=\"lozad\"  alt=\"&quot;Bloquons tout&quot;: &quot;On consid\u00e8re que l'urgence c'est d'abroger le budget Bayrou&quot;, assure Thomas Vacheron, secr\u00e9taire conf\u00e9d\u00e9ral CGT\"\/>1:55&Prime;Bloquons tout\u00a0\u00bb: \u00ab\u00a0On consid\u00e8re que l&rsquo;urgence c&rsquo;est d&rsquo;abroger le budget Bayrou\u00a0\u00bb, assure Thomas Vacheron, secr\u00e9taire conf\u00e9d\u00e9ral CGT<\/a><a href=\"https:\/\/www.bfmtv.com\/politique\/video-bloquons-tout-la-moitie-du-budget-de-l-etat-c-est-avec-l-impot-le-plus-injuste-lance-thomas-vacheron-secretaire-confederal-cgt_VN-202509100938.html\" title=\"&quot;Bloquons tout&quot;: &quot;La moiti\u00e9 du budget de l&#039;\u00c9tat, c&#039;est avec l&#039;imp\u00f4t le plus injuste&quot;, lance Thomas Vacheron, secr\u00e9taire conf\u00e9d\u00e9ral CGT\" rel=\"nofollow noopener\" target=\"_blank\"><img width=\"16\" height=\"9\" class=\"lozad\"  alt=\"&quot;Bloquons tout&quot;: &quot;La moiti\u00e9 du budget de l'\u00c9tat, c'est avec l'imp\u00f4t le plus injuste&quot;, lance Thomas Vacheron, secr\u00e9taire conf\u00e9d\u00e9ral CGT\"\/>2:26&Prime;Bloquons tout\u00a0\u00bb: \u00ab\u00a0La moiti\u00e9 du budget de l&rsquo;\u00c9tat, c&rsquo;est avec l&rsquo;imp\u00f4t le plus injuste\u00a0\u00bb, lance Thomas Vacheron, secr\u00e9taire conf\u00e9d\u00e9ral CGT<\/a><a href=\"https:\/\/www.bfmtv.com\/politique\/video-sebastien-lecornu-a-matignon-la-droite-a-mis-sur-la-table-une-sorte-de-contrat-de-gouvernement-estime-jonas-haddad-porte-parole-adjoint-des-republicains_VN-202509100935.html\" title=\"S\u00e9bastien Lecornu \u00e0 Matignon: &quot;La droite a mis sur la table une sorte de contrat de gouvernement&quot;, estime Jonas Haddad, porte-parole adjoint des R\u00e9publicains\" rel=\"nofollow noopener\" target=\"_blank\"><img width=\"16\" height=\"9\" class=\"lozad\"  alt=\"S\u00e9bastien Lecornu \u00e0 Matignon: &quot;La droite a mis sur la table une sorte de contrat de gouvernement&quot;, estime Jonas Haddad, porte-parole adjoint des R\u00e9publicains\"\/>1:23S\u00e9bastien Lecornu \u00e0 Matignon: \u00ab\u00a0La droite a mis sur la table une sorte de contrat de gouvernement\u00a0\u00bb, estime Jonas Haddad, porte-parole adjoint des R\u00e9publicains<\/a><a href=\"https:\/\/www.bfmtv.com\/politique\/video-bloquons-tout-on-travaille-on-paye-et-on-en-a-marre-de-payer-lance-jean-pierre-mercier-delegue-sud-stellantis_VN-202509100934.html\" title=\"&quot;Bloquons tout&quot;: &quot;On travaille, on paye et on en a marre de payer&quot;, lance Jean-Pierre Mercier, d\u00e9l\u00e9gu\u00e9 sud Stellantis\" rel=\"nofollow noopener\" target=\"_blank\"><img width=\"16\" height=\"9\" class=\"lozad\"  alt=\"&quot;Bloquons tout&quot;: &quot;On travaille, on paye et on en a marre de payer&quot;, lance Jean-Pierre Mercier, d\u00e9l\u00e9gu\u00e9 sud Stellantis\"\/>1:54&Prime;Bloquons tout\u00a0\u00bb: \u00ab\u00a0On travaille, on paye et on en a marre de payer\u00a0\u00bb, lance Jean-Pierre Mercier, d\u00e9l\u00e9gu\u00e9 sud Stellantis<\/a><a href=\"https:\/\/www.bfmtv.com\/politique\/video-bloquons-tout-retour-sur-une-journee-haute-en-tensions_VN-202509100929.html\" title=\"&quot;Bloquons tout&quot;: retour sur une journ\u00e9e haute en tensions\" rel=\"nofollow noopener\" target=\"_blank\"><img width=\"16\" height=\"9\" class=\"lozad\"  alt=\"&quot;Bloquons tout&quot;: retour sur une journ\u00e9e haute en tensions\"\/>3:20&Prime;Bloquons tout\u00a0\u00bb: retour sur une journ\u00e9e haute en tensions<\/a><a href=\"https:\/\/www.bfmtv.com\/politique\/video-bloquons-tout-le-bilan-de-cette-journee-de-manifestation-a-travers-le-pays_VN-202509100904.html\" title=\"Bloquons tout: le bilan de cette journ\u00e9e de manifestation \u00e0 travers le pays\" rel=\"nofollow noopener\" target=\"_blank\"><img width=\"16\" height=\"9\" class=\"lozad\"  alt=\"Bloquons tout: le bilan de cette journ\u00e9e de manifestation \u00e0 travers le pays\"\/>1:28Bloquons tout: le bilan de cette journ\u00e9e de manifestation \u00e0 travers le pays<\/a><a class=\"jumpToVideo\" target=\"_blank\"><img class=\"thumbnailPreview\"\/><\/a><\/p>\n","protected":false},"excerpt":{"rendered":"\u00ab\u00a0Bloquons tout\u00a0\u00bb: 521 interpellations dans tout le pays, dont 251 \u00e0 ParisSur le m\u00eame sujeten lecture\u00a0\u00bbBloquons tout\u00a0\u00bb: 521&hellip;\n","protected":false},"author":2,"featured_media":381299,"comment_status":"","ping_status":"","sticky":false,"template":"","format":"standard","meta":{"footnotes":""},"categories":[1888],"tags":[11,1777,674,1011,27,12,626,25],"class_list":{"0":"post-381298","1":"post","2":"type-post","3":"status-publish","4":"format-standard","5":"has-post-thumbnail","7":"category-paris","8":"tag-actualites","9":"tag-eu","10":"tag-europe","11":"tag-fr","12":"tag-france","13":"tag-news","14":"tag-paris","15":"tag-republique-francaise"},"share_on_mastodon":{"url":"https:\/\/pubeurope.com\/@fr\/115182364959929258","error":""},"_links":{"self":[{"href":"https:\/\/www.europesays.com\/fr\/wp-json\/wp\/v2\/posts\/381298","targetHints":{"allow":["GET"]}}],"collection":[{"href":"https:\/\/www.europesays.com\/fr\/wp-json\/wp\/v2\/posts"}],"about":[{"href":"https:\/\/www.europesays.com\/fr\/wp-json\/wp\/v2\/types\/post"}],"author":[{"embeddable":true,"href":"https:\/\/www.europesays.com\/fr\/wp-json\/wp\/v2\/users\/2"}],"replies":[{"embeddable":true,"href":"https:\/\/www.europesays.com\/fr\/wp-json\/wp\/v2\/comments?post=381298"}],"version-history":[{"count":0,"href":"https:\/\/www.europesays.com\/fr\/wp-json\/wp\/v2\/posts\/381298\/revisions"}],"wp:featuredmedia":[{"embeddable":true,"href":"https:\/\/www.europesays.com\/fr\/wp-json\/wp\/v2\/media\/381299"}],"wp:attachment":[{"href":"https:\/\/www.europesays.com\/fr\/wp-json\/wp\/v2\/media?parent=381298"}],"wp:term":[{"taxonomy":"category","embeddable":true,"href":"https:\/\/www.europesays.com\/fr\/wp-json\/wp\/v2\/categories?post=381298"},{"taxonomy":"post_tag","embeddable":true,"href":"https:\/\/www.europesays.com\/fr\/wp-json\/wp\/v2\/tags?post=381298"}],"curies":[{"name":"wp","href":"https:\/\/api.w.org\/{rel}","templated":true}]}}