{"id":381304,"date":"2025-09-10T22:31:17","date_gmt":"2025-09-10T22:31:17","guid":{"rendered":"https:\/\/www.europesays.com\/fr\/381304\/"},"modified":"2025-09-10T22:31:17","modified_gmt":"2025-09-10T22:31:17","slug":"les-etats-unis-approuvent-la-vente-pour-un-milliard-de-dollars-de-missiles-a-la-finlande","status":"publish","type":"post","link":"https:\/\/www.europesays.com\/fr\/381304\/","title":{"rendered":"Les \u00c9tats-Unis approuvent la vente pour un milliard de dollars de missiles \u00e0 la Finlande"},"content":{"rendered":"<p>Cette vente \u00absoutiendra \u00e9galement les objectifs de politique \u00e9trang\u00e8re et de s\u00e9curit\u00e9 nationale des \u00c9tats-Unis\u00bb.<\/p>\n<p class=\"fig-paragraph\">Les \u00c9tats-Unis ont annonc\u00e9 mercredi avoir approuv\u00e9 la vente de missiles air-air avanc\u00e9s et d&rsquo;\u00e9quipements associ\u00e9s pour un montant de plus d&rsquo;un milliard de dollars \u00e0 la Finlande, pays alli\u00e9 membre de l&rsquo;<a href=\"https:\/\/www.lefigaro.fr\/tag\/otan\" target=\"_blank\" rel=\"sponsored noopener\" data-gtm-custom-categorie=\"navigation\" data-gtm-custom-action=\"crossclick\" data-gtm-custom-label=\"Contextuel\" data-gtm-event=\"customEventSPE\">Otan<\/a>\u00a0qui partage une large fronti\u00e8re avec la Russie.<\/p>\n<p class=\"fig-paragraph\">\u00abLa vente propos\u00e9e am\u00e9liorera la capacit\u00e9 de la Finlande \u00e0 faire face aux menaces actuelles et futures et son interop\u00e9rabilit\u00e9 avec les forces am\u00e9ricaines et autres forces alli\u00e9es\u00bb, a fait savoir dans un communiqu\u00e9 l&rsquo;Agence am\u00e9ricaine de coop\u00e9ration pour la d\u00e9fense et la s\u00e9curit\u00e9 (DSCA).<\/p>\n<p>                                    <a class=\"fig-a11y-skip a11y-hidden\" href=\"#fig-a11y-skip-main-inarticle\"><br \/>\n        Passer la publicit\u00e9<br \/>\n    <\/a><\/p>\n<p class=\"fig-paragraph\">Cette vente \u00absoutiendra \u00e9galement les objectifs de politique \u00e9trang\u00e8re et de s\u00e9curit\u00e9 nationale des \u00c9tats-Unis\u00bb, a ajout\u00e9 l&rsquo;agence. Le Congr\u00e8s am\u00e9ricain doit encore valider la transaction.<\/p>\n<p class=\"fig-paragraph\">Apr\u00e8s l&rsquo;invasion de l&rsquo;Ukraine par la Russie, la Finlande a mis fin \u00e0 des ann\u00e9es de non-alignement militaire et a adh\u00e9r\u00e9 \u00e0 l&rsquo;Otan en 2023.<\/p>\n","protected":false},"excerpt":{"rendered":"Cette vente \u00absoutiendra \u00e9galement les objectifs de politique \u00e9trang\u00e8re et de s\u00e9curit\u00e9 nationale des \u00c9tats-Unis\u00bb. Les \u00c9tats-Unis ont&hellip;\n","protected":false},"author":2,"featured_media":381305,"comment_status":"","ping_status":"","sticky":false,"template":"","format":"standard","meta":{"footnotes":""},"categories":[1589],"tags":[11,6376,73,1866,8908,12,1864,1865,1863,308],"class_list":{"0":"post-381304","1":"post","2":"type-post","3":"status-publish","4":"format-standard","5":"has-post-thumbnail","7":"category-etats-unis","8":"tag-actualites","9":"tag-armes","10":"tag-etats-unis","11":"tag-etats-unis-damerique","12":"tag-missiles","13":"tag-news","14":"tag-united-states","15":"tag-united-states-of-america","16":"tag-us","17":"tag-usa"},"share_on_mastodon":{"url":"https:\/\/pubeurope.com\/@fr\/115182376755379682","error":""},"_links":{"self":[{"href":"https:\/\/www.europesays.com\/fr\/wp-json\/wp\/v2\/posts\/381304","targetHints":{"allow":["GET"]}}],"collection":[{"href":"https:\/\/www.europesays.com\/fr\/wp-json\/wp\/v2\/posts"}],"about":[{"href":"https:\/\/www.europesays.com\/fr\/wp-json\/wp\/v2\/types\/post"}],"author":[{"embeddable":true,"href":"https:\/\/www.europesays.com\/fr\/wp-json\/wp\/v2\/users\/2"}],"replies":[{"embeddable":true,"href":"https:\/\/www.europesays.com\/fr\/wp-json\/wp\/v2\/comments?post=381304"}],"version-history":[{"count":0,"href":"https:\/\/www.europesays.com\/fr\/wp-json\/wp\/v2\/posts\/381304\/revisions"}],"wp:featuredmedia":[{"embeddable":true,"href":"https:\/\/www.europesays.com\/fr\/wp-json\/wp\/v2\/media\/381305"}],"wp:attachment":[{"href":"https:\/\/www.europesays.com\/fr\/wp-json\/wp\/v2\/media?parent=381304"}],"wp:term":[{"taxonomy":"category","embeddable":true,"href":"https:\/\/www.europesays.com\/fr\/wp-json\/wp\/v2\/categories?post=381304"},{"taxonomy":"post_tag","embeddable":true,"href":"https:\/\/www.europesays.com\/fr\/wp-json\/wp\/v2\/tags?post=381304"}],"curies":[{"name":"wp","href":"https:\/\/api.w.org\/{rel}","templated":true}]}}