{"id":381310,"date":"2025-09-10T22:34:32","date_gmt":"2025-09-10T22:34:32","guid":{"rendered":"https:\/\/www.europesays.com\/fr\/381310\/"},"modified":"2025-09-10T22:34:32","modified_gmt":"2025-09-10T22:34:32","slug":"system-of-a-down-annonce-son-retour-en-europe-apres-neuf-ans-dabsence-2","status":"publish","type":"post","link":"https:\/\/www.europesays.com\/fr\/381310\/","title":{"rendered":"System Of A Down annonce son retour en Europe apr\u00e8s neuf ans d&rsquo;absence"},"content":{"rendered":"<p class=\"mb-4 text-lg md:leading-8 break-words\">Pr\u00e8s de dix ans apr\u00e8s son dernier passage, System Of A Down annonce enfin son retour en Europe. Le groupe arm\u00e9no-am\u00e9ricain, figure incontournable du metal alternatif, entamera \u00e0 l\u2019\u00e9t\u00e9 2026 une tourn\u00e9e des stades au Royaume-Uni et en Europe.<\/p>\n<p class=\"mb-4 text-lg md:leading-8 break-words\">System Of A Down se produira notamment au Stade de France de Paris, \u00e0 l&rsquo;Ippodromo Snai La Maura de Milan, \u00e0 l&rsquo;Olympiastadion de Berlin et au PGE Narodowy de Varsovie.<\/p>\n<p class=\"mb-4 text-lg md:leading-8 break-words\">Pour ne rien g\u00e2cher, ils seront rejoints par Queens of the Stone Age et par Acid Bath, qui vient de se reformer.<\/p>\n<p class=\"mb-4 text-lg md:leading-8 break-words\"><strong>Les dates de la tourn\u00e9e 2026 de System Of A Down sont les suivantes :<\/strong><\/p>\n<ul class=\"mb-4\">\n<li class=\"ml-4 list-disc\">\n<p class=\"mb-4 text-lg md:leading-8 break-words\">29 juin : Su\u00e8de, Stockholm &#8211; Strawberry Arena<\/p>\n<\/li>\n<li class=\"ml-4 list-disc\">\n<p class=\"mb-4 text-lg md:leading-8 break-words\">2 juillet : France, Paris &#8211; Stade De France<\/p>\n<\/li>\n<li class=\"ml-4 list-disc\">\n<p class=\"mb-4 text-lg md:leading-8 break-words\">6 juillet : Italie, Milan &#8211; Ippodromo Snai La Maura<\/p>\n<\/li>\n<li class=\"ml-4 list-disc\">\n<p class=\"mb-4 text-lg md:leading-8 break-words\">8 juillet : Allemagne, Berlin &#8211; Olympiastadion<\/p>\n<\/li>\n<li class=\"ml-4 list-disc\">\n<p class=\"mb-4 text-lg md:leading-8 break-words\">10 juillet : Allemagne, D\u00fcsseldorf &#8211; Open Air Park<\/p>\n<\/li>\n<li class=\"ml-4 list-disc\">\n<p class=\"mb-4 text-lg md:leading-8 break-words\">13 juillet : Royaume-Uni, Londres &#8211; Tottenham Hotspur Stadium<\/p>\n<\/li>\n<li class=\"ml-4 list-disc\">\n<p class=\"mb-4 text-lg md:leading-8 break-words\">18 juillet : Pologne, Varsovie &#8211; PGE Narodowy<\/p>\n<\/li>\n<\/ul>\n<p><img alt=\"Affiche de la tourn\u00e9e 2026 de System Of A Down\" loading=\"lazy\" width=\"808\" height=\"1206\" decoding=\"async\" data-nimg=\"1\" class=\"rounded-lg\" style=\"color:transparent\" src=\"https:\/\/www.europesays.com\/fr\/wp-content\/uploads\/2025\/09\/e1026af0f10a035c849ea8da05a174ad.jpeg\"\/><\/p>\n<p> Affiche de la tourn\u00e9e 2026 de System Of A Down   &#8211; PRESS <\/p>\n<p class=\"mb-4 text-lg md:leading-8 break-words\">Les billets seront d\u2019abord propos\u00e9s en pr\u00e9vente via inscription <a href=\"https:\/\/www.systemofadown.com\/\" rel=\"nofollow noopener\" target=\"_blank\" data-ylk=\"slk:sur le site officiel du groupe;elm:context_link;itc:0;sec:content-canvas\" class=\"link \"><strong>sur le site officiel du groupe<\/strong><\/a>, ouverte jusqu\u2019au 15 septembre, avant une mise en vente g\u00e9n\u00e9rale le 19 septembre.<\/p>\n<p class=\"mb-4 text-lg md:leading-8 break-words\">L&rsquo;annonce fait suite \u00e0 une s\u00e9rie d&rsquo;indices en d\u00e9but de semaine, le logo du groupe ayant \u00e9t\u00e9 projet\u00e9 cette semaine sur des b\u00e2timents embl\u00e9matiques \u00e0 Londres, Paris et Berlin, rapidement relay\u00e9 par les fans sur les r\u00e9seaux sociaux.<\/p>\n<p><img alt=\"System Of A Down\" loading=\"lazy\" width=\"808\" height=\"454\" decoding=\"async\" data-nimg=\"1\" class=\"rounded-lg\" style=\"color:transparent\" src=\"https:\/\/www.europesays.com\/fr\/wp-content\/uploads\/2025\/09\/fa3183ab328c2a6ea0de5ba90d1be533.jpeg\"\/><\/p>\n<p> System Of A Down   &#8211; PRESS <\/p>\n<p class=\"mb-4 text-lg md:leading-8 break-words\">N\u00e9 \u00e0 la fin des ann\u00e9es 1990, System Of A Down a marqu\u00e9 l\u2019histoire du metal avec cinq albums studio, dont Toxicity en 2001.<\/p>\n<p class=\"mb-4 text-lg md:leading-8 break-words\">Le groupe n&rsquo;a pas sorti d&rsquo;album studio depuis 2005, mais a sorti deux titres in\u00e9dits en 2020 (\u00ab\u00a0Protect the Land\u00a0\u00bb et \u00ab\u00a0Genocidal Humanoidz\u00a0\u00bb), en r\u00e9action \u00e0 la guerre du Haut-Karabakh.<\/p>\n<p class=\"mb-4 text-lg md:leading-8 break-words\">Les recettes de ces chansons ont \u00e9t\u00e9 revers\u00e9es \u00e0 l&rsquo;Armenia Fund et aux besoins humanitaires des familles d\u00e9plac\u00e9es par la guerre.<\/p>\n","protected":false},"excerpt":{"rendered":"Pr\u00e8s de dix ans apr\u00e8s son dernier passage, System Of A Down annonce enfin son retour en Europe.&hellip;\n","protected":false},"author":2,"featured_media":381311,"comment_status":"","ping_status":"","sticky":false,"template":"","format":"standard","meta":{"footnotes":""},"categories":[1586],"tags":[11,1777,674,1011,27,51449,12,626,25,473,14478,51329],"class_list":{"0":"post-381310","1":"post","2":"type-post","3":"status-publish","4":"format-standard","5":"has-post-thumbnail","7":"category-europe","8":"tag-actualites","9":"tag-eu","10":"tag-europe","11":"tag-fr","12":"tag-france","13":"tag-mise-en-vente","14":"tag-news","15":"tag-paris","16":"tag-republique-francaise","17":"tag-royaume-uni","18":"tag-stade-de-france","19":"tag-system-of-a-down"},"share_on_mastodon":{"url":"https:\/\/pubeurope.com\/@fr\/115182388579442176","error":""},"_links":{"self":[{"href":"https:\/\/www.europesays.com\/fr\/wp-json\/wp\/v2\/posts\/381310","targetHints":{"allow":["GET"]}}],"collection":[{"href":"https:\/\/www.europesays.com\/fr\/wp-json\/wp\/v2\/posts"}],"about":[{"href":"https:\/\/www.europesays.com\/fr\/wp-json\/wp\/v2\/types\/post"}],"author":[{"embeddable":true,"href":"https:\/\/www.europesays.com\/fr\/wp-json\/wp\/v2\/users\/2"}],"replies":[{"embeddable":true,"href":"https:\/\/www.europesays.com\/fr\/wp-json\/wp\/v2\/comments?post=381310"}],"version-history":[{"count":0,"href":"https:\/\/www.europesays.com\/fr\/wp-json\/wp\/v2\/posts\/381310\/revisions"}],"wp:featuredmedia":[{"embeddable":true,"href":"https:\/\/www.europesays.com\/fr\/wp-json\/wp\/v2\/media\/381311"}],"wp:attachment":[{"href":"https:\/\/www.europesays.com\/fr\/wp-json\/wp\/v2\/media?parent=381310"}],"wp:term":[{"taxonomy":"category","embeddable":true,"href":"https:\/\/www.europesays.com\/fr\/wp-json\/wp\/v2\/categories?post=381310"},{"taxonomy":"post_tag","embeddable":true,"href":"https:\/\/www.europesays.com\/fr\/wp-json\/wp\/v2\/tags?post=381310"}],"curies":[{"name":"wp","href":"https:\/\/api.w.org\/{rel}","templated":true}]}}