{"id":381314,"date":"2025-09-10T22:36:14","date_gmt":"2025-09-10T22:36:14","guid":{"rendered":"https:\/\/www.europesays.com\/fr\/381314\/"},"modified":"2025-09-10T22:36:14","modified_gmt":"2025-09-10T22:36:14","slug":"a-matignon-sebastien-lecornu-met-en-scene-ses-ruptures-liberation","status":"publish","type":"post","link":"https:\/\/www.europesays.com\/fr\/381314\/","title":{"rendered":"A Matignon, S\u00e9bastien Lecornu met en\u00a0sc\u00e8ne ses \u00abruptures\u00bb \u2013 Lib\u00e9ration"},"content":{"rendered":"<p class=\"sc-cPiKLX AiZTS text-element\">En bon fan de Papy fait de la r\u00e9sistance, dont il conna\u00eet les r\u00e9pliques par c\u0153ur, S\u00e9bastien Lecornu aurait aussi pu dire \u00e0 Fran\u00e7ois Bayrou que \u00abc\u2019est fini de se la couler douce\u00bb \u00e0 Matignon. Apr\u00e8s une cinquantaine de minutes de t\u00eate \u00e0 t\u00eate, ou d\u2019inspection, <a href=\"https:\/\/www.liberation.fr\/politique\/sebastien-lecornu-nomme-premier-ministre-on-ne-change-pas-une-equipe-qui-perd-20250909_UVNPE4TSUVB3HAV36AHH52ACME\/\" target=\"_blank\" rel=\"noopener\" title=\"https:\/\/www.liberation.fr\/politique\/sebastien-lecornu-nomme-premier-ministre-on-ne-change-pas-une-equipe-qui-perd-20250909_UVNPE4TSUVB3HAV36AHH52ACME\/\">le nouveau Premier ministre<\/a> a r\u00e9gl\u00e9 son compte \u00e0 son successeur, les yeux dans les yeux, lors de la passation de pouvoir mercredi 10 septembre \u00e0 la mi-journ\u00e9e. \u00abIl va falloir des ruptures, et pas que sur la forme, pas que dans la m\u00e9thode, des ruptures aussi sur le fond\u00bb, a l\u00e2ch\u00e9 l\u2019ex-ministre des Arm\u00e9es, 39 ans, \u00e0 Bayrou, 74 ans. \u00abEtre s\u00fbrement plus cr\u00e9atif, parfois plus technique, plus s\u00e9rieux dans la mani\u00e8re de travailler avec nos oppositions\u00bb, a-t-il cruellement d\u00e9taill\u00e9. C\u2019est-\u00e0-dire toutes les qualit\u00e9s dont le brouillon Bayrou n\u2019est pas parvenu \u00e0 faire preuve pour obtenir la cl\u00e9mence des oppositions. Trop \u00e9gotiques, le centriste et son pari de soumettre sa trajectoire budg\u00e9taire \u00e0 un <a href=\"https:\/\/www.liberation.fr\/politique\/vote-de-confiance-a-lassemblee-bayrou-enterre-macron-empetre-20250908_SHCP3OYZ5VG6FDQ4ECWXHFHFOY\/\" target=\"_blank\" rel=\"noopener\" ti=\"\" style=\"clear: both\"><\/p>\n","protected":false},"excerpt":{"rendered":"En bon fan de Papy fait de la r\u00e9sistance, dont il conna\u00eet les r\u00e9pliques par c\u0153ur, S\u00e9bastien Lecornu&hellip;\n","protected":false},"author":2,"featured_media":381315,"comment_status":"","ping_status":"","sticky":false,"template":"","format":"standard","meta":{"footnotes":""},"categories":[2],"tags":[11,1011,27,431,12,25,11067],"class_list":{"0":"post-381314","1":"post","2":"type-post","3":"status-publish","4":"format-standard","5":"has-post-thumbnail","7":"category-actualites","8":"tag-actualites","9":"tag-fr","10":"tag-france","11":"tag-francois-bayrou","12":"tag-news","13":"tag-republique-francaise","14":"tag-sebastien-lecornu"},"share_on_mastodon":{"url":"https:\/\/pubeurope.com\/@fr\/115182396187268002","error":""},"_links":{"self":[{"href":"https:\/\/www.europesays.com\/fr\/wp-json\/wp\/v2\/posts\/381314","targetHints":{"allow":["GET"]}}],"collection":[{"href":"https:\/\/www.europesays.com\/fr\/wp-json\/wp\/v2\/posts"}],"about":[{"href":"https:\/\/www.europesays.com\/fr\/wp-json\/wp\/v2\/types\/post"}],"author":[{"embeddable":true,"href":"https:\/\/www.europesays.com\/fr\/wp-json\/wp\/v2\/users\/2"}],"replies":[{"embeddable":true,"href":"https:\/\/www.europesays.com\/fr\/wp-json\/wp\/v2\/comments?post=381314"}],"version-history":[{"count":0,"href":"https:\/\/www.europesays.com\/fr\/wp-json\/wp\/v2\/posts\/381314\/revisions"}],"wp:featuredmedia":[{"embeddable":true,"href":"https:\/\/www.europesays.com\/fr\/wp-json\/wp\/v2\/media\/381315"}],"wp:attachment":[{"href":"https:\/\/www.europesays.com\/fr\/wp-json\/wp\/v2\/media?parent=381314"}],"wp:term":[{"taxonomy":"category","embeddable":true,"href":"https:\/\/www.europesays.com\/fr\/wp-json\/wp\/v2\/categories?post=381314"},{"taxonomy":"post_tag","embeddable":true,"href":"https:\/\/www.europesays.com\/fr\/wp-json\/wp\/v2\/tags?post=381314"}],"curies":[{"name":"wp","href":"https:\/\/api.w.org\/{rel}","templated":true}]}}