{"id":381318,"date":"2025-09-10T22:38:15","date_gmt":"2025-09-10T22:38:15","guid":{"rendered":"https:\/\/www.europesays.com\/fr\/381318\/"},"modified":"2025-09-10T22:38:15","modified_gmt":"2025-09-10T22:38:15","slug":"cette-ancienne-star-de-lequipe-de-france-met-un-terme-a-sa-carriere","status":"publish","type":"post","link":"https:\/\/www.europesays.com\/fr\/381318\/","title":{"rendered":"Cette ancienne star de l\u2019\u00e9quipe de France met un terme \u00e0 sa carri\u00e8re"},"content":{"rendered":"<p>        <img decoding=\"async\" loading=\"lazy\" src=\"https:\/\/www.europesays.com\/fr\/wp-content\/uploads\/2025\/09\/bb4912a_upload-1-kf6lkzv4mpgc-afp-20250910-743p2cq-v1-midres-filesfblfra.jpg\"  width=\"728\" height=\"410\" alt=\"Le gardien international Steve Mandanda, champion du monde avec l\u2019\u00e9quipe de France en 2018, a annonc\u00e9 \u00e0 l\u2019\u00e2ge de 40\u00a0ans qu\u2019il mettait un terme \u00e0 sa carri\u00e8re, le 10\u00a0septembre 2025.\"\/>  <\/p>\n<p>CHRISTOPHE SIMON \/ AFP<\/p>\n<p>Le gardien international Steve Mandanda, champion du monde avec l\u2019\u00e9quipe de France en 2018, a annonc\u00e9 \u00e0 l\u2019\u00e2ge de 40\u00a0ans qu\u2019il mettait un terme \u00e0 sa carri\u00e8re, le 10\u00a0septembre 2025.<\/p>\n<p class=\"asset asset-text\">FOOTBALL &#8211; \u00ab\u00a0Oui, j\u2019arr\u00eate\u00a0\u00bb. Le <a href=\"https:\/\/www.huffingtonpost.fr\/actualites\/article\/mandanda-positif-au-covid-deux-fois-en-trois-semaines-comment-est-ce-possible_169626.html\" target=\"_blank\" rel=\"noopener\" title=\"Nouvelle fen\u00eatre\">gardien de but <\/a>international <a href=\"https:\/\/www.huffingtonpost.fr\/sport\/article\/steve-mandanda-prend-sa-retraite-internationale_212745.html\" target=\"_blank\" rel=\"noopener\" title=\"Nouvelle fen\u00eatre\">Steve Mandanda<\/a>, champion du monde avec l\u2019\u00e9quipe de France en 2018, a annonc\u00e9 \u00e0 40 ans mettre un terme \u00e0 sa carri\u00e8re dans un entretien accord\u00e9 au journal <a href=\"https:\/\/www.lequipe.fr\/Football\/Actualites\/A-40-ans-et-apres-vingt-ans-au-plus-haut-niveau-steve-mandanda-met-fin-a-sa-carriere\/1592103\" target=\"_blank\" rel=\"noopener\" title=\"Nouvelle fen\u00eatre\">L\u2019\u00c9quipe.<\/a><\/p>\n<p class=\"asset asset-text\">\u00ab\u00a0J\u2019ai eu besoin de prendre mon temps pour l\u2019accepter, d\u00e9j\u00e0, parce que ce n\u2019est pas simple\u00a0\u00bb, a expliqu\u00e9 au quotidien l\u2019ancien gardien de l\u2019Olympique de Marseille qui compte 35 s\u00e9lections avec les Bleus.<\/p>\n<p class=\"asset asset-text\">\u00ab\u00a0J\u2019ai eu une grande p\u00e9riode de r\u00e9flexion parce que j\u2019ai eu beaucoup d\u2019appels\u00a0(NDLR\u00a0: des clubs du\u00a0Havre, de Lorient, Guingamp, Brest, Montpellier, selon L\u2019Equipe)\u00a0mais j\u2019ai dit non \u00e0 chaque fois\u00a0\u00bb, ajoute Steve Mandanda, qui \u00e9tait libre depuis le 1er juillet et la fin de son contrat avec le Stade rennais.<\/p>\n<p>    Gardien embl\u00e9matique de l\u2019OM    <\/p>\n<p class=\"asset asset-text\">Form\u00e9 au Havre, o\u00f9 il s\u2019\u00e9tait r\u00e9v\u00e9l\u00e9 en Ligue 2, Steve Mandanda avait \u00e9t\u00e9 recrut\u00e9 par l\u2019Olympique de Marseille o\u00f9 il s\u2019\u00e9tait impos\u00e9 d\u00e8s sa premi\u00e8re saison dans l\u2019\u00e9lite en 2007-2008.<\/p>\n<p class=\"asset asset-text\">Le natif de Kinshasa a pass\u00e9 la majeure partie de sa carri\u00e8re \u00e0 l\u2019OM, 14 saisons au total. Il y a remport\u00e9 un titre de champion de France en 2010, trois Coupes de la Ligue cons\u00e9cutives (2010, 2011, 2012) et deux Troph\u00e9es des champions (2010, 2011) sous la houlette de Didier Deschamps qui deviendra son s\u00e9lectionneur en Bleus \u00e0 partir de 2012.<\/p>\n<p class=\"asset asset-text\">Apr\u00e8s avoir honor\u00e9 sa premi\u00e8re s\u00e9lection en Bleu en mai 2008 sous les ordres de Raymond Domenech, Mandanda s\u2019\u00e9tait impos\u00e9 comme titulaire dans la cage fran\u00e7aise avant de perdre sa place en 2009 au profit de Hugo Lloris.<\/p>\n<p class=\"asset asset-text\">L\u2019ancien gardien de l\u2019OM est rest\u00e9 de nombreuses la doublure de Lloris, participant aux plus grandes aventures des Bleus de Deschamps, de la finale de l\u2019Euro 2016 \u00e0 domicile, \u00e0 la finale de Coupe du monde en 2022 au Qatar et \u00e9tait surtout dans le groupe lors du deuxi\u00e8me titre mondial d\u00e9croch\u00e9 en 2018 en Russie. Il avait annonc\u00e9 la fin de sa carri\u00e8re internationale en janvier 2023.<\/p>\n","protected":false},"excerpt":{"rendered":"CHRISTOPHE SIMON \/ AFP Le gardien international Steve Mandanda, champion du monde avec l\u2019\u00e9quipe de France en 2018,&hellip;\n","protected":false},"author":2,"featured_media":381319,"comment_status":"","ping_status":"","sticky":false,"template":"","format":"standard","meta":{"footnotes":""},"categories":[4],"tags":[11,37780,63,1011,27,12546,51451,12,25,517,51450],"class_list":{"0":"post-381318","1":"post","2":"type-post","3":"status-publish","4":"format-standard","5":"has-post-thumbnail","7":"category-france","8":"tag-actualites","9":"tag-champion-du-monde","10":"tag-football","11":"tag-fr","12":"tag-france","13":"tag-gardien-de-but","14":"tag-l-equipe","15":"tag-news","16":"tag-republique-francaise","17":"tag-sport","18":"tag-steve-mandanda"},"share_on_mastodon":{"url":"https:\/\/pubeurope.com\/@fr\/115182404086065919","error":""},"_links":{"self":[{"href":"https:\/\/www.europesays.com\/fr\/wp-json\/wp\/v2\/posts\/381318","targetHints":{"allow":["GET"]}}],"collection":[{"href":"https:\/\/www.europesays.com\/fr\/wp-json\/wp\/v2\/posts"}],"about":[{"href":"https:\/\/www.europesays.com\/fr\/wp-json\/wp\/v2\/types\/post"}],"author":[{"embeddable":true,"href":"https:\/\/www.europesays.com\/fr\/wp-json\/wp\/v2\/users\/2"}],"replies":[{"embeddable":true,"href":"https:\/\/www.europesays.com\/fr\/wp-json\/wp\/v2\/comments?post=381318"}],"version-history":[{"count":0,"href":"https:\/\/www.europesays.com\/fr\/wp-json\/wp\/v2\/posts\/381318\/revisions"}],"wp:featuredmedia":[{"embeddable":true,"href":"https:\/\/www.europesays.com\/fr\/wp-json\/wp\/v2\/media\/381319"}],"wp:attachment":[{"href":"https:\/\/www.europesays.com\/fr\/wp-json\/wp\/v2\/media?parent=381318"}],"wp:term":[{"taxonomy":"category","embeddable":true,"href":"https:\/\/www.europesays.com\/fr\/wp-json\/wp\/v2\/categories?post=381318"},{"taxonomy":"post_tag","embeddable":true,"href":"https:\/\/www.europesays.com\/fr\/wp-json\/wp\/v2\/tags?post=381318"}],"curies":[{"name":"wp","href":"https:\/\/api.w.org\/{rel}","templated":true}]}}