{"id":381320,"date":"2025-09-10T22:39:22","date_gmt":"2025-09-10T22:39:22","guid":{"rendered":"https:\/\/www.europesays.com\/fr\/381320\/"},"modified":"2025-09-10T22:39:22","modified_gmt":"2025-09-10T22:39:22","slug":"26-francais-a-lassaut-de-lopen-des-hauts-de-france-pas-de-calais","status":"publish","type":"post","link":"https:\/\/www.europesays.com\/fr\/381320\/","title":{"rendered":"26 Fran\u00e7ais \u00e0 l\u2019assaut de l\u2019Open des Hauts-de-France Pas-de-Calais"},"content":{"rendered":"<p>\t\t\t\t\t\t<img width=\"770\" height=\"556\" src=\"https:\/\/www.europesays.com\/fr\/wp-content\/uploads\/2025\/09\/aa-saint-omer-gc-770x556.jpg\" class=\"img-responsive wp-post-image\" alt=\"\" decoding=\"async\" fetchpriority=\"high\"  \/>\t\t\t\t\t<\/p>\n<p>\t\t\t\t\t\t Partager cet article <\/p>\n<p class=\"screen-reader-text juiz_sps_maybe_hidden_text\">Partager la publication \u00ab\u00a026 Fran\u00e7ais \u00e0 l\u2019assaut de l\u2019Open des Hauts-de-France Pas-de-Calais\u00a0\u00bb<\/p>\n<p><strong>Du 11 au 13 septembre, l\u2019Aa Saint-Omer Golf Club accueillera la 27e \u00e9dition de l\u2019Open. Un tournoi unique en Europe, mixte et inclusif, o\u00f9 s\u2019affrontent les talents montants du golf international.<\/strong><\/p>\n<p>En 2024, l\u2019Australienne <strong>Kelsey Bennett <\/strong>et l\u2019Espagnol<strong> Mario Galiano Aguilar<\/strong> s\u2019\u00e9taient impos\u00e9s lors d\u2019une \u00e9dition \u00e9court\u00e9e par la pluie. En 2025, deux jeunes amateurs r\u00e9gionales, <strong>Charlotte Bouquet <\/strong>et<strong> C\u00e9leste Darloy<\/strong>, ont \u00e9t\u00e9 invit\u00e9es \u00e0 participer pour repr\u00e9senter la rel\u00e8ve f\u00e9minine locale.<\/p>\n<p>Deux \u00e9preuves distinctes seront disput\u00e9es, une pour le calendrier de l\u2019<strong>Alps Tour,<\/strong> l\u2019autre pour le <strong>LETAS<\/strong>. Le contingent tricolore sera biej fourni avec 26 Fran\u00e7ais engag\u00e9s, avec 16 gar\u00e7ons et 10 filles.<\/p>\n<p>\t\t\t\t\t<a id=\"179385\" href=\"https:\/\/tickets.europeantour.com\/eut\/#\/c6906933-bb43-434b-a22d-0ae172a572d4\/shop\/custom-pack?fac=EUT&amp;locale=fr&amp;skin=pgaetodf&amp;utm_campaign=ODF&amp;utm_content=Ticketing&amp;utm_medium=Web&amp;utm_source=Partner&amp;utm_term=PavonGolfPlanete\" target=\"_blank\" rel=\"sponsorised nofollow noopener\"><img decoding=\"async\" src=\"data:image\/svg+xml,%3Csvg%20xmlns=\" http:=\"\" class=\"img-responsive\" alt=\"\" data-lazy-src=\"https:\/\/www.europesays.com\/fr\/wp-content\/uploads\/2025\/07\/opendefrance-e03-plateau-1407-1170x275-1.jpg\"\/><\/a><\/p>\n<blockquote class=\"instagram-media\" style=\"background: #FFF; border: 0; border-radius: 3px; box-shadow: 0 0 1px 0 rgba(0,0,0,0.5),0 1px 10px 0 rgba(0,0,0,0.15); margin: 1px; max-width: 540px; min-width: 326px; padding: 0; width: calc(100% - 2px);\" data-instgrm-captioned=\"\" data-instgrm-permalink=\"https:\/\/www.instagram.com\/p\/DNTRgJvITq4\/?utm_source=ig_embed&amp;utm_campaign=loading\" data-instgrm-version=\"14\"><p>&#13;<br \/>\n&#13;\n<\/p><\/blockquote>\n<p>\t\t\t\t\t<a id=\"172238\" href=\"https:\/\/www.proambiarritz.com\/\" target=\"_blank\" rel=\"sponsorised nofollow noopener\"><img decoding=\"async\" src=\"data:image\/svg+xml,%3Csvg%20xmlns=\" http:=\"\" class=\"img-responsive\" alt=\"\" data-lazy-src=\"https:\/\/www.europesays.com\/fr\/wp-content\/uploads\/2025\/05\/golffirst_e03-proam-biarritz-1170x275-1.gif\"\/><\/a><br \/>\nL\u2019handigolf au c\u0153ur de l\u2019\u00e9preuve<\/p>\n<p>Deux golfeurs handigolf<strong>, Issa Nlareb <\/strong>et<strong> Thomas Colombel<\/strong>, prendront part \u00e0 la comp\u00e9tition. Leur int\u00e9gration illustre la place croissante du paragolf dans ce type d\u2019\u00e9preuves et l\u2019engagement de l\u2019Open en faveur de l\u2019inclusion.<\/p>\n<p>L\u2019\u00e9v\u00e9nement conserve enfin sa dimension populaire : entr\u00e9e gratuite, initiations ouvertes \u00e0 tous et implication de jeunes du territoire dans l\u2019organisation. Sur le plan sportif, Saint-Omer offrira pendant trois jours un terrain d\u2019expression \u00e0 une diversit\u00e9 de talents, f\u00e9minins, masculins et handigolf.<\/p>\n<p>\u00a0<\/p>\n<p>\u00a0<\/p>\n<p>\u00a0<\/p>\n<p>\u00a9Aa Saint-Omer GC<\/p>\n<p>\t\t\t<script async src=\"\/\/www.instagram.com\/embed.js\"><\/script><\/p>\n","protected":false},"excerpt":{"rendered":"Partager cet article Partager la publication \u00ab\u00a026 Fran\u00e7ais \u00e0 l\u2019assaut de l\u2019Open des Hauts-de-France Pas-de-Calais\u00a0\u00bb Du 11 au&hellip;\n","protected":false},"author":2,"featured_media":381321,"comment_status":"","ping_status":"","sticky":false,"template":"","format":"standard","meta":{"footnotes":""},"categories":[1418],"tags":[1011,27,1472,60],"class_list":{"0":"post-381320","1":"post","2":"type-post","3":"status-publish","4":"format-standard","5":"has-post-thumbnail","7":"category-golf","8":"tag-fr","9":"tag-france","10":"tag-golf","11":"tag-sports"},"share_on_mastodon":{"url":"https:\/\/pubeurope.com\/@fr\/115182407792544893","error":""},"_links":{"self":[{"href":"https:\/\/www.europesays.com\/fr\/wp-json\/wp\/v2\/posts\/381320","targetHints":{"allow":["GET"]}}],"collection":[{"href":"https:\/\/www.europesays.com\/fr\/wp-json\/wp\/v2\/posts"}],"about":[{"href":"https:\/\/www.europesays.com\/fr\/wp-json\/wp\/v2\/types\/post"}],"author":[{"embeddable":true,"href":"https:\/\/www.europesays.com\/fr\/wp-json\/wp\/v2\/users\/2"}],"replies":[{"embeddable":true,"href":"https:\/\/www.europesays.com\/fr\/wp-json\/wp\/v2\/comments?post=381320"}],"version-history":[{"count":0,"href":"https:\/\/www.europesays.com\/fr\/wp-json\/wp\/v2\/posts\/381320\/revisions"}],"wp:featuredmedia":[{"embeddable":true,"href":"https:\/\/www.europesays.com\/fr\/wp-json\/wp\/v2\/media\/381321"}],"wp:attachment":[{"href":"https:\/\/www.europesays.com\/fr\/wp-json\/wp\/v2\/media?parent=381320"}],"wp:term":[{"taxonomy":"category","embeddable":true,"href":"https:\/\/www.europesays.com\/fr\/wp-json\/wp\/v2\/categories?post=381320"},{"taxonomy":"post_tag","embeddable":true,"href":"https:\/\/www.europesays.com\/fr\/wp-json\/wp\/v2\/tags?post=381320"}],"curies":[{"name":"wp","href":"https:\/\/api.w.org\/{rel}","templated":true}]}}