{"id":381322,"date":"2025-09-10T22:41:12","date_gmt":"2025-09-10T22:41:12","guid":{"rendered":"https:\/\/www.europesays.com\/fr\/381322\/"},"modified":"2025-09-10T22:41:12","modified_gmt":"2025-09-10T22:41:12","slug":"teddy-baubigny-peut-il-esperer-reintegrer-le-groupe-france","status":"publish","type":"post","link":"https:\/\/www.europesays.com\/fr\/381322\/","title":{"rendered":"Teddy Baubigny peut-il esp\u00e9rer r\u00e9int\u00e9grer le groupe France ?"},"content":{"rendered":"<p>Le talonneur du Rugby Club Toulonnais, Teddy Baubigny s\u2019est confi\u00e9 dans les colonnes du journal r\u00e9gional <a href=\"https:\/\/www.rugbyrama.fr\/2025\/09\/10\/top-14-teddy-baubigny-toulon-je-dois-viser-lexcellence-avec-le-rct-pour-esperer-retourner-en-bleus-12920606.php\" rel=\"nofollow noopener\" target=\"_blank\">Var-matin<\/a>.<\/p>\n<p>Interrog\u00e9 sur sa carri\u00e8re internationale, le solide joueur du RCT a \u00e9voqu\u00e9 son \u00e9loignement du groupe France.<\/p>\n<p>Ce-dernier n\u2019a pas \u00e9t\u00e9 convoqu\u00e9 par le s\u00e9lectionneur fran\u00e7ais Fabien Galthi\u00e9 pour la derni\u00e8re Tourn\u00e9e estivale des Bleus en Nouvelle-Z\u00e9lande.<\/p>\n<p>Teddy Baubigny a-t-il encore espoir de faire son retour en \u00e9quipe de France malgr\u00e9 la concurrence XXL qui r\u00e8gne \u00e0 ce poste avec notamment Julien Marchand, Peato Mauvaka ou encore Ga\u00ebtan Barlot et Pierre Bourgarit ?<\/p>\n<p>Teddy Baubigny est conscient des efforts qu\u2019il doit effectuer pour esp\u00e9rer rejouer avec les Bleus.<\/p>\n<p><strong>A lire ci-dessous :<\/strong><\/p>\n<p>\u00ab\u00a0J\u2019ai 27 ans, cela fait \u00e0 peu pr\u00e8s sept ans que je suis dans le circuit professionnel. J\u2019ai eu trois s\u00e9lections, je sais aussi qu\u2019il y a une hi\u00e9rarchie, des mecs qui sont bons \u00e0 mon poste. Maintenant, je dois viser l\u2019excellence avec le RCT pour esp\u00e9rer retourner en Bleus. J\u2019ai envie d\u2019y retourner. <\/p>\n<p>Pour aspirer plus haut, je dois \u00eatre meilleur, sortir plus du lot dans les actes, le leadership, dans mon efficacit\u00e9 au poste. Tout simplement, je dois devenir plus efficace dans tous les secteurs et \u00eatre plus d\u00e9cisif quand je suis sur le terrain. Je pense que ma marge de progression est l\u00e0 : \u00eatre plus d\u00e9terminant pour mon \u00e9quipe.\u00a0\u00bb<\/p>\n<p><strong>Affaire \u00e0 suivre\u2026<\/strong><\/p>\n","protected":false},"excerpt":{"rendered":"Le talonneur du Rugby Club Toulonnais, Teddy Baubigny s\u2019est confi\u00e9 dans les colonnes du journal r\u00e9gional Var-matin. Interrog\u00e9&hellip;\n","protected":false},"author":2,"featured_media":381323,"comment_status":"","ping_status":"","sticky":false,"template":"","format":"standard","meta":{"footnotes":""},"categories":[1416],"tags":[1011,27,479,1468,60],"class_list":{"0":"post-381322","1":"post","2":"type-post","3":"status-publish","4":"format-standard","5":"has-post-thumbnail","7":"category-rugby","8":"tag-fr","9":"tag-france","10":"tag-rugby","11":"tag-rugby-football","12":"tag-sports"},"share_on_mastodon":{"url":"https:\/\/pubeurope.com\/@fr\/115182415640730880","error":""},"_links":{"self":[{"href":"https:\/\/www.europesays.com\/fr\/wp-json\/wp\/v2\/posts\/381322","targetHints":{"allow":["GET"]}}],"collection":[{"href":"https:\/\/www.europesays.com\/fr\/wp-json\/wp\/v2\/posts"}],"about":[{"href":"https:\/\/www.europesays.com\/fr\/wp-json\/wp\/v2\/types\/post"}],"author":[{"embeddable":true,"href":"https:\/\/www.europesays.com\/fr\/wp-json\/wp\/v2\/users\/2"}],"replies":[{"embeddable":true,"href":"https:\/\/www.europesays.com\/fr\/wp-json\/wp\/v2\/comments?post=381322"}],"version-history":[{"count":0,"href":"https:\/\/www.europesays.com\/fr\/wp-json\/wp\/v2\/posts\/381322\/revisions"}],"wp:featuredmedia":[{"embeddable":true,"href":"https:\/\/www.europesays.com\/fr\/wp-json\/wp\/v2\/media\/381323"}],"wp:attachment":[{"href":"https:\/\/www.europesays.com\/fr\/wp-json\/wp\/v2\/media?parent=381322"}],"wp:term":[{"taxonomy":"category","embeddable":true,"href":"https:\/\/www.europesays.com\/fr\/wp-json\/wp\/v2\/categories?post=381322"},{"taxonomy":"post_tag","embeddable":true,"href":"https:\/\/www.europesays.com\/fr\/wp-json\/wp\/v2\/tags?post=381322"}],"curies":[{"name":"wp","href":"https:\/\/api.w.org\/{rel}","templated":true}]}}