{"id":381324,"date":"2025-09-10T22:42:18","date_gmt":"2025-09-10T22:42:18","guid":{"rendered":"https:\/\/www.europesays.com\/fr\/381324\/"},"modified":"2025-09-10T22:42:18","modified_gmt":"2025-09-10T22:42:18","slug":"carlos-alcaraz-presente-sa-nouvelle-coupe-de-cheveux","status":"publish","type":"post","link":"https:\/\/www.europesays.com\/fr\/381324\/","title":{"rendered":"Carlos Alcaraz pr\u00e9sente sa nouvelle coupe&#8230; de cheveux"},"content":{"rendered":"<p><strong>SCAN SPORT &#8211; <\/strong>Le nouveau n\u00b01 mondial, tout frais vainqueur de l\u2019US Open a, sur les r\u00e9seaux sociaux, publi\u00e9 son nouveau look.<\/p>\n<p class=\"fig-paragraph\">Carlos Alcaraz avait commenc\u00e9 l\u2019US Open en faisant parler de lui en se pr\u00e9sentant avec le cr\u00e2ne ras\u00e9. \u00ab Horrible\u00a0\u00bb, n\u2019avait pas h\u00e9sit\u00e9 \u00e0 trancher Frances Tiafoe apr\u00e8s le passage d\u2019Alvaro, le fr\u00e8re de Carlos Alcaraz qui s\u2019\u00e9tait improvis\u00e9 coiffeur.<\/p>\n<p class=\"fig-paragraph\"><a href=\"http:\/\/www.lefigaro.fr\/sports\/tennis\/us-open\/us-open-alcaraz-s-impose-contre-sinner-en-finale-et-lui-reprend-la-place-de-numero-1-mondial-20250907\" data-fig-type=\"NewsFlash\" data-gtm-custom-categorie=\"navigation\" data-gtm-custom-action=\"crossclick\" data-gtm-custom-label=\"Contextuel\" data-gtm-event=\"customEventSPE\" data-fig-domain=\"LEFIGARO\" target=\"_blank\" rel=\"noopener\">Titr\u00e9 ce dimanche \u00e0 New York\u00a0<\/a>(son 2e titre \u00e0 l\u2019US Open ; son 6e sacre en grand Chelem) apr\u00e8s avoir domin\u00e9 son grand rival jannik Sinner, Carlos Alcaraz, de retour au sommet du classement ATP a profit\u00e9 de l\u2019occasion pour s\u2019offrir une nouvelle coupe. Il l\u2019avait annonc\u00e9, en cas de titre\u00a0: \u00ab\u202fElle sera encore meilleure, vous verrez. Surprise, surprise.\u00a0\u00bb<\/p>\n<p>                                    <a class=\"fig-a11y-skip a11y-hidden\" href=\"#fig-a11y-skip-main-inarticle\"><br \/>\n        Passer la publicit\u00e9<br \/>\n    <\/a><\/p>\n<p class=\"fig-paragraph\">Il a donc affich\u00e9 le r\u00e9sultat, une coupe blond platine.<\/p>\n","protected":false},"excerpt":{"rendered":"SCAN SPORT &#8211; Le nouveau n\u00b01 mondial, tout frais vainqueur de l\u2019US Open a, sur les r\u00e9seaux sociaux,&hellip;\n","protected":false},"author":2,"featured_media":381325,"comment_status":"","ping_status":"","sticky":false,"template":"","format":"standard","meta":{"footnotes":""},"categories":[1415],"tags":[1011,27,4977,60,1467],"class_list":{"0":"post-381324","1":"post","2":"type-post","3":"status-publish","4":"format-standard","5":"has-post-thumbnail","7":"category-tennis","8":"tag-fr","9":"tag-france","10":"tag-le-scan-sport","11":"tag-sports","12":"tag-tennis"},"share_on_mastodon":{"url":"https:\/\/pubeurope.com\/@fr\/115182419530137456","error":""},"_links":{"self":[{"href":"https:\/\/www.europesays.com\/fr\/wp-json\/wp\/v2\/posts\/381324","targetHints":{"allow":["GET"]}}],"collection":[{"href":"https:\/\/www.europesays.com\/fr\/wp-json\/wp\/v2\/posts"}],"about":[{"href":"https:\/\/www.europesays.com\/fr\/wp-json\/wp\/v2\/types\/post"}],"author":[{"embeddable":true,"href":"https:\/\/www.europesays.com\/fr\/wp-json\/wp\/v2\/users\/2"}],"replies":[{"embeddable":true,"href":"https:\/\/www.europesays.com\/fr\/wp-json\/wp\/v2\/comments?post=381324"}],"version-history":[{"count":0,"href":"https:\/\/www.europesays.com\/fr\/wp-json\/wp\/v2\/posts\/381324\/revisions"}],"wp:featuredmedia":[{"embeddable":true,"href":"https:\/\/www.europesays.com\/fr\/wp-json\/wp\/v2\/media\/381325"}],"wp:attachment":[{"href":"https:\/\/www.europesays.com\/fr\/wp-json\/wp\/v2\/media?parent=381324"}],"wp:term":[{"taxonomy":"category","embeddable":true,"href":"https:\/\/www.europesays.com\/fr\/wp-json\/wp\/v2\/categories?post=381324"},{"taxonomy":"post_tag","embeddable":true,"href":"https:\/\/www.europesays.com\/fr\/wp-json\/wp\/v2\/tags?post=381324"}],"curies":[{"name":"wp","href":"https:\/\/api.w.org\/{rel}","templated":true}]}}