{"id":381326,"date":"2025-09-10T22:44:12","date_gmt":"2025-09-10T22:44:12","guid":{"rendered":"https:\/\/www.europesays.com\/fr\/381326\/"},"modified":"2025-09-10T22:44:12","modified_gmt":"2025-09-10T22:44:12","slug":"takaaki-nakagami-en-wild-card-a-motegi","status":"publish","type":"post","link":"https:\/\/www.europesays.com\/fr\/381326\/","title":{"rendered":"Takaaki Nakagami en wild-card \u00e0 Motegi"},"content":{"rendered":"<p>D\u00e9sormais pilote essayeur de la marque japonaise en <a href=\"https:\/\/www.autohebdo.fr\/actualites\/motogp\" data-internallinksmanager029f6b8e52c=\"4\" title=\"MotoGP\" target=\"_blank\" rel=\"noopener\">MotoGP<\/a>, Takaaki Nakagami va retrouver les paddocks \u00e0 la fin du mois de septembre, lorsqu\u2019il prendra part au Grand Prix du Japon \u00e0 Motegi sur une troisi\u00e8me Honda du HRC, en tant que wild-card. L\u2019occasion pour Honda de valider certains d\u00e9veloppements sur la moto de Nakagami, qui a le droit, en tant que wild-card, d\u2019utiliser une sp\u00e9cification de machine diff\u00e9rente de celle des deux pilotes officiels, Luca Marini et Joan Mir.<\/p>\n<p>Ce ne sera pas la premi\u00e8re apparition de Nakagami cette saison, lui qui avait d\u00e9j\u00e0 pilot\u00e9 en tant que wild-card lors du Grand Prix de France, au Mans. Il avait \u00e9galement remplac\u00e9 Luca Marini, bless\u00e9, au Mugello, et Somkiat Chantra, lui aussi en convalescence, lors du Grand Prix de Tch\u00e9quie. Un week-end qui a tourn\u00e9 court pour Nakagami, lui-m\u00eame bless\u00e9 lors de la course sprint, apr\u00e8s un contact avec la Yamaha d\u2019Augusto Fern\u00e1ndez.<\/p>\n<p><strong>\u00c0 LIRE AUSSI &gt; <a href=\"https:\/\/www.autohebdo.fr\/actualites\/motogp\/motogp-yamaha-v4-fabio-quartararo.html\" target=\"_blank\" rel=\"noopener\">Fabio Quartararo prudent face \u00e0 l\u2019arriv\u00e9e du V4 : \u00ab \u00c7a ne veut pas dire que \u00e7a va marcher \u00bb<\/a><\/strong><\/p>\n","protected":false},"excerpt":{"rendered":"D\u00e9sormais pilote essayeur de la marque japonaise en MotoGP, Takaaki Nakagami va retrouver les paddocks \u00e0 la fin&hellip;\n","protected":false},"author":2,"featured_media":381327,"comment_status":"","ping_status":"","sticky":false,"template":"","format":"standard","meta":{"footnotes":""},"categories":[1413],"tags":[1011,27,1457,1456,60],"class_list":{"0":"post-381326","1":"post","2":"type-post","3":"status-publish","4":"format-standard","5":"has-post-thumbnail","7":"category-moto","8":"tag-fr","9":"tag-france","10":"tag-moto","11":"tag-motocycle","12":"tag-sports"},"share_on_mastodon":{"url":"https:\/\/pubeurope.com\/@fr\/115182427420884962","error":""},"_links":{"self":[{"href":"https:\/\/www.europesays.com\/fr\/wp-json\/wp\/v2\/posts\/381326","targetHints":{"allow":["GET"]}}],"collection":[{"href":"https:\/\/www.europesays.com\/fr\/wp-json\/wp\/v2\/posts"}],"about":[{"href":"https:\/\/www.europesays.com\/fr\/wp-json\/wp\/v2\/types\/post"}],"author":[{"embeddable":true,"href":"https:\/\/www.europesays.com\/fr\/wp-json\/wp\/v2\/users\/2"}],"replies":[{"embeddable":true,"href":"https:\/\/www.europesays.com\/fr\/wp-json\/wp\/v2\/comments?post=381326"}],"version-history":[{"count":0,"href":"https:\/\/www.europesays.com\/fr\/wp-json\/wp\/v2\/posts\/381326\/revisions"}],"wp:featuredmedia":[{"embeddable":true,"href":"https:\/\/www.europesays.com\/fr\/wp-json\/wp\/v2\/media\/381327"}],"wp:attachment":[{"href":"https:\/\/www.europesays.com\/fr\/wp-json\/wp\/v2\/media?parent=381326"}],"wp:term":[{"taxonomy":"category","embeddable":true,"href":"https:\/\/www.europesays.com\/fr\/wp-json\/wp\/v2\/categories?post=381326"},{"taxonomy":"post_tag","embeddable":true,"href":"https:\/\/www.europesays.com\/fr\/wp-json\/wp\/v2\/tags?post=381326"}],"curies":[{"name":"wp","href":"https:\/\/api.w.org\/{rel}","templated":true}]}}