{"id":381328,"date":"2025-09-10T22:45:16","date_gmt":"2025-09-10T22:45:16","guid":{"rendered":"https:\/\/www.europesays.com\/fr\/381328\/"},"modified":"2025-09-10T22:45:16","modified_gmt":"2025-09-10T22:45:16","slug":"un-joueur-enorme-est-annonce-au-psg-cest-la-folie-a-letranger","status":"publish","type":"post","link":"https:\/\/www.europesays.com\/fr\/381328\/","title":{"rendered":"Un \u00abjoueur \u00e9norme\u00bb est annonc\u00e9 au PSG : C&rsquo;est la folie \u00e0 l&rsquo;\u00e9tranger !"},"content":{"rendered":"<p>                    Arthur Montagne<br \/>\n                        &#8211;<\/p>\n<p>Journaliste<\/p>\n<p>Affam\u00e9 de sport, il a grandi au son des moteurs de Formule 1 et des exploits de Ronaldinho. Aujourd\u2019hui, diplom\u00e9 d&rsquo;un Master de journalisme de sport, il ne rate plus un Grand Prix de F1 ni un match du PSG, ses deux passions et sp\u00e9cialit\u00e9s<\/p>\n<p class=\"heading\">C&rsquo;est probablement l&rsquo;un des plus gros coups sur le mercato ces derni\u00e8res ann\u00e9es. Il y a un peu plus d&rsquo;un an, le PSG l\u00e2chait en effet 60M\u20ac, hors bonus pour recruter Joao Neves qui s&rsquo;est impos\u00e9 comme un joueur cl\u00e9 \u00e0 Paris, mais \u00e9galement avec la s\u00e9lection portugaise. D&rsquo;ailleurs, sa derni\u00e8re prestation avec la s\u00e9lection lusitanienne n&rsquo;a pas manqu\u00e9 d&rsquo;\u00eatre salu\u00e9e.<\/p>\n<p>On avait laiss\u00e9 <a href=\"https:\/\/le10sport.com\/football\/mercato\/joao-neves-loffre-qui-va-traumatiser-le-psg-752820\" rel=\"nofollow noopener\" target=\"_blank\">Joao Neves<\/a> sur un tripl\u00e9 sensationnel \u00e0 <strong>Toulouse <\/strong>avant la tr\u00eave, on le retrouve toujours aussi flamboyant en s\u00e9lection. Titulaire lors de la large victoire du Portugal en Arm\u00e9nie (5-0), le milieu de terrain du <strong>PSG <\/strong>\u00e9tait de nouveau align\u00e9 dans le c\u0153ur du jeu de la s\u00e9lection lusitanienne qui s&rsquo;est impos\u00e9e en Hongrie (3-2) mardi soir. Et sa prestation a fait l&rsquo;unanimit\u00e9 dans la presse portugaise.<\/p>\n<p>                                            Joao Neves choque le Portugal<\/p>\n<p>Ainsi, O Jogo a \u00e9t\u00e9 particuli\u00e8rement enthousiasm\u00e9 par la prestation de <strong>Joao Neves<\/strong> lui attribuant la note de 7\/10. \u00ab Encore un grand match d&rsquo;un joueur \u00e9norme. Il a rempli le terrain en r\u00e9cup\u00e9rant des ballons et en faisant jouer son \u00e9quipe. Il a m\u00eame failli inscrire un superbe but \u00e0 la 32e minute, mais le gardien a r\u00e9alis\u00e9 un arr\u00eat sensationnel \u00bb, \u00e9crit le quotidien portugais pro-<strong>Porto <\/strong>au sujet de l&rsquo;ancien milieu de terrain de <strong>Benfica<\/strong>.<\/p>\n<p>                                            \u00abEncore un grand match d&rsquo;un joueur \u00e9norme\u00bb<\/p>\n<p>A Bola est l\u00e9g\u00e8rement moins g\u00e9n\u00e9reux en attribuant la note de 6\/10 mais se montre tout de m\u00eame dithyrambique au sujet de <strong>Joao Neves<\/strong> : \u00ab Il n&rsquo;est pas le plus grand, le plus lourd, le plus fort, mais il est pr\u00e9sent dans presque tous les duels et dans tous ceux qui font appel au talent et \u00e0 la perspicacit\u00e9. Il devait bien agacer ses camarades de classe \u00e0 la r\u00e9cr\u00e9ation, avec son air innocent qui cachait tant de combativit\u00e9. \u00bb Le milieu de terrain du <strong>PSG<\/strong>, recrut\u00e9 pour 60M\u20ac il y a un peu plus d&rsquo;un an a donc pris une nouvelle dimension.<\/p>\n","protected":false},"excerpt":{"rendered":"Arthur Montagne &#8211; Journaliste Affam\u00e9 de sport, il a grandi au son des moteurs de Formule 1 et&hellip;\n","protected":false},"author":2,"featured_media":381329,"comment_status":"","ping_status":"","sticky":false,"template":"","format":"standard","meta":{"footnotes":""},"categories":[1412],"tags":[1451,1452,1453,1454,1455,1011,27,60],"class_list":{"0":"post-381328","1":"post","2":"type-post","3":"status-publish","4":"format-standard","5":"has-post-thumbnail","7":"category-f1","8":"tag-f1","9":"tag-formula-1","10":"tag-formula1","11":"tag-formule-1","12":"tag-formule1","13":"tag-fr","14":"tag-france","15":"tag-sports"},"share_on_mastodon":{"url":"https:\/\/pubeurope.com\/@fr\/115182431388928317","error":""},"_links":{"self":[{"href":"https:\/\/www.europesays.com\/fr\/wp-json\/wp\/v2\/posts\/381328","targetHints":{"allow":["GET"]}}],"collection":[{"href":"https:\/\/www.europesays.com\/fr\/wp-json\/wp\/v2\/posts"}],"about":[{"href":"https:\/\/www.europesays.com\/fr\/wp-json\/wp\/v2\/types\/post"}],"author":[{"embeddable":true,"href":"https:\/\/www.europesays.com\/fr\/wp-json\/wp\/v2\/users\/2"}],"replies":[{"embeddable":true,"href":"https:\/\/www.europesays.com\/fr\/wp-json\/wp\/v2\/comments?post=381328"}],"version-history":[{"count":0,"href":"https:\/\/www.europesays.com\/fr\/wp-json\/wp\/v2\/posts\/381328\/revisions"}],"wp:featuredmedia":[{"embeddable":true,"href":"https:\/\/www.europesays.com\/fr\/wp-json\/wp\/v2\/media\/381329"}],"wp:attachment":[{"href":"https:\/\/www.europesays.com\/fr\/wp-json\/wp\/v2\/media?parent=381328"}],"wp:term":[{"taxonomy":"category","embeddable":true,"href":"https:\/\/www.europesays.com\/fr\/wp-json\/wp\/v2\/categories?post=381328"},{"taxonomy":"post_tag","embeddable":true,"href":"https:\/\/www.europesays.com\/fr\/wp-json\/wp\/v2\/tags?post=381328"}],"curies":[{"name":"wp","href":"https:\/\/api.w.org\/{rel}","templated":true}]}}