{"id":381330,"date":"2025-09-10T22:46:12","date_gmt":"2025-09-10T22:46:12","guid":{"rendered":"https:\/\/www.europesays.com\/fr\/381330\/"},"modified":"2025-09-10T22:46:12","modified_gmt":"2025-09-10T22:46:12","slug":"il-me-reste-de-la-motivation-a-lapproche-des-mondiaux-tadej-pogacar-debarque-regenere-a-quebec-lequipe","status":"publish","type":"post","link":"https:\/\/www.europesays.com\/fr\/381330\/","title":{"rendered":"\u00abIl me reste de la motivation\u00bb : \u00e0 l&#039;approche des Mondiaux, Tadej Pogacar d\u00e9barque r\u00e9g\u00e9n\u00e9r\u00e9 \u00e0 Qu\u00e9bec &#8211; L&#039;\u00c9quipe"},"content":{"rendered":"<ol>\n<li><a href=\"https:\/\/news.google.com\/rss\/articles\/CBMi7gFBVV95cUxNektZNVpVb2poZ3dsRWM1Zmo0QmhxcDBRRlJ2WFBzNVdnWFZOVFRROG56NlU4MU9aUHRrb3B1RHlKMmIxbWhBX0diT0tENDBZVjlldnNmWjU4Qkc5MUJ1TW40MkZxQ3phSXNldWpaT3VvZjNLUmpKOXlWLVJldHNQazNjTFl2anZIaWVGUXdFTHZnWFY5aVNWdmFuTTE1QkxGZGhWLWJDMU82Z2tYbUo5Um9NWDQySkQ4bmFZbmUtQmdxX3NKcnBoeFhKS3dGYUpuMkNFWDNOa2U2WFpwaHhTM0F3dmJhb1Fib0dwaDZn?oc=5\" target=\"_blank\" rel=\"nofollow noopener\">\u00abIl me reste de la motivation\u00bb : \u00e0 l&rsquo;approche des Mondiaux, Tadej Pogacar d\u00e9barque r\u00e9g\u00e9n\u00e9r\u00e9 \u00e0 Qu\u00e9bec<\/a>&nbsp;&nbsp;L&rsquo;\u00c9quipe<\/li>\n<li><a href=\"https:\/\/news.google.com\/rss\/articles\/CBMi7AFBVV95cUxQREZfdTZxNDN2Ulc2cUVpZEczUDhmQWpnX2R6ZXFJUDN3ZE1STEFUWm95RnpoV0toejBXeDlPZFlkblNaLVl6aGhsM2pxeUFmZHhzRWNOTElRcl9lQ2ZJUHV4dXNlQV9iWU5KaVUyTnFBeU91NjQ5RXFMWkt0UG8tMlNFYzBPUmJIRW5fQ1B3T1ZNVE0wZjd6OFZCX25leC1FaTRESVpXM2tZSFlLREotWkxaSkRvX3hsWWlSNlpjSVI5MGotMnRXY2dHSTZUUW80MzhrTlZvMDE5Y3BXa1lrTmEydGtoZ1dJelRNTg?oc=5\" target=\"_blank\" rel=\"nofollow noopener\">Oubli\u00e9e, la lassitude : Pogi est en pleine forme<\/a>&nbsp;&nbsp;Eurosport<\/li>\n<li><a href=\"https:\/\/news.google.com\/rss\/articles\/CBMihgJBVV95cUxNbEFjdF9Nc2ZoZUZGWW1Rc0swaHRDM1ZEWnU3cGZsZlR6VVVhUzcxeEdxMFdxWDNwN3RKWGJTcG5QYnEzRGc0NTU1RTVMTG9pOTJWRzBjSl9iRWdvTl9ES0pwRllGNFhOZF9hYUJBNEpyQWVRLVhSWHdXLXhlYXFSTWhKRkwyWGNhaWJWejdHWllWYkxOWDg4OGVMUmNKckJWVDAtZE5UZGMydzFpUExNWVRIajRTV2VkaEs4SXF2RkQ1VUg4RXY0VlFGeFF3eUpCS1lqSmZFUjMyQmJKaUpmUHpMS01CLTJ4MXB5c2J0R2NSVVNIN21seXNybGd2RGhKSG12RFJ3?oc=5\" target=\"_blank\" rel=\"nofollow noopener\">GP de Qu\u00e9bec et de Montr\u00e9al. Une grande partie du peloton bloqu\u00e9e \u00e0 Paris apr\u00e8s une panne d\u2019avion<\/a>&nbsp;&nbsp;Ouest-France<\/li>\n<li><a href=\"https:\/\/news.google.com\/rss\/articles\/CBMi3wFBVV95cUxOenhvcWRkTDNRWnZMY0pHNDY4X28wUjJjbHNqalpHS29lU3RXaGNKbkpIVWJ3NlByTmV0TDhTNHNEYmRZMFNrSkhHV1lNUWRMczhkd2pIb0M2WG1LaG1uTVFld1BXalhETkVvTDJfSUs4RFg5SU1YVVBYZEdYZDNjdm03Z2xyVWdWTWotWjRnOF9DaFowVmZVZ3dTaktuZ1FBZFhEWXFfbTlWXzZibXNBcnlIZXpqMENRcWd2WE5QOE1TY0lWNUlDZl82UVo2czRTamt6d1RYaE9ueDFTR3Fr?oc=5\" target=\"_blank\" rel=\"nofollow noopener\">Cyclisme. Tadej Pogacar, la derni\u00e8re ligne droite de sa saison commence au Canada . Sport<\/a>&nbsp;&nbsp;Maville<\/li>\n<li><a href=\"https:\/\/news.google.com\/rss\/articles\/CBMijwJBVV95cUxNX0tYNElhbU5QbS1ac09ucE53cmotOUtwTnNIQkVuUE5fVlRpOWRFTFNNUWdYeHVnYjZwMFI5TkVIOGNTVzhubnJfZVFFbWt3VHdUZVF1eTBsMExUUjBHWXRJbFZ0andOLW9iUmZEM2VtZnFiemloZ1o4VEszdl9GdkdqYnR0X0llSXNOemVRNHlaaFdOQlZVUVJrZW1EN0RZcWNZY1I3ODJDV0pDNUZCNGROZDN0b3pFaE15VTdTek1keVIzVDNBcEdnUEgwVXZJNzhQVE9lQklqYWgteFg5R3B0SjItd3JNaXd0SzQ3Tkx6cEFDV0p0ck8yR0hSV3NqTmV1QWhDM0lMaGRLbjdz?oc=5\" target=\"_blank\" rel=\"nofollow noopener\">\u00ab\u00a0Je ne sais pas pourquoi \u00e7a a fait autant de bruit\u00a0\u00bb: Pogacar calme le jeu apr\u00e8s les d\u00e9bats sur sa fatigue mentale<\/a>&nbsp;&nbsp;RMC Sport<\/li>\n<\/ol>\n","protected":false},"excerpt":{"rendered":"\u00abIl me reste de la motivation\u00bb : \u00e0 l&rsquo;approche des Mondiaux, Tadej Pogacar d\u00e9barque r\u00e9g\u00e9n\u00e9r\u00e9 \u00e0 Qu\u00e9bec&nbsp;&nbsp;L&rsquo;\u00c9quipe Oubli\u00e9e,&hellip;\n","protected":false},"author":2,"featured_media":381331,"comment_status":"","ping_status":"","sticky":false,"template":"","format":"standard","meta":{"footnotes":""},"categories":[1411],"tags":[1154,207,1011,27,60],"class_list":{"0":"post-381330","1":"post","2":"type-post","3":"status-publish","4":"format-standard","5":"has-post-thumbnail","7":"category-cyclisme","8":"tag-cycling","9":"tag-cyclisme","10":"tag-fr","11":"tag-france","12":"tag-sports"},"share_on_mastodon":{"url":"https:\/\/pubeurope.com\/@fr\/115182435302035078","error":""},"_links":{"self":[{"href":"https:\/\/www.europesays.com\/fr\/wp-json\/wp\/v2\/posts\/381330","targetHints":{"allow":["GET"]}}],"collection":[{"href":"https:\/\/www.europesays.com\/fr\/wp-json\/wp\/v2\/posts"}],"about":[{"href":"https:\/\/www.europesays.com\/fr\/wp-json\/wp\/v2\/types\/post"}],"author":[{"embeddable":true,"href":"https:\/\/www.europesays.com\/fr\/wp-json\/wp\/v2\/users\/2"}],"replies":[{"embeddable":true,"href":"https:\/\/www.europesays.com\/fr\/wp-json\/wp\/v2\/comments?post=381330"}],"version-history":[{"count":0,"href":"https:\/\/www.europesays.com\/fr\/wp-json\/wp\/v2\/posts\/381330\/revisions"}],"wp:featuredmedia":[{"embeddable":true,"href":"https:\/\/www.europesays.com\/fr\/wp-json\/wp\/v2\/media\/381331"}],"wp:attachment":[{"href":"https:\/\/www.europesays.com\/fr\/wp-json\/wp\/v2\/media?parent=381330"}],"wp:term":[{"taxonomy":"category","embeddable":true,"href":"https:\/\/www.europesays.com\/fr\/wp-json\/wp\/v2\/categories?post=381330"},{"taxonomy":"post_tag","embeddable":true,"href":"https:\/\/www.europesays.com\/fr\/wp-json\/wp\/v2\/tags?post=381330"}],"curies":[{"name":"wp","href":"https:\/\/api.w.org\/{rel}","templated":true}]}}