{"id":381332,"date":"2025-09-10T22:47:10","date_gmt":"2025-09-10T22:47:10","guid":{"rendered":"https:\/\/www.europesays.com\/fr\/381332\/"},"modified":"2025-09-10T22:47:10","modified_gmt":"2025-09-10T22:47:10","slug":"le-bayern-a-pense-a-gouiri","status":"publish","type":"post","link":"https:\/\/www.europesays.com\/fr\/381332\/","title":{"rendered":"Le Bayern a pens\u00e9 \u00e0 Gouiri"},"content":{"rendered":"<p><strong><\/p>\n<p>Le Bayern Munich aurait pens\u00e9 \u00e0 Amine Gouiri en fin de mercato pour renforcer son secteur offensif.<\/p>\n<p><\/strong><\/p>\n<p>D\u00e9barqu\u00e9 cet hiver, en feu lors de ses six premiers mois dans la cit\u00e9 phoc\u00e9enne, <strong>Amine Gouiri semble avoir plus de mal en ce d\u00e9but d\u2019exercice<\/strong>. Rien d\u2019alarmant pour un joueur qui devrait r\u00e9agir et apporter toutes ses qualit\u00e9s aux hommes de Roberto De Zerbi.<\/p>\n<p>Des prestations convaincantes avec les Phoc\u00e9ens la saison derni\u00e8re <strong>qui ont pouss\u00e9 le Bayern \u00e0 s\u2019int\u00e9resser \u00e0 l\u2019attaquant alg\u00e9rien<\/strong>. D\u2019apr\u00e8s les \u00e9chos de Footmercato, <strong>les dirigeants bavarois ont plac\u00e9 Gouiri sur leur short-list en fin de mercato<\/strong>. Mais le joueur de 25 ans <strong>a pr\u00e9f\u00e9r\u00e9 rester<\/strong> et poursuivre l\u2019aventure sur la Canebi\u00e8re, preuve du projet ambitieux mis en place depuis plusieurs saisons.<\/p>\n","protected":false},"excerpt":{"rendered":"Le Bayern Munich aurait pens\u00e9 \u00e0 Amine Gouiri en fin de mercato pour renforcer son secteur offensif. D\u00e9barqu\u00e9&hellip;\n","protected":false},"author":2,"featured_media":381333,"comment_status":"","ping_status":"","sticky":false,"template":"","format":"standard","meta":{"footnotes":""},"categories":[1410],"tags":[63,1011,27,60],"class_list":{"0":"post-381332","1":"post","2":"type-post","3":"status-publish","4":"format-standard","5":"has-post-thumbnail","7":"category-football","8":"tag-football","9":"tag-fr","10":"tag-france","11":"tag-sports"},"share_on_mastodon":{"url":"https:\/\/pubeurope.com\/@fr\/115182439282158334","error":""},"_links":{"self":[{"href":"https:\/\/www.europesays.com\/fr\/wp-json\/wp\/v2\/posts\/381332","targetHints":{"allow":["GET"]}}],"collection":[{"href":"https:\/\/www.europesays.com\/fr\/wp-json\/wp\/v2\/posts"}],"about":[{"href":"https:\/\/www.europesays.com\/fr\/wp-json\/wp\/v2\/types\/post"}],"author":[{"embeddable":true,"href":"https:\/\/www.europesays.com\/fr\/wp-json\/wp\/v2\/users\/2"}],"replies":[{"embeddable":true,"href":"https:\/\/www.europesays.com\/fr\/wp-json\/wp\/v2\/comments?post=381332"}],"version-history":[{"count":0,"href":"https:\/\/www.europesays.com\/fr\/wp-json\/wp\/v2\/posts\/381332\/revisions"}],"wp:featuredmedia":[{"embeddable":true,"href":"https:\/\/www.europesays.com\/fr\/wp-json\/wp\/v2\/media\/381333"}],"wp:attachment":[{"href":"https:\/\/www.europesays.com\/fr\/wp-json\/wp\/v2\/media?parent=381332"}],"wp:term":[{"taxonomy":"category","embeddable":true,"href":"https:\/\/www.europesays.com\/fr\/wp-json\/wp\/v2\/categories?post=381332"},{"taxonomy":"post_tag","embeddable":true,"href":"https:\/\/www.europesays.com\/fr\/wp-json\/wp\/v2\/tags?post=381332"}],"curies":[{"name":"wp","href":"https:\/\/api.w.org\/{rel}","templated":true}]}}