{"id":381336,"date":"2025-09-10T22:49:12","date_gmt":"2025-09-10T22:49:12","guid":{"rendered":"https:\/\/www.europesays.com\/fr\/381336\/"},"modified":"2025-09-10T22:49:12","modified_gmt":"2025-09-10T22:49:12","slug":"londres-banksy-efface-blast-le-souffle-de-linfo","status":"publish","type":"post","link":"https:\/\/www.europesays.com\/fr\/381336\/","title":{"rendered":"Londres : Banksy effac\u00e9 &#8211; Blast le souffle de l\u2019info"},"content":{"rendered":"<p class=\"text-white xl:text-lg xl:leading-tight\"> Blast, le souffle de l\u2019info est un site de presse en ligne d\u2019information g\u00e9n\u00e9rale et une web tv cr\u00e9\u00e9s par le journaliste Denis Robert. M\u00e9dia libre et ind\u00e9pendant, affranchi de toute pression industrielle ou financi\u00e8re, Blast participe \u00e0 la lutte anti-corruption, \u00e0 la d\u00e9fense de la libert\u00e9 d\u2019expression et de la d\u00e9mocratie. Blast est un m\u00e9dia au service des citoyens et de l\u2019int\u00e9r\u00eat g\u00e9n\u00e9ral. <\/p>\n","protected":false},"excerpt":{"rendered":"Blast, le souffle de l\u2019info est un site de presse en ligne d\u2019information g\u00e9n\u00e9rale et une web tv&hellip;\n","protected":false},"author":2,"featured_media":381337,"comment_status":"","ping_status":"","sticky":false,"template":"","format":"standard","meta":{"footnotes":""},"categories":[1358],"tags":[1348,1384,1385,1386,58,59,1011,27],"class_list":{"0":"post-381336","1":"post","2":"type-post","3":"status-publish","4":"format-standard","5":"has-post-thumbnail","7":"category-arts-et-design","8":"tag-arts","9":"tag-arts-and-design","10":"tag-arts-et-design","11":"tag-design","12":"tag-divertissement","13":"tag-entertainment","14":"tag-fr","15":"tag-france"},"share_on_mastodon":{"url":"https:\/\/pubeurope.com\/@fr\/115182447104475947","error":""},"_links":{"self":[{"href":"https:\/\/www.europesays.com\/fr\/wp-json\/wp\/v2\/posts\/381336","targetHints":{"allow":["GET"]}}],"collection":[{"href":"https:\/\/www.europesays.com\/fr\/wp-json\/wp\/v2\/posts"}],"about":[{"href":"https:\/\/www.europesays.com\/fr\/wp-json\/wp\/v2\/types\/post"}],"author":[{"embeddable":true,"href":"https:\/\/www.europesays.com\/fr\/wp-json\/wp\/v2\/users\/2"}],"replies":[{"embeddable":true,"href":"https:\/\/www.europesays.com\/fr\/wp-json\/wp\/v2\/comments?post=381336"}],"version-history":[{"count":0,"href":"https:\/\/www.europesays.com\/fr\/wp-json\/wp\/v2\/posts\/381336\/revisions"}],"wp:featuredmedia":[{"embeddable":true,"href":"https:\/\/www.europesays.com\/fr\/wp-json\/wp\/v2\/media\/381337"}],"wp:attachment":[{"href":"https:\/\/www.europesays.com\/fr\/wp-json\/wp\/v2\/media?parent=381336"}],"wp:term":[{"taxonomy":"category","embeddable":true,"href":"https:\/\/www.europesays.com\/fr\/wp-json\/wp\/v2\/categories?post=381336"},{"taxonomy":"post_tag","embeddable":true,"href":"https:\/\/www.europesays.com\/fr\/wp-json\/wp\/v2\/tags?post=381336"}],"curies":[{"name":"wp","href":"https:\/\/api.w.org\/{rel}","templated":true}]}}