{"id":381340,"date":"2025-09-10T22:51:13","date_gmt":"2025-09-10T22:51:13","guid":{"rendered":"https:\/\/www.europesays.com\/fr\/381340\/"},"modified":"2025-09-10T22:51:13","modified_gmt":"2025-09-10T22:51:13","slug":"tes-riche-tu-fermes-ta-guule-geraldine-maillet-sen-prend-a-raymond-aabou-lors-dun-debat-houleux-gilles-verdez-monte-au-creneau-video","status":"publish","type":"post","link":"https:\/\/www.europesays.com\/fr\/381340\/","title":{"rendered":"\u201cT\u2019es riche, tu fermes ta gu*ule\u201d : G\u00e9raldine Maillet s\u2019en prend \u00e0 Raymond Aabou lors d\u2019un d\u00e9bat houleux, Gilles Verdez monte au cr\u00e9neau (VID\u00c9O)"},"content":{"rendered":"<p>Ce mercredi 10 septembre, nos confr\u00e8res de l&rsquo;Equipe ont publi\u00e9 un long dossier sur Kylian Mbapp\u00e9 dans lequel le footballeur intervient. Il a notamment confi\u00e9 : \u00ab\u00a0Plus tu as d&rsquo;argent, plus tu as de probl\u00e8mes.\u00a0Si je n&rsquo;avais pas cette passion, le monde du football m&rsquo;aurait d\u00e9go\u00fbt\u00e9 depuis longtemps&#8230;\u00a0Je suis fataliste sur ce qu&rsquo;est le monde du foot (&#8230;) Certains ne voient pas que ta vie change, ils veulent garder l&rsquo;image de toi enfant, quand tu \u00e9tais avec eux &#8230; Mais tu n&rsquo;es plus le m\u00eame : tu as des responsabilit\u00e9s, des engagements, des comptes \u00e0 rendre\u00a0\u00bb. Une citation reprise par les \u00e9quipes de Tout beau tout n9uf et d\u00e9battue ce soir, mercredi 10 septembre, sur le plateau de W9.<\/p>\n<p><a id=\"eztoc103292207_1\"\/><strong>Le ton monte entre G\u00e9raldine et Raymond\u00a0<\/strong><\/p>\n<p>Et disons que le d\u00e9bat a \u00e9t\u00e9 houleux entre Raymond, G\u00e9raldine et Gilles. \u00ab\u00a0On va rappeler, Raymond, ce que vous disiez pour les t\u00e9l\u00e9spectateurs qui nous rejoignent. Vous disiez quoi ? C&rsquo;\u00e9tait quoi votre coup de gueule ?\u00a0\u00bb, a demand\u00e9 Cyril Hanouna. Puis Raymond Aabou de s&rsquo;expliquer : \u00ab\u00a0Je disais que Kylian Mbapp\u00e9 s&rsquo;\u00e9tait plaint que plus t&rsquo;as de l&rsquo;argent, plus t&rsquo;as de probl\u00e8mes. Et moi je disais c&rsquo;est mieux de ne rien dire, en fait\u00a0\u00bb. Il a rapidement\u00a0\u00e9t\u00e9 interrompu par la compagne de Daniel Riolo qui lui a lanc\u00e9 un : \u00ab\u00a0Tu veux b\u00e2illonner\u00a0les gens, donc, toi. T&rsquo;es contre la\u00a0libert\u00e9 d&rsquo;expression\u00a0\u00bb.\u00a0<\/p>\n<p>\u00ab\u00a0Pendant que lui, il touche 4 millions par mois&#8230; En fait, les gens, ils ont ces probl\u00e8mes-l\u00e0, mais sans l&rsquo;argent. Les gens ont des probl\u00e8mes sans l&rsquo;argent. (\u2026) Arr\u00eatez de parler de probl\u00e8mes !\u00a0\u00bb, s&rsquo;est insurg\u00e9 le chroniqueur. Puis G\u00e9raldine Maillet de l&rsquo;interrompre de nouveau et de s&rsquo;insurger : \u00ab\u00a0Mais quand t&rsquo;es accus\u00e9, par exemple, d&rsquo;avoir viol\u00e9 quelqu&rsquo;un en Su\u00e8de&#8230; C&rsquo;est pas les m\u00eames probl\u00e8mes. Donc c&rsquo;est pas grave ? Donc tu fermes ta gue*le, en fait ?\u00a0T&rsquo;es riche, c&rsquo;est pas grave. Donc t&rsquo;es riche, tu fermes ta gu*ule, tu te d\u00e9fends pas. Comment \u00e7a se passe ? T&rsquo;as juste le droit de te d\u00e9fendre si t&rsquo;es pauvre ?\u00a0\u00bb.\u00a0<\/p>\n<p><a id=\"eztoc103292207_2\"\/><strong>Gilles Verdez monte au cr\u00e9neau\u00a0<\/strong><\/p>\n<p>Elle en a ensuite remis\u00a0une couche : \u00ab\u00a0T&rsquo;es tellement d\u00e9magogue !\u00a0On a le droit de se plaindre.\u00a0On a le droit d&rsquo;avoir des moments difficiles dans la vie. On a le droit d&rsquo;avoir de la famille malade. On a le droit d&rsquo;avoir des moments&#8230; Je comprends pas tes \u0153ill\u00e8res comme \u00e7a.\u00a0Tu veux tellement \u00eatre le porte-parole des plus pauvres, des plus pr\u00e9caires. Genre : &lsquo;Oui, moi, j&rsquo;ai \u00e9t\u00e9 camionneur, moi, j&rsquo;ai \u00e9t\u00e9 pauvre'\u00a0\u00bb. Raymond Aabou a alors assur\u00e9 ne pas \u00eatre le \u00ab\u00a0porte-parole des pauvres\u00a0\u00bb.<\/p>\n<p>\u00ab\u00a0Je dis ce que je pense, moi. C&rsquo;est que quand t&rsquo;as la stature de Kylian Mbapp\u00e9, que tu joues au football depuis que t&rsquo;es tout petit, t&rsquo;es champion du monde, il nous a donn\u00e9 le titre de champion du monde. C&rsquo;est un joueur de foot incroyable, mais je pense que de dire que j&rsquo;ai des probl\u00e8mes \u00e0 cause de l&rsquo;argent, c&rsquo;est pas bon. C&rsquo;est pas bon\u00a0\u00bb, a analys\u00e9 le chroniqueur de Cyril Hanouna. Gilles Verdez a ensuite rajout\u00e9 son grain de sel et s&rsquo;est rang\u00e9 du c\u00f4t\u00e9 de Raymond.<\/p>\n<p>Bien remont\u00e9, il a lanc\u00e9 : \u00ab\u00a0G\u00e9raldine a totalement tort ! Ce que dit Kylian Mbapp\u00e9, c&rsquo;est inaudible !\u00a0Si encore il avait parl\u00e9 des effets pervers de la c\u00e9l\u00e9brit\u00e9. &lsquo;Voyez, je suis c\u00e9l\u00e8bre. On m&rsquo;a accus\u00e9 de viol, c&rsquo;\u00e9tait faux, etc.&rsquo;\u00a0Il a parl\u00e9 d&rsquo;argent. Il est quasiment milliardaire. C&rsquo;est un des sportifs les plus pay\u00e9s au monde.\u00a0Raymond parlait de son salaire, mais il y a aussi les contrats pubs. Il n&rsquo;a pas le droit de dire que l&rsquo;argent lui cause des probl\u00e8mes\u00a0\u00bb. \u00ab\u00a0Il y a des tas de gens qui souffrent, qui n&rsquo;ont rien, et eux aimeraient avoir ne serait-ce qu&rsquo;un milli\u00e8me de cet argent pour remplir leur caddie au supermarch\u00e9. Tous ces gens-l\u00e0 qui souffrent, ils l&rsquo;admirent.\u00a0C&rsquo;est pas audible, G\u00e9raldine, c&rsquo;est pas audible !\u00a0\u00bb, a-t-il conclu en col\u00e8re.\u00a0\n    <\/p>\n","protected":false},"excerpt":{"rendered":"Ce mercredi 10 septembre, nos confr\u00e8res de l&rsquo;Equipe ont publi\u00e9 un long dossier sur Kylian Mbapp\u00e9 dans lequel&hellip;\n","protected":false},"author":2,"featured_media":381341,"comment_status":"","ping_status":"","sticky":false,"template":"","format":"standard","meta":{"footnotes":""},"categories":[1356],"tags":[58,59,1011,27,252,1364],"class_list":{"0":"post-381340","1":"post","2":"type-post","3":"status-publish","4":"format-standard","5":"has-post-thumbnail","7":"category-television","8":"tag-divertissement","9":"tag-entertainment","10":"tag-fr","11":"tag-france","12":"tag-television","13":"tag-tv"},"share_on_mastodon":{"url":"https:\/\/pubeurope.com\/@fr\/115182455250193299","error":""},"_links":{"self":[{"href":"https:\/\/www.europesays.com\/fr\/wp-json\/wp\/v2\/posts\/381340","targetHints":{"allow":["GET"]}}],"collection":[{"href":"https:\/\/www.europesays.com\/fr\/wp-json\/wp\/v2\/posts"}],"about":[{"href":"https:\/\/www.europesays.com\/fr\/wp-json\/wp\/v2\/types\/post"}],"author":[{"embeddable":true,"href":"https:\/\/www.europesays.com\/fr\/wp-json\/wp\/v2\/users\/2"}],"replies":[{"embeddable":true,"href":"https:\/\/www.europesays.com\/fr\/wp-json\/wp\/v2\/comments?post=381340"}],"version-history":[{"count":0,"href":"https:\/\/www.europesays.com\/fr\/wp-json\/wp\/v2\/posts\/381340\/revisions"}],"wp:featuredmedia":[{"embeddable":true,"href":"https:\/\/www.europesays.com\/fr\/wp-json\/wp\/v2\/media\/381341"}],"wp:attachment":[{"href":"https:\/\/www.europesays.com\/fr\/wp-json\/wp\/v2\/media?parent=381340"}],"wp:term":[{"taxonomy":"category","embeddable":true,"href":"https:\/\/www.europesays.com\/fr\/wp-json\/wp\/v2\/categories?post=381340"},{"taxonomy":"post_tag","embeddable":true,"href":"https:\/\/www.europesays.com\/fr\/wp-json\/wp\/v2\/tags?post=381340"}],"curies":[{"name":"wp","href":"https:\/\/api.w.org\/{rel}","templated":true}]}}