{"id":381342,"date":"2025-09-10T22:52:15","date_gmt":"2025-09-10T22:52:15","guid":{"rendered":"https:\/\/www.europesays.com\/fr\/381342\/"},"modified":"2025-09-10T22:52:15","modified_gmt":"2025-09-10T22:52:15","slug":"devin-townsend-livre-une-performance-intime-de-from-the-heart","status":"publish","type":"post","link":"https:\/\/www.europesays.com\/fr\/381342\/","title":{"rendered":"Devin Townsend livre une performance intime de From The Heart"},"content":{"rendered":"<p><strong>Pour f\u00eater les neuf ans de l\u2019album Transcendence, <a href=\"https:\/\/www.metalzone.fr\/devin-townsend\/\" rel=\"nofollow noopener\" target=\"_blank\">Devin Townsend<\/a> a partag\u00e9 une performance intime et pleine de sinc\u00e9rit\u00e9 de son morceau pr\u00e9f\u00e9r\u00e9 du disque, From The Heart.<\/strong><\/p>\n<p>Une interpr\u00e9tation en toute simplicit\u00e9, entre gratitude et l\u00e2cher-prise<\/p>\n<p>Le 9 septembre 2025, Devin Townsend a publi\u00e9 sur sa cha\u00eene YouTube une vid\u00e9o baptis\u00e9e From the Heart \u2013 Anniversary Play Through, o\u00f9 on le voit jouer le morceau depuis chez lui, seul avec sa guitare et ses p\u00e9dales. L\u2019artiste canadien y c\u00e9l\u00e8bre l\u2019anniversaire de la sortie de Transcendence, son album paru le 9 septembre 2016.<\/p>\n<p>En fin de performance, Townsend revient sur l\u2019origine du titre, n\u00e9 apr\u00e8s une s\u00e9ance de yin yoga particuli\u00e8rement \u00e9mouvante, pendant laquelle r\u00e9sonnait la musique de Krishna Das. Il confie aujourd\u2019hui qu\u2019il accepte davantage l\u2019impermanence de la vie et ne cherche plus de \u201cr\u00e9solution\u201d d\u00e9finitive : \u201cJ\u2019essaie d\u2019\u00eatre en paix avec le fait que les choses changent tout le temps, et \u00e7a me va.\u201d<\/p>\n<p>Plus loin, il s\u2019interroge \u00e0 voix haute sur sa place dans l\u2019industrie musicale : \u201cJe fais \u00e7a depuis tellement d\u2019ann\u00e9es\u2026 Je ne sais pas si l\u2019industrie a encore besoin de moi. Mais je peux vous dire que j\u2019aime chanter, j\u2019aime jouer. Si ce que je fais vous int\u00e9resse, j\u2019ai plein de choses \u00e0 venir. Et sinon, c\u2019est cool aussi\u2026 Peut-\u00eatre que j\u2019irai simplement \u00e0 la plage [rires].\u201d<\/p>\n<p>Un artiste toujours actif, malgr\u00e9 sa pause des tourn\u00e9es<\/p>\n<p>Bien que Devin Townsend ait annonc\u00e9 une pause ind\u00e9finie dans ses tourn\u00e9es, comme rapport\u00e9 dans <a href=\"https:\/\/www.metalzone.fr\/news\/213799-devin-townsend-pause-indefinie-tournees\/\" rel=\"noopener nofollow\" target=\"_blank\">cet article<\/a>, il continue de travailler sur plusieurs projets musicaux et cr\u00e9atifs. Il a r\u00e9cemment pr\u00e9sent\u00e9 son op\u00e9ra rock The Moth en live \u00e0 Groningen, d\u00e9crit comme \u201cl\u2019aboutissement de toute [sa] carri\u00e8re\u201d.<\/p>\n<p>Il pr\u00e9pare \u00e9galement de nouveaux contenus autour de DreamPeace, du projet The Ruby Quaker Show, et d\u2019autres explorations artistiques \u00e0 venir. Cette vid\u00e9o d\u2019anniversaire vient ainsi rappeler que, malgr\u00e9 les doutes ou la fatigue, le c\u0153ur de l\u2019artiste bat toujours au rythme de sa musique.<\/p>\n<p>La vid\u00e9o From the Heart \u2013 Anniversary Play Through est disponible sur sa cha\u00eene YouTube.<\/p>\n<p>Devin Townsend interpr\u00e8te From The Heart chez lui :<\/p>\n","protected":false},"excerpt":{"rendered":"Pour f\u00eater les neuf ans de l\u2019album Transcendence, Devin Townsend a partag\u00e9 une performance intime et pleine de&hellip;\n","protected":false},"author":2,"featured_media":381343,"comment_status":"","ping_status":"","sticky":false,"template":"","format":"standard","meta":{"footnotes":""},"categories":[1355],"tags":[58,59,1011,27,1361,873],"class_list":{"0":"post-381342","1":"post","2":"type-post","3":"status-publish","4":"format-standard","5":"has-post-thumbnail","7":"category-musique","8":"tag-divertissement","9":"tag-entertainment","10":"tag-fr","11":"tag-france","12":"tag-music","13":"tag-musique"},"share_on_mastodon":{"url":"https:\/\/pubeurope.com\/@fr\/115182458985937473","error":""},"_links":{"self":[{"href":"https:\/\/www.europesays.com\/fr\/wp-json\/wp\/v2\/posts\/381342","targetHints":{"allow":["GET"]}}],"collection":[{"href":"https:\/\/www.europesays.com\/fr\/wp-json\/wp\/v2\/posts"}],"about":[{"href":"https:\/\/www.europesays.com\/fr\/wp-json\/wp\/v2\/types\/post"}],"author":[{"embeddable":true,"href":"https:\/\/www.europesays.com\/fr\/wp-json\/wp\/v2\/users\/2"}],"replies":[{"embeddable":true,"href":"https:\/\/www.europesays.com\/fr\/wp-json\/wp\/v2\/comments?post=381342"}],"version-history":[{"count":0,"href":"https:\/\/www.europesays.com\/fr\/wp-json\/wp\/v2\/posts\/381342\/revisions"}],"wp:featuredmedia":[{"embeddable":true,"href":"https:\/\/www.europesays.com\/fr\/wp-json\/wp\/v2\/media\/381343"}],"wp:attachment":[{"href":"https:\/\/www.europesays.com\/fr\/wp-json\/wp\/v2\/media?parent=381342"}],"wp:term":[{"taxonomy":"category","embeddable":true,"href":"https:\/\/www.europesays.com\/fr\/wp-json\/wp\/v2\/categories?post=381342"},{"taxonomy":"post_tag","embeddable":true,"href":"https:\/\/www.europesays.com\/fr\/wp-json\/wp\/v2\/tags?post=381342"}],"curies":[{"name":"wp","href":"https:\/\/api.w.org\/{rel}","templated":true}]}}