{"id":381346,"date":"2025-09-10T22:54:11","date_gmt":"2025-09-10T22:54:11","guid":{"rendered":"https:\/\/www.europesays.com\/fr\/381346\/"},"modified":"2025-09-10T22:54:11","modified_gmt":"2025-09-10T22:54:11","slug":"ce-neurologue-est-formel-cette-boisson-affecte-la-memoire","status":"publish","type":"post","link":"https:\/\/www.europesays.com\/fr\/381346\/","title":{"rendered":"ce neurologue est formel, cette boisson affecte la m\u00e9moire"},"content":{"rendered":"<p class=\"mb-4 text-lg md:leading-8 break-words\">Notre alimentation et nos habitudes de vie jouent un r\u00f4le particuli\u00e8rement important sur le bon fonctionnement de notre cerveau. Tout ce que l\u2019on mange et tout ce que l\u2019on boit a son influence sur nos neurones et notre m\u00e9moire\u2026mais aussi ses cons\u00e9quences plus ou moins pr\u00e9judiciables. Ainsi certaines f\u00e2cheuses manies peuvent acc\u00e9l\u00e9rer le processus de d\u00e9clin cognitif. Pour pr\u00e9server ses facult\u00e9s le plus longtemps possible, les experts insistent donc sur l\u2019importance d\u2019adopter une hygi\u00e8ne de vie saine, qui exclut notamment une boisson pouvant affecter consid\u00e9rablement la m\u00e9moire.<\/p>\n<p>Cette boisson \u00e0 \u00e9viter ab\u00eeme le cerveau<\/p>\n<p class=\"mb-4 text-lg md:leading-8 break-words\">Comme le rapporte Top Sant\u00e9, sans grande surprise, la boisson mise en cause, c\u2019est l\u2019alcool. Les boissons alcoolis\u00e9es n&rsquo;offrent en effet aucun b\u00e9n\u00e9fice pour le cerveau, selon le neurologue <strong>Jon Artz<\/strong> : \u00ab\u00a0L\u2019alcool n\u2019a aucun b\u00e9n\u00e9fice pour le corps humain ou le cerveau.\u00a0\u00bb Sa consommation, m\u00eame mod\u00e9r\u00e9e, augmente les risques de l\u00e9sions c\u00e9r\u00e9brales et de troubles de la m\u00e9moire. Les chercheurs sont clairs : pour prot\u00e9ger ses capacit\u00e9s intellectuelles, mieux vaut r\u00e9duire ou \u00e9viter cet excitant qui ralentit nos fonctions cognitives. Une \u00e9tude publi\u00e9e dans Neurology r\u00e9v\u00e9lait que boire plus de huit verres par semaine pouvait accro\u00eetre le risque de l\u00e9sions c\u00e9r\u00e9brales et favoriser des pathologies comme l&rsquo;Alzheimer ou l\u2019ath\u00e9roscl\u00e9rose hyaline. Dans tous les cas, consommer trop d\u2019alcool nuit \u00e0 la m\u00e9moire, \u00e0 la concentration (&#8230;)<\/p>\n<p class=\"mb-4 text-lg md:leading-8 break-words\"><a href=\"https:\/\/www.grazia.fr\/beaute\/forme-minceur\/elle-met-votre-cerveau-en-greve-ce-neurologue-est-formel-cette-boisson-affecte-la-memoire-1185478.html?utm_campaign=partenariat&amp;utm_source=yahoo-articles&amp;utm_medium=flux\" rel=\"nofollow noopener\" target=\"_blank\" data-ylk=\"slk:Lire la suite sur Grazia;elm:context_link;itc:0;sec:content-canvas\" class=\"link \">Lire la suite sur Grazia<\/a><\/p>\n<p class=\"mb-4 text-lg md:leading-8 break-words\"><a href=\"https:\/\/www.grazia.fr\/mode\/chaussure\/avec-sa-couleur-cafe-au-lait-cette-basket-adulee-par-les-modeuses-est-le-nouveau-basique-a-acquerir-dici-lautomne-1184039.html?utm_campaign=partenariat&amp;utm_source=yahoo-articles&amp;utm_medium=flux\" rel=\"nofollow noopener\" target=\"_blank\" data-ylk=\"slk:Avec sa couleur caf\u00e9 au lait, cette basket adul\u00e9e par les modeuses est le nouveau basique \u00e0 acqu\u00e9rir d\u2019ici l\u2019automne;elm:context_link;itc:0;sec:content-canvas\" class=\"link \">Avec sa couleur caf\u00e9 au lait, cette basket adul\u00e9e par les modeuses est le nouveau basique \u00e0 acqu\u00e9rir d\u2019ici l\u2019automne<\/a><br \/><a href=\"https:\/\/www.grazia.fr\/mode\/looks-de-stars\/philippine-leroy-beaulieu-adopte-la-jupe-parfaite-pour-moderniser-et-flatter-la-silhouette-apres-60-ans-1185455.html?utm_campaign=partenariat&amp;utm_source=yahoo-articles&amp;utm_medium=flux\" rel=\"nofollow noopener\" target=\"_blank\" data-ylk=\"slk:Philippine Leroy-Beaulieu adopte la jupe parfaite pour moderniser et flatter la silhouette apr\u00e8s 60 ans;elm:context_link;itc:0;sec:content-canvas\" class=\"link \">Philippine Leroy-Beaulieu adopte la jupe parfaite pour moderniser et flatter la silhouette apr\u00e8s 60 ans<\/a><br \/><a href=\"https:\/\/www.grazia.fr\/beaute\/soins-visage-corps\/le-meilleur-moyen-de-se-proteger-de-la-lumiere-bleue-voici-pourquoi-vous-devez-utiliser-votre-creme-solaire-teintee-toute-lannee-1184934.html?utm_campaign=partenariat&amp;utm_source=yahoo-articles&amp;utm_medium=flux\" rel=\"nofollow noopener\" target=\"_blank\" data-ylk=\"slk:&quot;Le meilleur moyen de se prot\u00e9ger de la lumi\u00e8re bleue...&quot; : voici pourquoi vous devez utiliser votre cr\u00e8me solaire teint\u00e9e toute l&#039;ann\u00e9e;elm:context_link;itc:0;sec:content-canvas\" class=\"link \">\u00ab\u00a0Le meilleur moyen de se prot\u00e9ger de la lumi\u00e8re bleue&#8230;\u00a0\u00bb : voici pourquoi vous devez utiliser votre cr\u00e8me solaire teint\u00e9e toute l&rsquo;ann\u00e9e<\/a><br \/><a href=\"https:\/\/www.grazia.fr\/beaute\/forme-minceur\/ce-sport-de-retraite-est-ideal-pour-bruler-des-calories-sans-se-fatiguer-lequivalent-de-4-heures-de-marche-1153922.html?utm_campaign=partenariat&amp;utm_source=yahoo-articles&amp;utm_medium=flux\" rel=\"nofollow noopener\" target=\"_blank\" data-ylk=\"slk:Ce sport de retrait\u00e9 est id\u00e9al pour br\u00fbler des calories sans se fatiguer : &quot;l&#039;\u00e9quivalent de 4 heures de marche&quot;;elm:context_link;itc:0;sec:content-canvas\" class=\"link \">Ce sport de retrait\u00e9 est id\u00e9al pour br\u00fbler des calories sans se fatiguer : \u00ab\u00a0l&rsquo;\u00e9quivalent de 4 heures de marche\u00a0\u00bb<\/a><br \/><a href=\"https:\/\/www.grazia.fr\/mode\/looks-de-stars\/scarlett-johansson-40-ans-eblouissante-en-robe-dos-nu-elle-devoile-ses-tatouages-symboliques-1185493.html?utm_campaign=partenariat&amp;utm_source=yahoo-articles&amp;utm_medium=flux\" rel=\"nofollow noopener\" target=\"_blank\" data-ylk=\"slk:Scarlett Johansson (40 ans) \u00e9blouissante en robe dos nu, elle d\u00e9voile ses tatouages symboliques;elm:context_link;itc:0;sec:content-canvas\" class=\"link \">Scarlett Johansson (40 ans) \u00e9blouissante en robe dos nu, elle d\u00e9voile ses tatouages symboliques<\/a><\/p>\n","protected":false},"excerpt":{"rendered":"Notre alimentation et nos habitudes de vie jouent un r\u00f4le particuli\u00e8rement important sur le bon fonctionnement de notre&hellip;\n","protected":false},"author":2,"featured_media":381347,"comment_status":"","ping_status":"","sticky":false,"template":"","format":"standard","meta":{"footnotes":""},"categories":[10],"tags":[231,1011,27,72,7082,71,29416],"class_list":{"0":"post-381346","1":"post","2":"type-post","3":"status-publish","4":"format-standard","5":"has-post-thumbnail","7":"category-sante","8":"tag-cerveau","9":"tag-fr","10":"tag-france","11":"tag-health","12":"tag-lesions-cerebrales","13":"tag-sante","14":"tag-troubles-de-la-memoire"},"share_on_mastodon":{"url":"https:\/\/pubeurope.com\/@fr\/115182466722920491","error":""},"_links":{"self":[{"href":"https:\/\/www.europesays.com\/fr\/wp-json\/wp\/v2\/posts\/381346","targetHints":{"allow":["GET"]}}],"collection":[{"href":"https:\/\/www.europesays.com\/fr\/wp-json\/wp\/v2\/posts"}],"about":[{"href":"https:\/\/www.europesays.com\/fr\/wp-json\/wp\/v2\/types\/post"}],"author":[{"embeddable":true,"href":"https:\/\/www.europesays.com\/fr\/wp-json\/wp\/v2\/users\/2"}],"replies":[{"embeddable":true,"href":"https:\/\/www.europesays.com\/fr\/wp-json\/wp\/v2\/comments?post=381346"}],"version-history":[{"count":0,"href":"https:\/\/www.europesays.com\/fr\/wp-json\/wp\/v2\/posts\/381346\/revisions"}],"wp:featuredmedia":[{"embeddable":true,"href":"https:\/\/www.europesays.com\/fr\/wp-json\/wp\/v2\/media\/381347"}],"wp:attachment":[{"href":"https:\/\/www.europesays.com\/fr\/wp-json\/wp\/v2\/media?parent=381346"}],"wp:term":[{"taxonomy":"category","embeddable":true,"href":"https:\/\/www.europesays.com\/fr\/wp-json\/wp\/v2\/categories?post=381346"},{"taxonomy":"post_tag","embeddable":true,"href":"https:\/\/www.europesays.com\/fr\/wp-json\/wp\/v2\/tags?post=381346"}],"curies":[{"name":"wp","href":"https:\/\/api.w.org\/{rel}","templated":true}]}}