{"id":381348,"date":"2025-09-10T22:55:15","date_gmt":"2025-09-10T22:55:15","guid":{"rendered":"https:\/\/www.europesays.com\/fr\/381348\/"},"modified":"2025-09-10T22:55:15","modified_gmt":"2025-09-10T22:55:15","slug":"le-psg-sans-plusieurs-titulaires-habituels-face-a-lens-ce-week-end","status":"publish","type":"post","link":"https:\/\/www.europesays.com\/fr\/381348\/","title":{"rendered":"Le PSG sans plusieurs titulaires habituels face \u00e0 Lens ce week-end ?"},"content":{"rendered":"<p data-start=\"307\" data-end=\"410\">L\u2019entra\u00eeneur du PSG pourrait \u00eatre contraint de composer sans plusieurs de ses titulaires ce week-end.<\/p>\n<p data-start=\"412\" data-end=\"647\">Les Sang et Or devront se passer de <a href=\"https:\/\/www.lensois.com\/la-federation-colombienne-annonce-6-semaines-dindisponibilite-pour-deiver-machado\/\" rel=\"nofollow noopener\" target=\"_blank\">Deiver Machado<\/a>, bless\u00e9 avec le Racing juste avant la tr\u00eave internationale. Mais pour les Parisiens, c\u2019est cette petite parenth\u00e8se avec les s\u00e9lections qui pourrait peser lourd au sein de l\u2019effectif.<\/p>\n<p data-start=\"649\" data-end=\"965\">Lors du premier match des Bleus, face \u00e0 l\u2019Ukraine, les attaquants parisiens <strong>Ousmane Demb\u00e9l\u00e9 et D\u00e9sir\u00e9 Dou\u00e9 sont rentr\u00e9s bless\u00e9s<\/strong>. Le premier est touch\u00e9 \u00e0 la cuisse tandis que le second souffre du mollet. Ils manqueront a minima les quatre prochaines semaines de comp\u00e9tition, dont la r\u00e9ception du Racing ce dimanche.<\/p>\n<p>Hakimi et Ruiz diminu\u00e9s<\/p>\n<p data-start=\"967\" data-end=\"1324\">Selon plusieurs sources parisiennes, Luis Enrique (qui s\u2019est d\u2019ailleurs fractur\u00e9 la clavicule il y a quelques jours) pourrait \u00eatre tent\u00e9 de laisser d\u2019autres internationaux au repos. <strong>Fabian Ruiz<\/strong> a \u00e9t\u00e9 lib\u00e9r\u00e9 par la s\u00e9lection espagnole en raison de douleurs musculaires. De son c\u00f4t\u00e9, le Marocain <strong>Achraf Hakimi<\/strong> a jou\u00e9 avec plusieurs g\u00eanes la semaine pass\u00e9e et n\u2019a pas disput\u00e9 le second match de sa s\u00e9lection face \u00e0 la Zambie.<\/p>\n<p data-start=\"1326\" data-end=\"1575\"><strong>Marquinhos et Pacho<\/strong> vont rentrer tard du continent am\u00e9ricain et pourraient \u00eatre m\u00e9nag\u00e9s puisque, pour rappel, le PSG recevra l\u2019Atalanta dans le cadre de la 1\u02b3\u1d49 journ\u00e9e de Ligue des Champions, trois jours apr\u00e8s la venue de Lens au Parc des Princes.<\/p>\n","protected":false},"excerpt":{"rendered":"L\u2019entra\u00eeneur du PSG pourrait \u00eatre contraint de composer sans plusieurs de ses titulaires ce week-end. Les Sang et&hellip;\n","protected":false},"author":2,"featured_media":381349,"comment_status":"","ping_status":"","sticky":false,"template":"","format":"standard","meta":{"footnotes":""},"categories":[9],"tags":[1011,27,60],"class_list":{"0":"post-381348","1":"post","2":"type-post","3":"status-publish","4":"format-standard","5":"has-post-thumbnail","7":"category-sports","8":"tag-fr","9":"tag-france","10":"tag-sports"},"share_on_mastodon":{"url":"https:\/\/pubeurope.com\/@fr\/115182470734164116","error":""},"_links":{"self":[{"href":"https:\/\/www.europesays.com\/fr\/wp-json\/wp\/v2\/posts\/381348","targetHints":{"allow":["GET"]}}],"collection":[{"href":"https:\/\/www.europesays.com\/fr\/wp-json\/wp\/v2\/posts"}],"about":[{"href":"https:\/\/www.europesays.com\/fr\/wp-json\/wp\/v2\/types\/post"}],"author":[{"embeddable":true,"href":"https:\/\/www.europesays.com\/fr\/wp-json\/wp\/v2\/users\/2"}],"replies":[{"embeddable":true,"href":"https:\/\/www.europesays.com\/fr\/wp-json\/wp\/v2\/comments?post=381348"}],"version-history":[{"count":0,"href":"https:\/\/www.europesays.com\/fr\/wp-json\/wp\/v2\/posts\/381348\/revisions"}],"wp:featuredmedia":[{"embeddable":true,"href":"https:\/\/www.europesays.com\/fr\/wp-json\/wp\/v2\/media\/381349"}],"wp:attachment":[{"href":"https:\/\/www.europesays.com\/fr\/wp-json\/wp\/v2\/media?parent=381348"}],"wp:term":[{"taxonomy":"category","embeddable":true,"href":"https:\/\/www.europesays.com\/fr\/wp-json\/wp\/v2\/categories?post=381348"},{"taxonomy":"post_tag","embeddable":true,"href":"https:\/\/www.europesays.com\/fr\/wp-json\/wp\/v2\/tags?post=381348"}],"curies":[{"name":"wp","href":"https:\/\/api.w.org\/{rel}","templated":true}]}}