{"id":38135,"date":"2025-04-20T05:47:10","date_gmt":"2025-04-20T05:47:10","guid":{"rendered":"https:\/\/www.europesays.com\/fr\/38135\/"},"modified":"2025-04-20T05:47:10","modified_gmt":"2025-04-20T05:47:10","slug":"de-zerbi-veut-tout-faire-pour-atteindre-lobjectif-ligue-des-champions","status":"publish","type":"post","link":"https:\/\/www.europesays.com\/fr\/38135\/","title":{"rendered":"De Zerbi veut \u00ab\u00a0tout faire pour atteindre l&rsquo;objectif Ligue des champions\u00a0\u00bb"},"content":{"rendered":"<p><strong>Quelle est votre analyse de cette victoire ? \u00cates-vous satisfait de la prestation de vos hommes ?<\/strong>&#13;\n<\/p>\n<p>Ce n&rsquo;\u00e9tait pas un match facile, pas donn\u00e9, vu le moment n\u00e9gatif qu&rsquo;on a travers\u00e9 ces derniers temps. Mais c&rsquo;est normal, une saison, \u00e7a dure dix mois. La premi\u00e8re mi-temps n&rsquo;\u00e9tait pas belle, parfois l&rsquo;\u00e9motion te bloque. Mais je suis fier de mes joueurs. Quand il faut les secouer, je suis le premier \u00e0 le faire. Il faut reconna\u00eetre quand ils ont des valeurs et font des belles choses. Ce n&rsquo;est pas pour rien qu&rsquo;on a \u00e9t\u00e9 longtemps 2e cette saison. Dans l&rsquo;\u00e8re McCourt, on est l&rsquo;\u00e9quipe qui a le plus longtemps occup\u00e9 cette position. Il y a forc\u00e9ment une raison \u00e0 cela. On a connu des mauvais r\u00e9sultats contre Reims ou Monaco. Mais on est \u00e0 nouveau 2e, les joueurs le m\u00e9ritent. Je voudrais qu&rsquo;on se concentre sur \u00e7a, sur les aspects positifs, pas sur les d\u00e9fauts ; Rulli a fait des arr\u00eats d\u00e9terminants, Greenwood est d\u00e9cisif, Murillo est fondamental, Kondogbia fait une tr\u00e8s belle saison.<\/p>\n<p><strong>Allez-vous partir au vert jusqu&rsquo;\u00e0 la fin de la saison ?<\/strong>&#13;\n<\/p>\n<p>Avec le club, on a pens\u00e9 \u00e0 tout faire pour atteindre notre objectif et cela passe par un stage. Ce n\u2019est pas une punition, l&rsquo;objectif est de se retrouver pour travailler sur l&rsquo;\u00e9tat d&rsquo;esprit, sur l&rsquo;union. On a toujours r\u00e9pondu pr\u00e9sent, on ne s&rsquo;est jamais cach\u00e9. Avec Pablo Longoria et Medhi Benatia, on a d\u00e9cid\u00e9 de passer quelques semaines ensemble pour pr\u00e9parer Brest, \u00e7a pourrait nous aider \u00e0 mieux comprendre nos objectifs et ce que l&rsquo;on peut obtenir. C&rsquo;est quelque chose de beau, les gens devraient appr\u00e9cier cela. C&rsquo;est une valeur ajout\u00e9e pour le club qui a mis tous les moyens pour rendre cela possible. Je ne demande qu&rsquo;un seul objectif pendant un mois, les joueurs l&rsquo;ont accept\u00e9 malgr\u00e9 leur famille. Ce n&rsquo;est pas impos\u00e9. Ce serait magnifique de jouer mardi et mercredi la saison prochaine.<\/p>\n<p><strong>Vous retrouvez la deuxi\u00e8me place et avez de nouveau votre destin en main. Est-ce d\u00e9terminant \u00e0 cet instant de la saison ?<\/strong>&#13;\n<\/p>\n<p>Si on gagne contre Brest, Lille, Le Havre et Rennes, oui. Il faut gagner tous les matches. Une grande partie des r\u00e9sultats passe par nous. On doit \u00eatre pr\u00eat \u00e0 tout pour jouer cette Ligue des champions.\u00a0<\/p>\n<p><strong>La diff\u00e9rence de buts va-t-elle compter et l&rsquo;apparition d&rsquo;Amine Harit entre-t-elle dans cette optique ? Pensiez-vous que ce serait aussi difficile pour tout le monde dans cette derni\u00e8re ligne droite ?<\/strong>&#13;\n<\/p>\n<p>Amine Harit est entr\u00e9, parce que je voulais qu&rsquo;il ait du temps de jeu, il peut faire la diff\u00e9rence sur ces derniers matches de la saison. Je n&rsquo;ai pas voulu sortir Mason Greenwood car je veux qu&rsquo;il atteigne les 20 buts. J&rsquo;ai demand\u00e9 \u00e0 Rabiot de jouer piston, il l&rsquo;a fait avec plaisir. Il y a beaucoup de pol\u00e9miques sur les buts encaiss\u00e9s, mais on parle peu de foot. Jouer \u00e0 4 ou 5 d\u00e9fenseurs aurait-il chang\u00e9 quelque chose sur le coup ? Si ce n&rsquo;est pas un probl\u00e8me du nombre de d\u00e9fenseurs, c&rsquo;est peut-\u00eatre parce qu&rsquo;on a \u00e9t\u00e9 superficiel, qu&rsquo;on s&rsquo;est endormi, que les joueurs ont eu des passages \u00e0 vide cette saison. La baisse de tension est un probl\u00e8me. Pourquoi n&rsquo;a-t-on pas gagn\u00e9 5-0 ? C&rsquo;est un probl\u00e8me tr\u00e8s pr\u00e9sent cette saison. Sans ces buts encaiss\u00e9s par manque d&rsquo;attention, on compterait plus de 55 points.<\/p>\n<p><strong>Comment faire pour que Greenwood devienne plus r\u00e9gulier ?<\/strong>&#13;\n<\/p>\n<p>Je travaille pour aider les joueurs. Mason n&rsquo;a pas jou\u00e9 pendant deux ans. L&rsquo;an dernier, il jouait dans un club qui luttait pour le maintien. C&rsquo;est une personne introvertie qui a une merveilleuse famille, un p\u00e8re extraordinaire. On l&rsquo;a g\u00e9r\u00e9 ensemble avec Medhi Benatia. Parfois, il y a l&rsquo;id\u00e9e qu&rsquo;il g\u00e2che son potentiel. Parfois, il faut \u00eatre plus dur, \u00e7a sert \u00e0 aider les joueurs \u00e0 progresser. Je veux aider mes joueurs \u00e0 s&rsquo;am\u00e9liorer. S&rsquo;ils progressent, on atteint plus facilement les objectifs du club.<\/p>\n<p><strong>Garcia est-il une option durable en d\u00e9fense alors que le retour de Balerdi se pr\u00e9cise ?<\/strong>&#13;\n<\/p>\n<p>Il peut jouer avec Balerdi m\u00eame s&rsquo;il ne peut pas y avoir un OM sans Balerdi qui est irrempla\u00e7able et a des caract\u00e9ristiques uniques. D&rsquo;autres joueurs sont importants : Kondogbia a fait des efforts alors qu&rsquo;il n&rsquo;a quasiment jamais jou\u00e9 \u00e0 son poste, ce serait beau si le club pouvait le prolonger. Il y a Rabiot, Rulli, Hojbjerg, Murillo. Hier (vendredi), j&rsquo;ai dit \u00e0 Bennacer qu&rsquo;il n&rsquo;allait pas d\u00e9buter, il a bien r\u00e9agi pour le bien de l&rsquo;\u00e9quipe.\u00a0<\/p>\n<p><strong>Le V\u00e9lodrome a battu son record d&rsquo;affluence. Cela doit un peu plus vous conforter dans votre choix&#8230;<\/strong>&#13;\n<\/p>\n<p>J&rsquo;ai commis beaucoup d&rsquo;erreurs dans ma vie ; la meilleure d\u00e9cision a \u00e9t\u00e9 de venir \u00e0 Marseille. Quand on est aussi passionn\u00e9 que moi pour le foot, on ne peut pas ne pas venir \u00e0 Marseille. Vous \u00eates un peu lourds parfois, vous aimez cr\u00e9er des pol\u00e9miques, mais je l&rsquo;accepte. Quand on part de la Commanderie et qu&rsquo;on arrive pr\u00e8s du V\u00e9lodrome, j&rsquo;ai la chair de poule. Les \u00e9quipes qui luttent avec nous font un autre sport. Jouer ici est quelque chose de particulier.<\/p>\n","protected":false},"excerpt":{"rendered":"Quelle est votre analyse de cette victoire ? \u00cates-vous satisfait de la prestation de vos hommes ?&#13; Ce&hellip;\n","protected":false},"author":2,"featured_media":38136,"comment_status":"","ping_status":"","sticky":false,"template":"","format":"standard","meta":{"footnotes":""},"categories":[9599],"tags":[11981,17,1111,11,1777,674,4560,1011,27,2208,12,2680,149,11980,471,25,3585,9870,4061],"class_list":{"0":"post-38135","1":"post","2":"type-post","3":"status-publish","4":"format-standard","5":"has-post-thumbnail","7":"category-montpellier","8":"tag-5-1","9":"tag-17","10":"tag-actu","11":"tag-actualites","12":"tag-eu","13":"tag-europe","14":"tag-faire","15":"tag-fr","16":"tag-france","17":"tag-montpellier","18":"tag-news","19":"tag-occitanie","20":"tag-om","21":"tag-om-montpellier","22":"tag-pour","23":"tag-republique-francaise","24":"tag-tout","25":"tag-veut","26":"tag-zerbi"},"share_on_mastodon":{"url":"https:\/\/pubeurope.com\/@fr\/114368718121438160","error":""},"_links":{"self":[{"href":"https:\/\/www.europesays.com\/fr\/wp-json\/wp\/v2\/posts\/38135","targetHints":{"allow":["GET"]}}],"collection":[{"href":"https:\/\/www.europesays.com\/fr\/wp-json\/wp\/v2\/posts"}],"about":[{"href":"https:\/\/www.europesays.com\/fr\/wp-json\/wp\/v2\/types\/post"}],"author":[{"embeddable":true,"href":"https:\/\/www.europesays.com\/fr\/wp-json\/wp\/v2\/users\/2"}],"replies":[{"embeddable":true,"href":"https:\/\/www.europesays.com\/fr\/wp-json\/wp\/v2\/comments?post=38135"}],"version-history":[{"count":0,"href":"https:\/\/www.europesays.com\/fr\/wp-json\/wp\/v2\/posts\/38135\/revisions"}],"wp:featuredmedia":[{"embeddable":true,"href":"https:\/\/www.europesays.com\/fr\/wp-json\/wp\/v2\/media\/38136"}],"wp:attachment":[{"href":"https:\/\/www.europesays.com\/fr\/wp-json\/wp\/v2\/media?parent=38135"}],"wp:term":[{"taxonomy":"category","embeddable":true,"href":"https:\/\/www.europesays.com\/fr\/wp-json\/wp\/v2\/categories?post=38135"},{"taxonomy":"post_tag","embeddable":true,"href":"https:\/\/www.europesays.com\/fr\/wp-json\/wp\/v2\/tags?post=38135"}],"curies":[{"name":"wp","href":"https:\/\/api.w.org\/{rel}","templated":true}]}}