{"id":381350,"date":"2025-09-10T22:56:10","date_gmt":"2025-09-10T22:56:10","guid":{"rendered":"https:\/\/www.europesays.com\/fr\/381350\/"},"modified":"2025-09-10T22:56:10","modified_gmt":"2025-09-10T22:56:10","slug":"je-ne-sais-pas-si-je-peux-lui-enlever","status":"publish","type":"post","link":"https:\/\/www.europesays.com\/fr\/381350\/","title":{"rendered":"Je ne sais pas si je peux lui enlever"},"content":{"rendered":"<p>Fini les vacances et retour aux choses s\u00e9rieuses pour<br \/>\n<strong>Giulia Sarkozy<\/strong>. \u00c0 13 ans, la fille de<br \/>\n<strong>Carla Bruni et Nicolas Sarkozy<\/strong> poursuit son<br \/>\nparcours dans une \u00e9cole internationale bilingue r\u00e9put\u00e9e. Depuis la<br \/>\nsixi\u00e8me, elle y \u00e9volue dans un environnement exigeant qui conjugue<br \/>\nrigueur acad\u00e9mique et ouverture culturelle. Ce choix illustre \u00e0<br \/>\nmerveille l\u2019h\u00e9ritage de ses parents, entre la passion artistique et<br \/>\nitalienne de sa m\u00e8re et la dimension internationale de son p\u00e8re. En<br \/>\nparall\u00e8le de ses \u00e9tudes, la jeune adolescente s\u2019est d\u00e9j\u00e0 cr\u00e9\u00e9 un<br \/>\nespace bien \u00e0 elle sur les r\u00e9seaux sociaux. Sa popularit\u00e9 y grandit<br \/>\nrapidement et attire autant de curiosit\u00e9 que de critiques. Une<br \/>\nvisibilit\u00e9 qui, si elle amuse certains, soul\u00e8ve aussi des<br \/>\ninterrogations sur sa pr\u00e9sence en ligne \u00e0 un \u00e2ge o\u00f9 l\u2019\u00e9quilibre<br \/>\nentre libert\u00e9 et protection reste fragile.<\/p>\n<p>Giulia Sarkozy, une influenceuse en devenir ?<\/p>\n<p>\u00c0 seulement 13 ans, Giulia Sarkozy occupe d\u00e9j\u00e0 une place<br \/>\nremarqu\u00e9e sur Instagram et TikTok. Suivie par des dizaines de<br \/>\nmilliers d\u2019abonn\u00e9s, elle jongle entre <strong>sa passion pour<br \/>\nl\u2019\u00e9quitation<\/strong>, son r\u00f4le d\u2019ambassadrice et des contenus plus<br \/>\npersonnels qui lui valent une vraie notori\u00e9t\u00e9. Elle partage sans<br \/>\ncomplexe son quotidien, ses partenariats et ses exp\u00e9riences de<br \/>\ncavali\u00e8re, s\u2019imposant ainsi dans l\u2019univers des jeunes<br \/>\ninfluenceuses.<\/p>\n<p>Mais cette visibilit\u00e9 entra\u00eene aussi son lot de turbulences.<br \/>\n<a href=\"https:\/\/www.melty.fr\/people\/reposez-en-paix-kadhafi-giulia-sarkozy-se-lache-totalement-sur-la-toile-2222565.html\" target=\"_blank\" rel=\"noopener\"><br \/>\nLa jeune fille a suscit\u00e9 de vives r\u00e9actions en prenant<br \/>\nmaladroitement la d\u00e9fense de son p\u00e8re, Nicolas Sarkozy, vis\u00e9 par<br \/>\nplusieurs affaires judiciaires<\/a>. Ce positionnement a aliment\u00e9<br \/>\n<strong>critiques et cyberharc\u00e8lement<\/strong>, soulevant des<br \/>\ninterrogations sur l\u2019impact de cette exposition m\u00e9diatique sur sa<br \/>\nfamille. Sa m\u00e8re, Carla Bruni, a d\u2019ailleurs accept\u00e9 d\u2019en parler<br \/>\nr\u00e9cemment lors d\u2019un entretien avec la pr\u00e9sentatrice <strong>Jin<br \/>\nXing<\/strong>.<\/p>\n<p>Carla Bruni ultra cash sur la pr\u00e9sence de sa fille sur la<br \/>\nToile<\/p>\n<p>Carla Bruni ne cache pas son dilemme face \u00e0 <strong>la passion<br \/>\nde sa fille pour les r\u00e9seaux sociaux<\/strong>. Elle confie dans une<br \/>\ninterview diffus\u00e9e le 7 septembre 2025 qu\u2019elle pr\u00e9f\u00e8re doser<br \/>\nl\u2019usage plut\u00f4t que de l\u2019interdire totalement. \u00ab\u00a0Les jeunes<br \/>\naiment les r\u00e9seaux sociaux, vous savez ? Elle travaille \u00e0 l\u2019\u00e9cole,<br \/>\nelle fait beaucoup d\u2019\u00e9quitation. Je ne sais pas si je peux lui<br \/>\nenlever des choses qu\u2019elle aime.\u00a0\u00bb Pour <strong>l\u2019ancienne<br \/>\nPremi\u00e8re dame<\/strong>, il s\u2019agit de respecter les go\u00fbts de Giulia,<br \/>\nm\u00eame si elle garde une certaine inqui\u00e9tude. D\u00e9j\u00e0 au printemps<br \/>\ndernier, quand l\u2019adolescente avait \u00e9t\u00e9 bannie de TikTok, Carla<br \/>\nBruni avait pris sa d\u00e9fense en d\u00e9non\u00e7ant l\u2019existence de comptes<br \/>\npirates \u00e0 son effigie.<\/p>\n<p>Cette attitude de compr\u00e9hension n\u2019emp\u00eache pas la chanteuse de<br \/>\nrappeler r\u00e9guli\u00e8rement que le num\u00e9rique n\u2019est pas sans danger. Elle<br \/>\na martel\u00e9 dans son podcast que \u00ab\u00a0c\u2019est extr\u00eamement dangereux<br \/>\npour les enfants. Extr\u00eamement dangereux, il faut que ce soit<br \/>\nabsolument surveill\u00e9. Il faut faire attention \u00e0 tout ce qui est<br \/>\np\u00e9docriminalit\u00e9, malades mentaux et aussi personnes fragiles.\u00a0\u00bb<br \/>\nUn avertissement qui refl\u00e8te sa prudence de m\u00e8re, m\u00eame si, depuis,<br \/>\n<strong>Giulia a retrouv\u00e9 sa place sur TikTok<\/strong>, entre<br \/>\nplaisir de s\u2019amuser et exposition m\u00e9diatique.<\/p>\n<p>Louis Sarkozy sans d\u00e9tour sur le m\u00eame<br \/>\nsujet<\/p>\n<p>Invit\u00e9 dans l\u2019\u00e9mission Le Figaro La Nuit, <a href=\"https:\/\/www.melty.fr\/people\/louis-sarkozy-totalement-honnete-sur-la-presence-de-sa-soeur-giulia-sur-les-reseaux-sociaux-ca-fait-peur-2260693.html\" target=\"_blank\" rel=\"noopener\"><br \/>\nLouis Sarkozy a aussi \u00e9t\u00e9 interrog\u00e9 sur la pr\u00e9sence en ligne de sa<br \/>\ns\u0153ur Giulia<\/a>. Avec franchise, il a reconnu ne pas vraiment<br \/>\nsuivre ce qu\u2019elle publie. \u00ab\u00a0Je ne connais en rien son existence<br \/>\nsur les r\u00e9seaux sociaux. C\u2019est d\u00e9j\u00e0 assez compliqu\u00e9 de g\u00e9rer la<br \/>\nmienne.\u00a0\u00bb Une r\u00e9ponse qui montre <strong>la distance qu\u2019il<br \/>\ngarde vis-\u00e0-vis de ce sujet<\/strong>, pr\u00e9f\u00e9rant se concentrer sur<br \/>\nses propres choix num\u00e9riques.<\/p>\n<p>Mais au fil de l\u2019entretien, son discours s\u2019est charg\u00e9 d\u2019\u00e9motion<br \/>\net de fiert\u00e9. <strong>L\u00a0\u00bbessayiste franco-am\u00e9ricain<\/strong> a<br \/>\nsoulign\u00e9 avec affection les qualit\u00e9s de sa cadette : \u00ab\u00a0Tout ce<br \/>\nque je peux vous dire c\u2019est que c\u2019est une petite d\u2019une immense<br \/>\nintelligence. \u00c7a fait peur, le niveau de maturit\u00e9 qu\u2019elle peut<br \/>\nparfois incarner.\u00a0\u00bb Plus qu\u2019une adolescente active sur TikTok<br \/>\nou Instagram, Giulia appara\u00eet ainsi, \u00e0 ses yeux, comme une<br \/>\npersonnalit\u00e9 d\u00e9j\u00e0 marqu\u00e9e par une grande sensibilit\u00e9 et une<br \/>\n\u00e9tonnante lucidit\u00e9.<\/p>\n","protected":false},"excerpt":{"rendered":"Fini les vacances et retour aux choses s\u00e9rieuses pour Giulia Sarkozy. \u00c0 13 ans, la fille de Carla&hellip;\n","protected":false},"author":2,"featured_media":381351,"comment_status":"","ping_status":"","sticky":false,"template":"","format":"standard","meta":{"footnotes":""},"categories":[8],"tags":[12667,58,59,1011,27,3091],"class_list":{"0":"post-381350","1":"post","2":"type-post","3":"status-publish","4":"format-standard","5":"has-post-thumbnail","7":"category-divertissement","8":"tag-carla-bruni","9":"tag-divertissement","10":"tag-entertainment","11":"tag-fr","12":"tag-france","13":"tag-nicolas-sarkozy"},"share_on_mastodon":{"url":"https:\/\/pubeurope.com\/@fr\/115182474752337412","error":""},"_links":{"self":[{"href":"https:\/\/www.europesays.com\/fr\/wp-json\/wp\/v2\/posts\/381350","targetHints":{"allow":["GET"]}}],"collection":[{"href":"https:\/\/www.europesays.com\/fr\/wp-json\/wp\/v2\/posts"}],"about":[{"href":"https:\/\/www.europesays.com\/fr\/wp-json\/wp\/v2\/types\/post"}],"author":[{"embeddable":true,"href":"https:\/\/www.europesays.com\/fr\/wp-json\/wp\/v2\/users\/2"}],"replies":[{"embeddable":true,"href":"https:\/\/www.europesays.com\/fr\/wp-json\/wp\/v2\/comments?post=381350"}],"version-history":[{"count":0,"href":"https:\/\/www.europesays.com\/fr\/wp-json\/wp\/v2\/posts\/381350\/revisions"}],"wp:featuredmedia":[{"embeddable":true,"href":"https:\/\/www.europesays.com\/fr\/wp-json\/wp\/v2\/media\/381351"}],"wp:attachment":[{"href":"https:\/\/www.europesays.com\/fr\/wp-json\/wp\/v2\/media?parent=381350"}],"wp:term":[{"taxonomy":"category","embeddable":true,"href":"https:\/\/www.europesays.com\/fr\/wp-json\/wp\/v2\/categories?post=381350"},{"taxonomy":"post_tag","embeddable":true,"href":"https:\/\/www.europesays.com\/fr\/wp-json\/wp\/v2\/tags?post=381350"}],"curies":[{"name":"wp","href":"https:\/\/api.w.org\/{rel}","templated":true}]}}