{"id":381352,"date":"2025-09-10T22:57:16","date_gmt":"2025-09-10T22:57:16","guid":{"rendered":"https:\/\/www.europesays.com\/fr\/381352\/"},"modified":"2025-09-10T22:57:16","modified_gmt":"2025-09-10T22:57:16","slug":"samsung-demonte-les-nouveaux-iphone-17-avec-ces-posts-signes-icant","status":"publish","type":"post","link":"https:\/\/www.europesays.com\/fr\/381352\/","title":{"rendered":"Samsung d\u00e9monte les nouveaux iPhone 17 avec ces posts sign\u00e9s #iCant"},"content":{"rendered":"<p><strong>Samsung n\u2019a pas r\u00e9sist\u00e9 \u00e0 l\u2019envie de tacler son grand rival. Sur les r\u00e9seaux sociaux, la marque a ironis\u00e9 sur les nouveaux iPhone 17 avec des messages accompagn\u00e9s du hashtag #iCant.<\/strong><\/p>\n<p><img fetchpriority=\"high\" decoding=\"async\" class=\"aligncenter size-full wp-image-2666673\" src=\"data:image\/svg+xml,%3Csvg%20xmlns=\" http:=\"\" alt=\"iPhone 17 Pro\" width=\"1200\" height=\"750\" data-lazy- data-lazy- data-lazy-src=\"https:\/\/www.europesays.com\/fr\/wp-content\/uploads\/2025\/09\/iphone-17-pro.jpg\"\/><\/p>\n<p>Dans la tech, les rivalit\u00e9s entre marques ne se limitent pas aux produits. Elles s\u2019expriment aussi sur les r\u00e9seaux sociaux, o\u00f9 les petites phrases et les images d\u00e9tourn\u00e9es se multiplient \u00e0 chaque nouvelle annonce. Les lancements d\u2019Apple sont r\u00e9guli\u00e8rement l\u2019occasion pour ses concurrents de rappeler leurs propres atouts.<\/p>\n<p>C\u2019est exactement ce qu\u2019a fait Samsung hier, au moment de la pr\u00e9sentation des nouveaux iPhone 17. Lors de sa keynote de septembre, Apple a d\u00e9voil\u00e9 plusieurs produits, dont<a href=\"https:\/\/www.phonandroid.com\/apple-presente-ses-iphone-17-pro-et-17-pro-max-les-smartphones-les-plus-aboutis-de-son-histoire.html\" rel=\"nofollow noopener\" target=\"_blank\"> les iPhone 17 Pro et 17 Pro Max, ses nouveaux mod\u00e8les premium dot\u00e9s de trois capteurs photo de 48 m\u00e9gapixels<\/a> et d\u2019un zoom optique x8. La firme a aussi mis en avant sa nouvelle puce A19 Pro, plus performante, ainsi qu\u2019un design repens\u00e9 pour le bloc photo. Mais pendant que Cupertino vantait ses nouveaut\u00e9s, le g\u00e9ant cor\u00e9en pr\u00e9parait d\u00e9j\u00e0 ses r\u00e9ponses.<\/p>\n<blockquote class=\"twitter-tweet\">\n<p dir=\"ltr\" lang=\"en\">Actual innovation &gt; hype <a href=\"https:\/\/twitter.com\/hashtag\/iCant?src=hash&amp;ref_src=twsrc%5Etfw\" rel=\"nofollow noopener\" target=\"_blank\">#iCant<\/a> <a href=\"https:\/\/t.co\/Sl0k89iSMN\" rel=\"nofollow\">https:\/\/t.co\/Sl0k89iSMN<\/a><\/p>\n<p>\u2014 Samsung Mobile US (@SamsungMobileUS) <a href=\"https:\/\/twitter.com\/SamsungMobileUS\/status\/1965474950950817932?ref_src=twsrc%5Etfw\" rel=\"nofollow noopener\" target=\"_blank\">September 9, 2025<\/a><\/p>\n<\/blockquote>\n<blockquote class=\"twitter-tweet\">\n<p dir=\"ltr\" lang=\"en\">48MP x 3 still doesn&rsquo;t equal 200MP \ud83d\ude43 <a href=\"https:\/\/twitter.com\/hashtag\/iCant?src=hash&amp;ref_src=twsrc%5Etfw\" rel=\"nofollow noopener\" target=\"_blank\">#iCant<\/a><\/p>\n<p>\u2014 Samsung Mobile US (@SamsungMobileUS) <a href=\"https:\/\/twitter.com\/SamsungMobileUS\/status\/1965476884667670732?ref_src=twsrc%5Etfw\" rel=\"nofollow noopener\" target=\"_blank\">September 9, 2025<\/a><\/p>\n<\/blockquote>\n<blockquote class=\"twitter-tweet\">\n<p dir=\"ltr\" lang=\"en\"><a href=\"https:\/\/twitter.com\/hashtag\/iCant?src=hash&amp;ref_src=twsrc%5Etfw\" rel=\"nofollow noopener\" target=\"_blank\">#iCant<\/a> believe this is still relevant. \ud83d\udc80 <a href=\"https:\/\/t.co\/s6SFaLTRSJ\" rel=\"nofollow\">https:\/\/t.co\/s6SFaLTRSJ<\/a><\/p>\n<p>\u2014 Samsung Mobile US (@SamsungMobileUS) <a href=\"https:\/\/twitter.com\/SamsungMobileUS\/status\/1965480634782216369?ref_src=twsrc%5Etfw\" rel=\"nofollow noopener\" target=\"_blank\">September 9, 2025<\/a><\/p>\n<\/blockquote>\n<p>Samsung se moque des iPhone 17 avec le hashtag #iCant<\/p>\n<p>Sur X, Samsung a publi\u00e9 plusieurs messages pour pointer du doigt ce que les iPhone n\u2019ont pas encore, mais que ses Galaxy proposent d\u00e9j\u00e0. <strong>Les \u00e9crans pliables ont \u00e9t\u00e9 le premier sujet de moquerie, avec le hashtag #iCant<\/strong>, une allusion au fait qu\u2019Apple n\u2019a toujours pas de smartphone pliant. Le g\u00e9ant cor\u00e9en s\u2019est aussi attaqu\u00e9 aux nouveaux capteurs photo. L\u2019iPhone 17 Pro embarque trois objectifs de 48 m\u00e9gapixels chacun. De son c\u00f4t\u00e9, <a href=\"https:\/\/www.phonandroid.com\/galaxy-s25-ultra-test.html\" rel=\"nofollow noopener\" target=\"_blank\">le Galaxy S25 Ultra est \u00e9quip\u00e9 d\u2019un capteur principal de 200 m\u00e9gapixels<\/a>. La marque s\u2019est amus\u00e9e \u00e0 \u00e9crire : \u00ab 48MP x 3 ne font toujours pas 200MP \u00bb.<\/p>\n<p>Le constructeur en a profit\u00e9 pour insister sur sa vision de l\u2019innovation. <strong>Dans un autre message, Samsung a post\u00e9 : \u00ab Actual innovation &gt; hype \u00bb en r\u00e9f\u00e9rence au buzz g\u00e9n\u00e9r\u00e9 par les pr\u00e9sentations Apple<\/strong>. Cette strat\u00e9gie de communication n\u2019est pas nouvelle : la marque aime se pr\u00e9senter comme le pionnier, tandis que la marque \u00e0 la pomme capitalise sur son \u00e9cosyst\u00e8me solide et son immense base d\u2019utilisateurs fid\u00e8les. Pour cette derni\u00e8res, ces piques r\u00e9p\u00e9t\u00e9es ne semblent pas peser bien lourd face au succ\u00e8s commercial attendu des nouveaux iPhone.<\/p>\n<p>\t\t\t\t\t\t<script async src=\"https:\/\/platform.twitter.com\/widgets.js\" charset=\"utf-8\"><\/script><\/p>\n","protected":false},"excerpt":{"rendered":"Samsung n\u2019a pas r\u00e9sist\u00e9 \u00e0 l\u2019envie de tacler son grand rival. Sur les r\u00e9seaux sociaux, la marque a&hellip;\n","protected":false},"author":2,"featured_media":381353,"comment_status":"","ping_status":"","sticky":false,"template":"","format":"standard","meta":{"footnotes":""},"categories":[7],"tags":[1011,27,43,40,41,39,42,44],"class_list":{"0":"post-381352","1":"post","2":"type-post","3":"status-publish","4":"format-standard","5":"has-post-thumbnail","7":"category-sciences-et-technologies","8":"tag-fr","9":"tag-france","10":"tag-science","11":"tag-science-and-technology","12":"tag-sciences","13":"tag-sciences-et-technologies","14":"tag-technologies","15":"tag-technology"},"share_on_mastodon":{"url":"https:\/\/pubeurope.com\/@fr\/115182478546050072","error":""},"_links":{"self":[{"href":"https:\/\/www.europesays.com\/fr\/wp-json\/wp\/v2\/posts\/381352","targetHints":{"allow":["GET"]}}],"collection":[{"href":"https:\/\/www.europesays.com\/fr\/wp-json\/wp\/v2\/posts"}],"about":[{"href":"https:\/\/www.europesays.com\/fr\/wp-json\/wp\/v2\/types\/post"}],"author":[{"embeddable":true,"href":"https:\/\/www.europesays.com\/fr\/wp-json\/wp\/v2\/users\/2"}],"replies":[{"embeddable":true,"href":"https:\/\/www.europesays.com\/fr\/wp-json\/wp\/v2\/comments?post=381352"}],"version-history":[{"count":0,"href":"https:\/\/www.europesays.com\/fr\/wp-json\/wp\/v2\/posts\/381352\/revisions"}],"wp:featuredmedia":[{"embeddable":true,"href":"https:\/\/www.europesays.com\/fr\/wp-json\/wp\/v2\/media\/381353"}],"wp:attachment":[{"href":"https:\/\/www.europesays.com\/fr\/wp-json\/wp\/v2\/media?parent=381352"}],"wp:term":[{"taxonomy":"category","embeddable":true,"href":"https:\/\/www.europesays.com\/fr\/wp-json\/wp\/v2\/categories?post=381352"},{"taxonomy":"post_tag","embeddable":true,"href":"https:\/\/www.europesays.com\/fr\/wp-json\/wp\/v2\/tags?post=381352"}],"curies":[{"name":"wp","href":"https:\/\/api.w.org\/{rel}","templated":true}]}}