{"id":381357,"date":"2025-09-10T23:00:17","date_gmt":"2025-09-10T23:00:17","guid":{"rendered":"https:\/\/www.europesays.com\/fr\/381357\/"},"modified":"2025-09-10T23:00:17","modified_gmt":"2025-09-10T23:00:17","slug":"une-femme-tuee-de-plusieurs-coups-de-couteau-par-son-ex-conjoint-un-refugie-politique-afghan","status":"publish","type":"post","link":"https:\/\/www.europesays.com\/fr\/381357\/","title":{"rendered":"une femme tu\u00e9e de plusieurs coups de couteau par son ex-conjoint, un r\u00e9fugi\u00e9 politique afghan"},"content":{"rendered":"<p>Les faits se sont d\u00e9roul\u00e9s ce lundi, au domicile de la victime qui travaillait dans une association d\u2019aide aux migrants. Le suspect, un homme de 35 ans en situation r\u00e9guli\u00e8re, est toujours en fuite.<\/p>\n<p class=\"fig-paragraph\">Ce lundi \u00e0\u00a0<a href=\"http:\/\/www.lefigaro.fr\/faits-divers\/un-message-de-laxisme-a-poitiers-un-homme-place-sous-simple-controle-judiciaire-apres-avoir-violemment-frappe-un-policier-20250113\" data-fig-type=\"NewsFlash\" data-gtm-custom-categorie=\"navigation\" data-gtm-custom-action=\"crossclick\" data-gtm-custom-label=\"Contextuel\" data-gtm-event=\"customEventSPE\" data-fig-domain=\"LEFIGARO\" rel=\"nofollow noopener\" target=\"_blank\">Poitiers<\/a>, In\u00e8s, une jeune fille de 25 ans, a \u00e9t\u00e9 tu\u00e9e de plusieurs\u00a0<a href=\"http:\/\/www.lefigaro.fr\/faits-divers\/grenoble-un-boulanger-entre-la-vie-et-la-mort-apres-avoir-ete-poignarde-20250901\" data-fig-type=\"NewsFlash\" data-gtm-custom-categorie=\"navigation\" data-gtm-custom-action=\"crossclick\" data-gtm-custom-label=\"Contextuel\" data-gtm-event=\"customEventSPE\" data-fig-domain=\"LEFIGARO\" rel=\"nofollow noopener\" target=\"_blank\">coups de couteau<\/a>\u00a0\u00e0 son domicile, a appris Le Figaro aupr\u00e8s du parquet de Poitiers, confirmant des informations de\u00a0<a href=\"https:\/\/www.lanouvellerepublique.fr\/poitiers\/feminicide-a-poitiers-une-enquete-ouverte-pour-assassinat-1757418749\" target=\"_blank\" rel=\"sponsored noopener nofollow\" data-gtm-custom-categorie=\"navigation\" data-gtm-custom-action=\"crossclick\" data-gtm-custom-label=\"Contextuel\" data-gtm-event=\"customEventSPE\">La Nouvelle R\u00e9publique<\/a>. Le principal suspect est son ancien conjoint, un r\u00e9fugi\u00e9 politique originaire d\u2019<a href=\"http:\/\/www.lefigaro.fr\/international\/nous-n-avons-que-huit-tentes-pour-toute-la-population-du-village-en-afghanistan-les-secours-peinent-toujours-a-atteindre-les-victimes-du-seisme-20250908\" data-fig-type=\"Article\" data-gtm-custom-categorie=\"navigation\" data-gtm-custom-action=\"crossclick\" data-gtm-custom-label=\"Contextuel\" data-gtm-event=\"customEventSPE\" data-fig-domain=\"LEFIGARO\" rel=\"nofollow noopener\" target=\"_blank\">Afghanistan<\/a>, en situation r\u00e9guli\u00e8re sur le territoire.<\/p>\n<p class=\"fig-paragraph\">Malgr\u00e9 une prise en charge par les secours, la victime est d\u00e9c\u00e9d\u00e9e des suites de ses blessures. Le parquet de Poitiers a ouvert une enqu\u00eate en flagrance du chef d\u2019assassinat. L\u2019homme \u00e2g\u00e9 de 35 ans est toujours activement recherch\u00e9.<\/p>\n<p>                                    <a class=\"fig-a11y-skip a11y-hidden\" href=\"#fig-a11y-skip-main-inarticle\"><br \/>\n        Passer la publicit\u00e9<br \/>\n    <\/a><\/p>\n<p>Association<\/p>\n<p class=\"fig-paragraph\">La victime faisait partie d\u2019une association qui aide des migrants, notamment avec les d\u00e9marches administratives. C\u2019est dans ce cadre qu\u2019elle a rencontr\u00e9 le mis en cause, indique sa famille au Figaro. Apr\u00e8s deux ans de relation, In\u00e8s a d\u00e9cid\u00e9 en avril dernier de se s\u00e9parer de son conjoint, mais cette d\u00e9cision n\u2019a pas \u00e9t\u00e9 accept\u00e9e par le trentenaire qui a alors suivi et harcel\u00e9 la jeune fille dans la rue, \u00e0 son travail et chez elle.<\/p>\n<p class=\"fig-paragraph\">Selon les dires de la famille, In\u00e8s aurait d\u00e9pos\u00e9 six plaintes au commissariat. Interrog\u00e9 \u00e0 ce sujet, le parquet de Poitiers n\u2019a pas r\u00e9pondu. Les proches de la jeune fille d\u00e9plorent un manquement au sein de la police qui n\u2019aurait \u00abpas pris au s\u00e9rieux\u00bb les d\u00e9clarations d\u2019In\u00e8s, nous confie Yacine, son fr\u00e8re. \u00abNotre combat ne porte pas seulement contre l\u2019homme qui l\u2019a tu\u00e9, mais aussi contre le syst\u00e8me\u00bb, clame la famille. \u00abElle a port\u00e9 plainte \u00e0 plusieurs reprises et rien n\u2019a \u00e9t\u00e9 fait. Pour moi il y a deux coupables\u00a0: la police et l\u2019individu\u00bb.\u00a0<\/p>\n<p class=\"fig-paragraph\">Malgr\u00e9 la col\u00e8re et la tristesse, Yacine se souvient de sa s\u0153ur comme une personne \u00abtr\u00e8s souriante, vivante et ouverte aux autres\u00bb. \u00abElle n\u2019a pas choisi ce m\u00e9tier par hasard. Elle passait plus de temps avec les autres qu\u2019avec sa famille, rit-il l\u00e9g\u00e8rement. Elle s\u2019investissait corps et \u00e2me. Quand elle avait des missions elle donnait tout\u00bb, d\u00e9crit-il, la voix tremblante.<\/p>\n","protected":false},"excerpt":{"rendered":"Les faits se sont d\u00e9roul\u00e9s ce lundi, au domicile de la victime qui travaillait dans une association d\u2019aide&hellip;\n","protected":false},"author":2,"featured_media":381358,"comment_status":"","ping_status":"","sticky":false,"template":"","format":"standard","meta":{"footnotes":""},"categories":[4],"tags":[11,1011,27,12,1653,25],"class_list":{"0":"post-381357","1":"post","2":"type-post","3":"status-publish","4":"format-standard","5":"has-post-thumbnail","7":"category-france","8":"tag-actualites","9":"tag-fr","10":"tag-france","11":"tag-news","12":"tag-poitiers","13":"tag-republique-francaise"},"share_on_mastodon":{"url":"https:\/\/pubeurope.com\/@fr\/115182490478209316","error":""},"_links":{"self":[{"href":"https:\/\/www.europesays.com\/fr\/wp-json\/wp\/v2\/posts\/381357","targetHints":{"allow":["GET"]}}],"collection":[{"href":"https:\/\/www.europesays.com\/fr\/wp-json\/wp\/v2\/posts"}],"about":[{"href":"https:\/\/www.europesays.com\/fr\/wp-json\/wp\/v2\/types\/post"}],"author":[{"embeddable":true,"href":"https:\/\/www.europesays.com\/fr\/wp-json\/wp\/v2\/users\/2"}],"replies":[{"embeddable":true,"href":"https:\/\/www.europesays.com\/fr\/wp-json\/wp\/v2\/comments?post=381357"}],"version-history":[{"count":0,"href":"https:\/\/www.europesays.com\/fr\/wp-json\/wp\/v2\/posts\/381357\/revisions"}],"wp:featuredmedia":[{"embeddable":true,"href":"https:\/\/www.europesays.com\/fr\/wp-json\/wp\/v2\/media\/381358"}],"wp:attachment":[{"href":"https:\/\/www.europesays.com\/fr\/wp-json\/wp\/v2\/media?parent=381357"}],"wp:term":[{"taxonomy":"category","embeddable":true,"href":"https:\/\/www.europesays.com\/fr\/wp-json\/wp\/v2\/categories?post=381357"},{"taxonomy":"post_tag","embeddable":true,"href":"https:\/\/www.europesays.com\/fr\/wp-json\/wp\/v2\/tags?post=381357"}],"curies":[{"name":"wp","href":"https:\/\/api.w.org\/{rel}","templated":true}]}}