{"id":381359,"date":"2025-09-10T23:01:17","date_gmt":"2025-09-10T23:01:17","guid":{"rendered":"https:\/\/www.europesays.com\/fr\/381359\/"},"modified":"2025-09-10T23:01:17","modified_gmt":"2025-09-10T23:01:17","slug":"la-premiere-reaction-de-trump-aux-drones-russes-en-pologne-ne-va-pas-rassurer-lotan","status":"publish","type":"post","link":"https:\/\/www.europesays.com\/fr\/381359\/","title":{"rendered":"La premi\u00e8re r\u00e9action de Trump aux drones russes en Pologne ne va pas rassurer l\u2019Otan"},"content":{"rendered":"<p>        <img decoding=\"async\" loading=\"lazy\" src=\"https:\/\/www.europesays.com\/fr\/wp-content\/uploads\/2025\/09\/769eefa_upload-1-fhkuwir3vovi-063-2234332141.jpg\"  width=\"728\" height=\"410\" alt=\"Donald Trump a not\u00e9 mercredi 10\u00a0septembre au soir la \u00ab\u00a0violation de l\u2019espace a\u00e9rien polonais\u00a0\u00bb par la Russie dans un message \u00e9nigmatique.\"\/>  <\/p>\n<p>WIN MCNAMEE \/ Getty Images via AFP<\/p>\n<p>Donald Trump a not\u00e9 mercredi 10\u00a0septembre au soir la \u00ab\u00a0violation de l\u2019espace a\u00e9rien polonais\u00a0\u00bb par la Russie dans un message \u00e9nigmatique.<\/p>\n<p class=\"asset asset-text\">INTERNATIONAL &#8211;\u00a0\u00c0 rebours des r\u00e9actions de ses partenaires europ\u00e9ens de l\u2019<a href=\"https:\/\/www.huffingtonpost.fr\/international\/article\/en-quoi-consiste-l-article-4-de-l-otan-active-apres-l-intrusion-de-drones-en-pologne_254659.html\" target=\"_blank\" rel=\"noopener\">Otan<\/a> qui d\u00e9noncent avec fermet\u00e9 cette nouvelle escalade.\u00a0<a href=\"https:\/\/www.huffingtonpost.fr\/international\/article\/pourquoi-donald-trump-est-tres-embarrasse-apres-les-frappes-israeliennes-au-qatar_254634.html\" target=\"_blank\" rel=\"noopener\">Donald Trump<\/a> a not\u00e9 la \u00ab\u00a0violation de l\u2019espace a\u00e9rien polonais\u00a0\u00bb par la Russie dans un message \u00e9nigmatique, au ton presque d\u00e9sinvolte, publi\u00e9 sur son r\u00e9seau Truth Social, ce mercredi 10\u00a0septembre.<\/p>\n<p class=\"asset asset-text\">\u00ab\u00a0Qu\u2019est-ce qui se passe avec la Russie qui viole l\u2019espace a\u00e9rien polonais avec des drones\u00a0? C\u2019est parti\u00a0!\u00a0\u00bb a \u00e9crit le pr\u00e9sident am\u00e9ricain, dans sa premi\u00e8re et succincte r\u00e9action depuis que l\u2019Otan a aid\u00e9 \u00e0 intercepter des drones que les Occidentaux jugent d\u00e9lib\u00e9r\u00e9ment envoy\u00e9s dans la nuit par la Russie.<\/p>\n<p class=\"asset asset-text\">Contrairement au pr\u00e9sident am\u00e9ricain, les membres de l\u2019Otan ont fustig\u00e9 cette attaque nocture, pointant la responsabilit\u00e9 de Moscou. Le chancelier allemand Friedrich Merz a notamment \u00e9voqu\u00e9 une \u00ab\u00a0action agressive\u00a0\u00bb de la Russie, son ministre de la D\u00e9fense Boris Pistorius parlant d\u2019une nouvelle \u00ab\u00a0provocation des forces arm\u00e9es russes\u00a0\u00bb. Emmanel Macron a, lui condamn\u00e9 avec \u00ab\u00a0la plus grande fermet\u00e9\u00a0\u00bb, \u00ab\u00a0l\u2019incursion de drones russes\u00a0\u00bb en Pologne. Tandis que la Russie a d\u00e9menti avoir vis\u00e9 la Pologne et a accus\u00e9 Varsovie de r\u00e9pandre des \u00ab\u00a0mythes\u00a0\u00bb pour intensifier <a href=\"https:\/\/www.huffingtonpost.fr\/international\/article\/guerre-en-ukraine-zelensky-presse-encore-ses-allies-apres-une-frappe-russe-directement-sur-des-civils_254614.html\" target=\"_blank\" rel=\"noopener\">la guerre en Ukraine.<\/a><\/p>\n<p>    Zelensky regrette un \u00ab\u00a0manque d\u2019action\u00a0\u00bb des Occidentaux    <\/p>\n<p class=\"asset asset-text\">Le Conseil de l\u2019Atlantique Nord, le principal organe de d\u00e9cision politique de l\u2019Alliance, a d\u00e9cid\u00e9 de modifier ce mercredi le format de sa r\u00e9union hebdomadaire pour la tenir dans le cadre d<a href=\"https:\/\/www.huffingtonpost.fr\/international\/article\/en-quoi-consiste-l-article-4-de-l-otan-active-apres-l-intrusion-de-drones-en-pologne_254659.html\" target=\"_blank\" rel=\"noopener\">e l\u2019article 4 du trait\u00e9 constitutif de cette organisation<\/a>, dont Varsovie a demand\u00e9 l\u2019activation. Celui-ci stipule que \u00ab\u00a0les parties se consulteront chaque fois que, de l\u2019avis de l\u2019une d\u2019elles, l\u2019int\u00e9grit\u00e9 territoriale, l\u2019ind\u00e9pendance politique ou la s\u00e9curit\u00e9 de l\u2019une des parties sera menac\u00e9e\u00a0\u00bb.<\/p>\n<p class=\"asset asset-text\">L\u2019Alliance a \u00e9t\u00e9 \u00ab\u00a0tr\u00e8s efficace\u00a0\u00bb pour contrer cette \u00ab\u00a0dangereuse\u00a0\u00bb intrusion, \u00ab\u00a0intentionnelle ou non\u00a0\u00bb, s\u2019est \u00e9galement f\u00e9licit\u00e9 son secr\u00e9taire g\u00e9n\u00e9ral Mark Rutte avant d\u2019avertir Moscou que \u00ab\u00a0nous d\u00e9fendrons chaque centim\u00e8tre du territoire de l\u2019Otan\u00a0\u00bb. C\u2019est d\u2019ailleurs \u00ab\u00a0la premi\u00e8re fois que des avions de l\u2019Otan ont affront\u00e9 des menaces potentielles dans l\u2019espace a\u00e9rien alli\u00e9\u00a0\u00bb, a soulign\u00e9 un porte-parole du Shape, le quartier g\u00e9n\u00e9ral des forces de cette organisation en Europe.<\/p>\n<p class=\"asset asset-text\">Mais le pr\u00e9sident ukrainien Volodymyr Zelensky est plus mesur\u00e9. Il a regrett\u00e9 mercredi le \u00ab\u00a0manque d\u2019action\u00a0\u00bb des dirigeants occidentaux apr\u00e8s l\u2019interception dans la nuit par la Pologne de drones russes pr\u00e9sum\u00e9s. Et d\u2019estimer que \u00ab\u00a0la Russie n\u2019a pas re\u00e7u de r\u00e9ponse ferme (&#8230;), une r\u00e9ponse qui se traduirait par des mesures concr\u00e8tes\u00a0\u00bb.<\/p>\n<p>    Donald Trump refuse de sanctionner plus s\u00e9v\u00e8rement Moscou    <\/p>\n<p class=\"asset asset-text\">Quant \u00e0 Donald Trump, il doit s\u2019entretenir mercredi avec le pr\u00e9sident nationaliste polonais Karol Nawrocki, a fait savoir un haut responsable de la Maison Blanche \u00e0 l\u2019AFP. Le pr\u00e9sident am\u00e9ricain et son \u00e9quipe \u00ab\u00a0suivent les nouvelles en provenance de Pologne\u00a0\u00bb a-t-il indiqu\u00e9, sous couvert d\u2019anonymat.<\/p>\n<p class=\"asset asset-text\">Le chef d\u2019Etat polonais a \u00e9t\u00e9 re\u00e7u r\u00e9cemment de mani\u00e8re tr\u00e8s amicale \u00e0 la Maison Blanche, o\u00f9 Donald Trump lui a promis que les Etats-Unis continueraient \u00e0 aider la Pologne \u00e0 assurer sa propre s\u00e9curit\u00e9.<\/p>\n<p class=\"asset asset-text\">Le dirigeant r\u00e9publicain a promis plusieurs fois de mettre fin au conflit en Ukraine, mais ses efforts de m\u00e9diation n\u2019ont rien donn\u00e9. Il a par ailleurs souvent critiqu\u00e9 l\u2019Otan, en jugeant que certains pays membres ne faisaient pas d\u2019efforts suffisants en termes de budgets militaires.<\/p>\n<p class=\"asset asset-text\">Donald Trump refuse depuis le d\u00e9but d\u2019attribuer la responsabilit\u00e9 de la guerre en Ukraine \u00e0 la Russie, et ses menaces de sanctionner plus s\u00e9v\u00e8rement Moscou ne se sont jusqu\u2019ici pas concr\u00e9tis\u00e9es.<\/p>\n","protected":false},"excerpt":{"rendered":"WIN MCNAMEE \/ Getty Images via AFP Donald Trump a not\u00e9 mercredi 10\u00a0septembre au soir la \u00ab\u00a0violation de&hellip;\n","protected":false},"author":2,"featured_media":381360,"comment_status":"","ping_status":"","sticky":false,"template":"","format":"standard","meta":{"footnotes":""},"categories":[2],"tags":[11,75,1011,27,131,14,12,136,2437,132],"class_list":{"0":"post-381359","1":"post","2":"type-post","3":"status-publish","4":"format-standard","5":"has-post-thumbnail","7":"category-actualites","8":"tag-actualites","9":"tag-donald-trump","10":"tag-fr","11":"tag-france","12":"tag-guerre-en-ukraine","13":"tag-international","14":"tag-news","15":"tag-otan","16":"tag-pologne","17":"tag-russie"},"share_on_mastodon":{"url":"https:\/\/pubeurope.com\/@fr\/115182494628784935","error":""},"_links":{"self":[{"href":"https:\/\/www.europesays.com\/fr\/wp-json\/wp\/v2\/posts\/381359","targetHints":{"allow":["GET"]}}],"collection":[{"href":"https:\/\/www.europesays.com\/fr\/wp-json\/wp\/v2\/posts"}],"about":[{"href":"https:\/\/www.europesays.com\/fr\/wp-json\/wp\/v2\/types\/post"}],"author":[{"embeddable":true,"href":"https:\/\/www.europesays.com\/fr\/wp-json\/wp\/v2\/users\/2"}],"replies":[{"embeddable":true,"href":"https:\/\/www.europesays.com\/fr\/wp-json\/wp\/v2\/comments?post=381359"}],"version-history":[{"count":0,"href":"https:\/\/www.europesays.com\/fr\/wp-json\/wp\/v2\/posts\/381359\/revisions"}],"wp:featuredmedia":[{"embeddable":true,"href":"https:\/\/www.europesays.com\/fr\/wp-json\/wp\/v2\/media\/381360"}],"wp:attachment":[{"href":"https:\/\/www.europesays.com\/fr\/wp-json\/wp\/v2\/media?parent=381359"}],"wp:term":[{"taxonomy":"category","embeddable":true,"href":"https:\/\/www.europesays.com\/fr\/wp-json\/wp\/v2\/categories?post=381359"},{"taxonomy":"post_tag","embeddable":true,"href":"https:\/\/www.europesays.com\/fr\/wp-json\/wp\/v2\/tags?post=381359"}],"curies":[{"name":"wp","href":"https:\/\/api.w.org\/{rel}","templated":true}]}}