{"id":381362,"date":"2025-09-10T23:08:39","date_gmt":"2025-09-10T23:08:39","guid":{"rendered":"https:\/\/www.europesays.com\/fr\/381362\/"},"modified":"2025-09-10T23:08:39","modified_gmt":"2025-09-10T23:08:39","slug":"environ-2-000-personnes-defilent-a-nancy-des-interpellations","status":"publish","type":"post","link":"https:\/\/www.europesays.com\/fr\/381362\/","title":{"rendered":"environ 2 000 personnes d\u00e9filent \u00e0 Nancy, des interpellations"},"content":{"rendered":"<p>        <strong>SOCIAL. Pr\u00e8s de 2 000 personnes ont manifest\u00e9, mercredi 10 septembre, \u00e0 Nancy dans le cadre de la journ\u00e9e nationale \u00ab Bloquons tout \u00bb. Le cort\u00e8ge, qui r\u00e9unissait \u00e9tudiants, salari\u00e9s et retrait\u00e9s, s\u2019est d\u00e9roul\u00e9 dans le calme, malgr\u00e9 trois interpellations et des tirs de projectiles isol\u00e9s.<\/strong><\/p>\n<p>\u00a0<\/p>\n<p>\u00c0 l\u2019appel de plusieurs organisations et collectifs citoyens, environ 2 000 personnes ont battu le pav\u00e9, mercredi 10 septembre, \u00e0 Nancy dans le cadre de la journ\u00e9e nationale de mobilisation \u00ab Bloquons tout \u00bb.<\/p>\n<p>Retrait\u00e9s, salari\u00e9s et \u00e9tudiants ont d\u00e9fil\u00e9 d\u00e8s 15h20, de Vand\u0153uvre-l\u00e8s-Nancy jusqu\u2019\u00e0 la place Stanislas, derri\u00e8re banderoles et pancartes pour d\u00e9noncer l\u2019aust\u00e9rit\u00e9 budg\u00e9taire et les in\u00e9galit\u00e9s sociales. Le cort\u00e8ge, color\u00e9 et bruyant, rythm\u00e9 par des tambours et des slogans hostiles au gouvernement, a \u00e9volu\u00e9 dans une ambiance globalement bon enfant. Rue Saint-Dizier, plusieurs projectiles lanc\u00e9s depuis un appartement en direction des manifestants ont \u00e9t\u00e9 hu\u00e9s et rapidement d\u00e9sapprouv\u00e9s par le cort\u00e8ge.<\/p>\n<p>Dans un communiqu\u00e9, la pr\u00e9fecture de Meurthe-et-Moselle a salu\u00e9 \u00ab le bon d\u00e9roulement de la manifestation, qui s\u2019est tenue dans le calme et selon le parcours d\u00e9clar\u00e9 \u00bb. Toutefois, en amont du d\u00e9part, deux individus ont \u00e9t\u00e9 interpell\u00e9s et plac\u00e9s en garde \u00e0 vue pour port d\u2019armes blanches tandis qu&rsquo;une troisi\u00e8me personne a \u00e9t\u00e9 arr\u00eat\u00e9e apr\u00e8s avoir tagu\u00e9 la statue de Stanislas.<\/p>\n<p>Au total, 170 policiers nationaux, 150 gendarmes et 14 CRS de la compagnie autorouti\u00e8re avaient \u00e9t\u00e9 mobilis\u00e9s. Le pr\u00e9fet Yves S\u00e9guy a \u00ab remerci\u00e9 l\u2019ensemble des forces de s\u00e9curit\u00e9 pour leur engagement \u00bb et rappel\u00e9 que l\u2019objectif \u00e9tait \u00ab d\u2019assurer la s\u00e9curit\u00e9 des personnes et des biens \u00bb lors de cette journ\u00e9e de mobilisation sociale.<\/p>\n<p>Malgr\u00e9 les craintes d\u2019\u00e9ventuels d\u00e9bordements, aucun incident majeur n\u2019a \u00e9t\u00e9 constat\u00e9. La manifestation s\u2019est dispers\u00e9e en fin de journ\u00e9e dans le centre-ville de Nancy.<\/p>\n<p><img loading=\"lazy\" decoding=\"async\" src=\"https:\/\/www.europesays.com\/fr\/wp-content\/uploads\/2025\/09\/manif.jpg\" alt=\"manif\" width=\"900\" height=\"500\"\/><img loading=\"lazy\" decoding=\"async\" src=\"https:\/\/www.europesays.com\/fr\/wp-content\/uploads\/2025\/09\/manif2.jpg\" alt=\"manif2\" width=\"900\" height=\"500\"\/><img loading=\"lazy\" decoding=\"async\" src=\"https:\/\/www.europesays.com\/fr\/wp-content\/uploads\/2025\/09\/manif1.jpg\" alt=\"manif1\" width=\"900\" height=\"500\"\/><img loading=\"lazy\" decoding=\"async\" src=\"https:\/\/www.europesays.com\/fr\/wp-content\/uploads\/2025\/09\/manif3.jpg\" alt=\"manif3\" width=\"900\" height=\"500\"\/><\/p>\n<p>\u00a0<\/p>\n<p>\t\t\t\t\t\t<a href=\"https:\/\/www.pinterest.com\/pin\/create\/button\/\" data-pin-do=\"buttonBookmark\" data-pin-color=\"red\" rel=\"nofollow noopener\" target=\"_blank\"><img decoding=\"async\" src=\"https:\/\/www.europesays.com\/fr\/wp-content\/uploads\/2025\/04\/pinit_fg_en_rect_red_20.png\" alt=\"Pin It\"\/><\/a><\/p>\n","protected":false},"excerpt":{"rendered":"SOCIAL. Pr\u00e8s de 2 000 personnes ont manifest\u00e9, mercredi 10 septembre, \u00e0 Nancy dans le cadre de la&hellip;\n","protected":false},"author":2,"featured_media":380991,"comment_status":"","ping_status":"","sticky":false,"template":"","format":"standard","meta":{"footnotes":""},"categories":[9635],"tags":[1111,11,1777,674,1011,27,775,1702,12,25],"class_list":{"0":"post-381362","1":"post","2":"type-post","3":"status-publish","4":"format-standard","5":"has-post-thumbnail","7":"category-nancy","8":"tag-actu","9":"tag-actualites","10":"tag-eu","11":"tag-europe","12":"tag-fr","13":"tag-france","14":"tag-grand-est","15":"tag-nancy","16":"tag-news","17":"tag-republique-francaise"},"share_on_mastodon":{"url":"https:\/\/pubeurope.com\/@fr\/115182522126689321","error":""},"_links":{"self":[{"href":"https:\/\/www.europesays.com\/fr\/wp-json\/wp\/v2\/posts\/381362","targetHints":{"allow":["GET"]}}],"collection":[{"href":"https:\/\/www.europesays.com\/fr\/wp-json\/wp\/v2\/posts"}],"about":[{"href":"https:\/\/www.europesays.com\/fr\/wp-json\/wp\/v2\/types\/post"}],"author":[{"embeddable":true,"href":"https:\/\/www.europesays.com\/fr\/wp-json\/wp\/v2\/users\/2"}],"replies":[{"embeddable":true,"href":"https:\/\/www.europesays.com\/fr\/wp-json\/wp\/v2\/comments?post=381362"}],"version-history":[{"count":0,"href":"https:\/\/www.europesays.com\/fr\/wp-json\/wp\/v2\/posts\/381362\/revisions"}],"wp:featuredmedia":[{"embeddable":true,"href":"https:\/\/www.europesays.com\/fr\/wp-json\/wp\/v2\/media\/380991"}],"wp:attachment":[{"href":"https:\/\/www.europesays.com\/fr\/wp-json\/wp\/v2\/media?parent=381362"}],"wp:term":[{"taxonomy":"category","embeddable":true,"href":"https:\/\/www.europesays.com\/fr\/wp-json\/wp\/v2\/categories?post=381362"},{"taxonomy":"post_tag","embeddable":true,"href":"https:\/\/www.europesays.com\/fr\/wp-json\/wp\/v2\/tags?post=381362"}],"curies":[{"name":"wp","href":"https:\/\/api.w.org\/{rel}","templated":true}]}}