{"id":381363,"date":"2025-09-10T23:09:21","date_gmt":"2025-09-10T23:09:21","guid":{"rendered":"https:\/\/www.europesays.com\/fr\/381363\/"},"modified":"2025-09-10T23:09:21","modified_gmt":"2025-09-10T23:09:21","slug":"reussir-a-rester-en-evolution-permanente-la-philosophie-de-larriere-du-rct-marius-domon","status":"publish","type":"post","link":"https:\/\/www.europesays.com\/fr\/381363\/","title":{"rendered":"\u00ab\u00a0R\u00e9ussir \u00e0 rester en \u00e9volution permanente\u00a0\u00bb, la philosophie de l&rsquo;arri\u00e8re du RCT Marius Domon"},"content":{"rendered":"<p>Du haut de ses 23 ans, Marius Domon sort de la meilleure saison de sa jeune carri\u00e8re. Vingt-huit matches disput\u00e9s avec Toulon, un premier rassemblement avec le XV de France en mars et une tourn\u00e9e en Nouvelle-Z\u00e9lande avec les Bleus (lire ci-contre), l\u2019arri\u00e8re n\u2019a pas arr\u00eat\u00e9. Et comme si son ann\u00e9e n\u2019\u00e9tait pas assez remplie, il a pris le temps, avec ses frangins, de lancer une marque de v\u00eatements (lire ci-contre).<\/p>\n<p>Revenu sur le tard \u00e0 Toulon, \u00ab\u00a0Domonstre\u00a0\u00bb a tout de m\u00eame \u00e9t\u00e9 align\u00e9 par Pierre Mignoni, \u00e0 Montpellier, pour la premi\u00e8re journ\u00e9e du championnat. Un choix fort (et payant) du technicien toulonnais. Hier apr\u00e8s-midi au Campus, au terme d\u2019un entra\u00eenement \u00e0 haute intensit\u00e9, Marius Domon a accept\u00e9 de se confier pour Var-matin. Sans prise de t\u00eate, \u00e0 son image.<\/p>\n<p><strong>Malgr\u00e9 seulement 30 minutes de jeu en amical \u00e0 Issoire, vous vous \u00eates retrouv\u00e9 titulaire \u00e0 Montpellier. Pas trop difficile, comme reprise?<\/strong><\/p>\n<p>C\u2019est s\u00fbr que c\u2019est la premi\u00e8re fois que je faisais une pr\u00e9paration aussi courte (sourire). Mais la saison a \u00e9t\u00e9 assez longue. Au retour de la tourn\u00e9e avec les Bleus, on a pu couper trois semaines et, derri\u00e8re, on a repris avec le groupe, \u00e0 Toulon. Mais je pense que j\u2019ai pu assez me r\u00e9g\u00e9n\u00e9rer pour reprendre en forme. Pierre [Mignoni] a d\u00e9cid\u00e9 de me faire confiance pour cette premi\u00e8re journ\u00e9e \u00e0 Montpellier et, au final, \u00e7a s\u2019est plut\u00f4t pas mal pass\u00e9.<\/p>\n<p><strong>Lors de cette victoire \u00e0 Montpellier, vous aviez \u00e9galement la responsabilit\u00e9 du but. Comment cette d\u00e9cision a-t-elle \u00e9t\u00e9 prise?<\/strong><\/p>\n<p>Quand on a eu la composition d\u2019\u00e9quipe en milieu de semaine, on \u00e9tait trois \u00e0 pouvoir buter: Paolo [Garbisi], Baptiste [Serin] et moi. C\u2019est plut\u00f4t Max [Petitjean, responsable de la strat\u00e9gie du jeu \u00e0 pied, Ndlr] qui a fait ce choix. Il m\u2019a simplement demand\u00e9 si je me sentais pr\u00eat&#8230; et j\u2019ai dit que oui. Donc, sinc\u00e8rement, \u00e7a s\u2019est fait plut\u00f4t naturellement.<\/p>\n<p><strong>Avec ce r\u00f4le suppl\u00e9mentaire, avez-vous chang\u00e9 quelque chose dans votre pr\u00e9paration?<\/strong><\/p>\n<p>Honn\u00eatement? Non, pas grand-chose (sourire). Je n\u2019ai pas senti plus de pression. C\u2019est juste que, quand tu butes, tu te retrouves avec un peu plus de responsabilit\u00e9s sur le terrain. Le but, \u00e7a peut permettre de prendre le score, de faire la diff\u00e9rence ou de revenir. C\u2019est un secteur important.<\/p>\n<p><strong>Cinq p\u00e9nalit\u00e9s sur six r\u00e9ussies, un essai \u00e0 la conclusion d\u2019un mouvement en premi\u00e8re main: comment avez-vous jug\u00e9 votre prestation \u00e0 Montpellier?<\/strong><\/p>\n<p>Je pense que j\u2019ai rendu une copie propre. Dans le jeu, c\u2019\u00e9tait une reprise et, au final, il n\u2019y avait pas \u00e9norm\u00e9ment de rythme. Mais je me suis bien senti. Apr\u00e8s, c\u2019est la premi\u00e8re fois que j\u2019avais le but d\u00e8s le d\u00e9but du match. Je manque la derni\u00e8re mais, sinon, elles sont toutes pass\u00e9es. C\u2019est agr\u00e9able comme sensation et comme responsabilit\u00e9. L\u00e0, tu es tout seul. Si tu rates, tu es le seul \u00e0 avoir rat\u00e9\u2026 et tu ne peux t\u2019en prendre qu\u2019\u00e0 toi. Alors, oui, \u00e7a peut \u00eatre une pression mais \u00e7a te permet aussi d\u2019apporter des points \u00e0 l\u2019\u00e9quipe quand \u00e7a passe. Et comme sentiment, c\u2019est plaisant.<\/p>\n<p><strong>Vous sortez d\u2019une saison \u00e0 28 matches, durant laquelle vous avez \u00e9t\u00e9 propuls\u00e9 titulaire d\u2019entr\u00e9e avec la suspension de Melvyn Jaminet. Comment vit-on \u00e7a quand on a, \u00e0 ce moment-l\u00e0, seulement 22 ans?<\/strong><\/p>\n<p>C\u2019est vrai que c\u2019est arriv\u00e9 plut\u00f4t soudainement. En \u00e9tant le seul au poste l\u2019ann\u00e9e derni\u00e8re, j\u2019ai \u00e9t\u00e9 propuls\u00e9 num\u00e9ro 1. Je pense qu\u2019il ne fallait pas essayer de trop en faire. C\u2019est-\u00e0-dire surtout rester moi-m\u00eame. Pierre [Mignoni] m\u2019a fait confiance en ne recrutant pas de joker. Et quand tu te sens bien avec ton coach, \u00e7a aide \u00e0 jouer lib\u00e9r\u00e9 sur le terrain. J\u2019ai essay\u00e9 de lui rendre cette confiance, et aussi de la rendre au groupe du mieux que je pouvais.<\/p>\n<p><strong>Qu\u2019avez-vous appris de cette saison? Sur vous, notamment?<\/strong><\/p>\n<p>(Il sourit) C\u2019est particulier, ce n\u2019est jamais \u00e9vident de se juger. En fait, c\u2019est global. Je pense que j\u2019ai pris pas mal d\u2019exp\u00e9rience. Encha\u00eener autant de matches, jouer plusieurs comp\u00e9titions, \u00e7a fait grandir. J\u2019ai aussi appris qu\u2019une saison c\u2019est\u2026 tr\u00e8s long! C\u2019\u00e9tait la premi\u00e8re fois que j\u2019\u00e9tais autant utilis\u00e9 alors, forc\u00e9ment, \u00e0 la fin, je suis ressorti un peu essor\u00e9.<\/p>\n<p><strong>Avez-vous le sentiment d\u2019avoir pris une autre dimension au fil de la saison?<\/strong><\/p>\n<p>Oui, j\u2019ai l\u2019impression. Il ne faut pas prendre la grosse t\u00eate mais on doit r\u00e9ussir \u00e0 rester en \u00e9volution permanente. C\u2019est un cercle positif. J\u2019esp\u00e8re avoir pris plus de place que l\u2019ann\u00e9e derni\u00e8re, comme j\u2019esp\u00e8re que la saison prochaine, \u00e7a sera encore plus le cas. En tout cas, je donnerai tout pour.<\/p>\n<p><strong>Mi-avril, vous avez \u00e9galement sign\u00e9 votre premier contrat pro \u00e0 Toulon. Est-ce une fiert\u00e9 de s\u2019inscrire dans la dur\u00e9e dans son club formateur?<\/strong><\/p>\n<p>Quand tu signes pro, c\u2019est un r\u00eave de gosse qui se r\u00e9alise. Apr\u00e8s, ce n\u2019est pas une fin en soi. Il faut continuer \u00e0 travailler. C\u2019\u00e9tait un premier objectif, je l\u2019ai atteint. Maintenant, \u00e0 moi de voir jusqu\u2019o\u00f9 je peux aller. \u00c7a ne s\u2019arr\u00eate pas l\u00e0.<\/p>\n<p>              <img ci-src=\"https:\/\/www.varmatin.com\/sport\/protec\/DATA_ART_16212258-cYDgizl7.jpg?vh=fae429&amp;ci_seal=899cc13cd5\" alt=\"\"\/><br \/>\n        Marius Domon avec les Bleus en Nouvelle-Z\u00e9lande. \tPhoto AFP <\/p>\n<p>            Son exp\u00e9rience bleue<\/p>\n<p>\u00ab\u00a0J\u2019avoue que la premi\u00e8re fois, quand tu as Fabien Galthi\u00e9 qui te dit de rejoindre le groupe, \u00e7a fait un peu bizarre (sourire)\u00a0\u00bb. En mars, Marius Domon avait go\u00fbt\u00e9 \u00e0 sa premi\u00e8re convocation \u00e0 Marcoussis. Cet \u00e9t\u00e9, il a connu les joies d\u2019une tourn\u00e9e. En Nouvelle-Z\u00e9lande, s\u2019il vous pla\u00eet.<\/p>\n<p>Il raconte: \u00ab\u00a0L\u2019\u00e9quipe de France, c\u2019\u00e9tait un r\u00eave. Bon, il ne s\u2019est pas encore totalement r\u00e9alis\u00e9 puisque je n\u2019ai pas jou\u00e9, mais c\u2019est une exp\u00e9rience enrichissante. Une tourn\u00e9e en Nouvelle-Z\u00e9lande, c\u2019est quand m\u00eame mythique. D\u00e9j\u00e0 parce que c\u2019est \u00e0 l\u2019autre bout du monde, qu\u2019on n\u2019y va pas tous les jours\u2026 et puis la Nouvelle-Z\u00e9lande quoi. C\u2019est une terre de rugby.\u00a0\u00bb<\/p>\n<p>Initialement non retenu, l\u2019arri\u00e8re toulonnais a profit\u00e9 du forfait de derni\u00e8re minute de Cheikh Tiberghien. Tout juste \u00e9limin\u00e9 en demi-finale du Top 14 par Bordeaux-B\u00e8gles avec son club, il s\u2019appr\u00eatait \u00e0 partir en vacances. \u00ab\u00a0Mathieu [Brauge], le team manager du XV de France, m\u2019a envoy\u00e9 un message pour me pr\u00e9venir qu\u2019ils attendaient les r\u00e9sultats de Cheikh Tiberghien. Finalement, il a \u00e9t\u00e9 forfait et j\u2019ai pu rejoindre le groupe trois jours apr\u00e8s leur d\u00e9part.\u00a0\u00bb<\/p>\n<p>S\u2019il a particip\u00e9 \u00e0 l\u2019int\u00e9gralit\u00e9 de la tourn\u00e9e avec les Bleus, Marius Domon n\u2019a pas connu la joie d\u2019une premi\u00e8re s\u00e9lection. Un regret? \u00ab\u00a0Non, reprend le principal int\u00e9ress\u00e9. Ce n\u2019est pas moi qui d\u00e9cide si je joue ou pas. Forc\u00e9ment, j\u2019aurais pr\u00e9f\u00e9r\u00e9. Mais j\u2019ai essay\u00e9 de donner une bonne image et fait le maximum pour revenir.\u00a0\u00bb F. DA.<\/p>\n<p>            Sa propre marque de v\u00eatements avec ses fr\u00e8res <\/p>\n<p>Le 30 mai dernier, les trois frangins Marius, Pablo et Maurin lan\u00e7aient leur propre marque de v\u00eatements : Domon h\u00e9ritage. \u00ab\u00a0Une fiert\u00e9\u00a0\u00bb pour l\u2019arri\u00e8re toulonnais qui, gr\u00e2ce \u00e0 cette nouvelle activit\u00e9, se diversifie. Il raconte la gen\u00e8se de ce projet: \u00ab\u00a0Dans la famille, ils ont tous un c\u00f4t\u00e9 artistique. Moi, moins (sourire). Mais j\u2019aime bien m\u2019habiller. Mon grand fr\u00e8re adore faire des vid\u00e9os, a fait un master \u00e0 Versailles dans les jardins, mon petit fr\u00e8re est en design d\u2019objet et ma grande s\u0153ur designer dans une marque de fringues. On aime tous la mode. Et, \u00e0 No\u00ebl, mon fr\u00e8re est arriv\u00e9 avec cette id\u00e9e! J\u2019\u00e9tais partant et on a essay\u00e9 de faire au plus vite pour sortir une collection \u00e9t\u00e9.\u00a0\u00bb Si le nom de la marque parle de lui-m\u00eame, voici l\u2019explication du papillon comme logo: \u00ab\u00a0Plus jeunes, on a v\u00e9cu sur un bateau dans les Antilles, \u00e0 Saint-Barth. Le nom de notre bateau \u00e9tait \u201cMariposa\u00a0\u00bb. En espagnol, \u00e7a veut dire \u00ab\u00a0Papillon\u00a0\u00bb, d\u2019o\u00f9 notre logo. \u00bb<\/p>\n<p>S\u2019ils ont lanc\u00e9 leur ligne de v\u00eatements en mai, avant la collection \u00e9t\u00e9, les frangins Domon travaillent activement \u00e0 celle d\u2019hiver. Patience.<\/p>\n<p>@domon_heritage sur Intagram.<\/p>\n","protected":false},"excerpt":{"rendered":"Du haut de ses 23 ans, Marius Domon sort de la meilleure saison de sa jeune carri\u00e8re. Vingt-huit&hellip;\n","protected":false},"author":2,"featured_media":381364,"comment_status":"","ping_status":"","sticky":false,"template":"","format":"standard","meta":{"footnotes":""},"categories":[9619],"tags":[1111,11,1777,674,1011,27,12,882,25,479,60,2310],"class_list":{"0":"post-381363","1":"post","2":"type-post","3":"status-publish","4":"format-standard","5":"has-post-thumbnail","7":"category-toulon","8":"tag-actu","9":"tag-actualites","10":"tag-eu","11":"tag-europe","12":"tag-fr","13":"tag-france","14":"tag-news","15":"tag-provence-alpes-cote-dazur","16":"tag-republique-francaise","17":"tag-rugby","18":"tag-sports","19":"tag-toulon"},"share_on_mastodon":{"url":"https:\/\/pubeurope.com\/@fr\/115182525729050352","error":""},"_links":{"self":[{"href":"https:\/\/www.europesays.com\/fr\/wp-json\/wp\/v2\/posts\/381363","targetHints":{"allow":["GET"]}}],"collection":[{"href":"https:\/\/www.europesays.com\/fr\/wp-json\/wp\/v2\/posts"}],"about":[{"href":"https:\/\/www.europesays.com\/fr\/wp-json\/wp\/v2\/types\/post"}],"author":[{"embeddable":true,"href":"https:\/\/www.europesays.com\/fr\/wp-json\/wp\/v2\/users\/2"}],"replies":[{"embeddable":true,"href":"https:\/\/www.europesays.com\/fr\/wp-json\/wp\/v2\/comments?post=381363"}],"version-history":[{"count":0,"href":"https:\/\/www.europesays.com\/fr\/wp-json\/wp\/v2\/posts\/381363\/revisions"}],"wp:featuredmedia":[{"embeddable":true,"href":"https:\/\/www.europesays.com\/fr\/wp-json\/wp\/v2\/media\/381364"}],"wp:attachment":[{"href":"https:\/\/www.europesays.com\/fr\/wp-json\/wp\/v2\/media?parent=381363"}],"wp:term":[{"taxonomy":"category","embeddable":true,"href":"https:\/\/www.europesays.com\/fr\/wp-json\/wp\/v2\/categories?post=381363"},{"taxonomy":"post_tag","embeddable":true,"href":"https:\/\/www.europesays.com\/fr\/wp-json\/wp\/v2\/tags?post=381363"}],"curies":[{"name":"wp","href":"https:\/\/api.w.org\/{rel}","templated":true}]}}