{"id":381367,"date":"2025-09-10T23:11:12","date_gmt":"2025-09-10T23:11:12","guid":{"rendered":"https:\/\/www.europesays.com\/fr\/381367\/"},"modified":"2025-09-10T23:11:12","modified_gmt":"2025-09-10T23:11:12","slug":"previsions-du-jeudi-11-septembre-2025","status":"publish","type":"post","link":"https:\/\/www.europesays.com\/fr\/381367\/","title":{"rendered":"pr\u00e9visions du jeudi 11 septembre 2025"},"content":{"rendered":"<p>Il va faire en moyenne 22\u00b0C \u00e0 Montpellier, aujourd&rsquo;hui. La ville sera touch\u00e9e par un vent de nord-ouest de 25 km\/h. Le ciel sera relativement lumineux, avec quelques \u00e9claircies le matin. On anticipe des valeurs avoisinant 21\u00b0C. C&rsquo;est un soleil \u00e9clatant qui va se montrer l&rsquo;apr\u00e8s-midi. Les temp\u00e9ratures vont monter de quelques degr\u00e9s. Les valeurs seront comprises entre 23 et 26\u00b0C. Entre jeudi et vendredi, la nuit sera claire.<\/p>\n<p>Un beau soleil est attendu demain \u00e0 Montpellier. Les valeurs s&rsquo;\u00e9chelonneront entre 17 et 26\u00b0C. Il fera 21\u00b0C en moyenne le matin. Un vent de nord-ouest soufflera l\u00e9g\u00e8rement, avec 12 km\/h. Les temp\u00e9ratures vont enregistrer une hausse de quelques degr\u00e9s dans l&rsquo;apr\u00e8s-midi. Les maximales pourront atteindre 26\u00b0C alors que les minimales seront de 24\u00b0C. On pr\u00e9voit une embellie pour cette soir\u00e9e. Un vent de sud-ouest rafra\u00eechira un peu l&rsquo;atmosph\u00e8re.<\/p>\n<p>Des \u00e9volutions par la suite. Le temps sera variable les jours suivants. Une am\u00e9lioration est attendue dimanche, tandis que la journ\u00e9e de samedi aura \u00e9t\u00e9 pluvieuse.<\/p>\n<p><\/p>\n","protected":false},"excerpt":{"rendered":"Il va faire en moyenne 22\u00b0C \u00e0 Montpellier, aujourd&rsquo;hui. La ville sera touch\u00e9e par un vent de nord-ouest&hellip;\n","protected":false},"author":2,"featured_media":381368,"comment_status":"","ping_status":"","sticky":false,"template":"","format":"standard","meta":{"footnotes":""},"categories":[9599],"tags":[1111,11,1777,674,1011,27,7089,2681,2208,12,2680,2119,25],"class_list":{"0":"post-381367","1":"post","2":"type-post","3":"status-publish","4":"format-standard","5":"has-post-thumbnail","7":"category-montpellier","8":"tag-actu","9":"tag-actualites","10":"tag-eu","11":"tag-europe","12":"tag-fr","13":"tag-france","14":"tag-herault","15":"tag-languedoc-roussillon","16":"tag-montpellier","17":"tag-news","18":"tag-occitanie","19":"tag-previsions-meteo","20":"tag-republique-francaise"},"share_on_mastodon":{"url":"https:\/\/pubeurope.com\/@fr\/115182533568225475","error":""},"_links":{"self":[{"href":"https:\/\/www.europesays.com\/fr\/wp-json\/wp\/v2\/posts\/381367","targetHints":{"allow":["GET"]}}],"collection":[{"href":"https:\/\/www.europesays.com\/fr\/wp-json\/wp\/v2\/posts"}],"about":[{"href":"https:\/\/www.europesays.com\/fr\/wp-json\/wp\/v2\/types\/post"}],"author":[{"embeddable":true,"href":"https:\/\/www.europesays.com\/fr\/wp-json\/wp\/v2\/users\/2"}],"replies":[{"embeddable":true,"href":"https:\/\/www.europesays.com\/fr\/wp-json\/wp\/v2\/comments?post=381367"}],"version-history":[{"count":0,"href":"https:\/\/www.europesays.com\/fr\/wp-json\/wp\/v2\/posts\/381367\/revisions"}],"wp:featuredmedia":[{"embeddable":true,"href":"https:\/\/www.europesays.com\/fr\/wp-json\/wp\/v2\/media\/381368"}],"wp:attachment":[{"href":"https:\/\/www.europesays.com\/fr\/wp-json\/wp\/v2\/media?parent=381367"}],"wp:term":[{"taxonomy":"category","embeddable":true,"href":"https:\/\/www.europesays.com\/fr\/wp-json\/wp\/v2\/categories?post=381367"},{"taxonomy":"post_tag","embeddable":true,"href":"https:\/\/www.europesays.com\/fr\/wp-json\/wp\/v2\/tags?post=381367"}],"curies":[{"name":"wp","href":"https:\/\/api.w.org\/{rel}","templated":true}]}}