{"id":381369,"date":"2025-09-10T23:12:11","date_gmt":"2025-09-10T23:12:11","guid":{"rendered":"https:\/\/www.europesays.com\/fr\/381369\/"},"modified":"2025-09-10T23:12:11","modified_gmt":"2025-09-10T23:12:11","slug":"nimes-et-montpellier-innoveront-ensemble","status":"publish","type":"post","link":"https:\/\/www.europesays.com\/fr\/381369\/","title":{"rendered":"N\u00eemes et Montpellier innoveront ensemble"},"content":{"rendered":"\n<p>Mardi 2\u00a0septembre, le CHU de N\u00eemes accueillait une rencontre in\u00e9dite entre soignants, chercheurs et universitaires. Objectif\u00a0: officialiser l\u2019alliance strat\u00e9gique avec l\u2019universit\u00e9 de Montpellier et lancer un appel \u00e0 projets commun en recherche translationnelle. Au c\u0153ur des discussions, une conviction partag\u00e9e\u00a0: seule une dynamique collective permettra d\u2019ancrer l\u2019innovation m\u00e9dicale dans le quotidien des patients et des soignants.<\/p>\n<p>\u00ab\u00a0Avec Montpellier, nous avons une envie commune fort structurante au service de l\u2019innovation et de la recherche\u00a0\u00bb, a affirm\u00e9 Fr\u00e9d\u00e9ric Rimattei, directeur g\u00e9n\u00e9ral du CHU de N\u00eemes. Pour lui, cette alliance doit transformer la vitalit\u00e9 acad\u00e9mique et hospitali\u00e8re en levier d\u2019attractivit\u00e9 pour tout le territoire. Chaque ann\u00e9e, le CHU investit plus de 3,5\u00a0millions d\u2019euros en recherche et innovation dans le cadre du plan Pari 2030. D\u00e9j\u00e0, des projets concrets \u00e9mergent\u00a0: impression 3D pour la chirurgie, dispositifs connect\u00e9s pour le suivi \u00e0 domicile, ou encore innovations pharmaceutiques. \u00ab\u00a0Nous devons exploiter cette richesse encore davantage\u00a0\u00bb, insiste Rimattei. Michel Prudhomme, pr\u00e9sident de la Commission m\u00e9dicale d\u2019\u00e9tablissement, parle m\u00eame d\u2019un \u00ab\u00a0moment historique\u00a0\u00bb\u00a0: \u00ab\u00a0Cette convergence entre recherche fondamentale et clinique est unique en France. Elle nous oblige \u00e0 travailler les uns avec les autres, et non plus les uns \u00e0 c\u00f4t\u00e9 des autres.\u00a0\u00bb L\u2019universit\u00e9 de Montpellier, par la voix de son pr\u00e9sident Philippe Aug\u00e9, a rappel\u00e9 que la finalit\u00e9 reste d\u2019\u00e9viter que la recherche ne reste \u00ab\u00a0une id\u00e9e abstraite\u00a0\u00bb. \u00ab\u00a0Il faut faire en sorte qu\u2019elle se transforme en innovation, au service des patients, des soignants et de la soci\u00e9t\u00e9.\u00a0\u00bb<\/p>\n<p> Une dynamique d\u00e9j\u00e0 en marche\n              <\/p>\n<p>Au cours de l\u2019afterwork, plusieurs projets ont illustr\u00e9 ce dynamisme\u00a0: le dispositif \u00ab\u00a0Peasy\u00a0\u00bb pr\u00e9sent\u00e9 par Xavier Garric, \u00ab\u00a0DM Connect\u00a0\u00bb par Laure Roux, ou encore la plateforme d\u2019innovation pharmaceutique d\u00e9fendue par Ian Soulairol. Autant d\u2019initiatives d\u00e9j\u00e0 laur\u00e9ates de dispositifs du P\u00f4le universitaire d\u2019innovation (PUI) de Montpellier, dont le CHU de N\u00eemes est membre fondateur. Les axes de recherche structurants ont \u00e9galement \u00e9t\u00e9 d\u00e9taill\u00e9s\u00a0: infectiologie, immunit\u00e9, sant\u00e9 de la femme, neurosciences, oncologie, soins critiques et donn\u00e9es de sant\u00e9. Autant de domaines strat\u00e9giques pour lesquels l\u2019union entre N\u00eemes et Montpellier permettra de croiser expertises et moyens.<\/p>\n<p>\u00c0 l\u2019issue de la rencontre, Fr\u00e9d\u00e9ric Rimattei, Michel Prudhomme, Philippe Aug\u00e9 et Jean-Paul Cristol ont annonc\u00e9 le lancement officiel d\u2019un appel \u00e0 projets commun UM-CHU. Son ambition\u00a0: acc\u00e9l\u00e9rer la recherche translationnelle et soutenir les \u00e9quipes capables de transformer une d\u00e9couverte scientifique en innovation applicable au lit du malade. Pour les responsables hospitaliers et universitaires, l\u2019alliance entre N\u00eemes et Montpellier est plus qu\u2019un partenariat institutionnel. Elle constitue le socle d\u2019un v\u00e9ritable \u00e9cosyst\u00e8me r\u00e9gional de sant\u00e9, attractif et innovant. \u00ab\u00a0C\u2019est une dynamique que nous devons absolument faire perdurer\u00a0\u00bb, r\u00e9sume Michel Prudhomme.<\/p>\n<p>\u00ab\u00a0Il faut que la recherche se transforme en innovation\u00a0\u00bb<\/p>\n","protected":false},"excerpt":{"rendered":"Mardi 2\u00a0septembre, le CHU de N\u00eemes accueillait une rencontre in\u00e9dite entre soignants, chercheurs et universitaires. Objectif\u00a0: officialiser l\u2019alliance&hellip;\n","protected":false},"author":2,"featured_media":381370,"comment_status":"","ping_status":"","sticky":false,"template":"","format":"standard","meta":{"footnotes":""},"categories":[9599],"tags":[1111,11,1777,674,1011,27,2208,12,2680,2766,25],"class_list":{"0":"post-381369","1":"post","2":"type-post","3":"status-publish","4":"format-standard","5":"has-post-thumbnail","7":"category-montpellier","8":"tag-actu","9":"tag-actualites","10":"tag-eu","11":"tag-europe","12":"tag-fr","13":"tag-france","14":"tag-montpellier","15":"tag-news","16":"tag-occitanie","17":"tag-partenariat","18":"tag-republique-francaise"},"share_on_mastodon":{"url":"https:\/\/pubeurope.com\/@fr\/115182537541971167","error":""},"_links":{"self":[{"href":"https:\/\/www.europesays.com\/fr\/wp-json\/wp\/v2\/posts\/381369","targetHints":{"allow":["GET"]}}],"collection":[{"href":"https:\/\/www.europesays.com\/fr\/wp-json\/wp\/v2\/posts"}],"about":[{"href":"https:\/\/www.europesays.com\/fr\/wp-json\/wp\/v2\/types\/post"}],"author":[{"embeddable":true,"href":"https:\/\/www.europesays.com\/fr\/wp-json\/wp\/v2\/users\/2"}],"replies":[{"embeddable":true,"href":"https:\/\/www.europesays.com\/fr\/wp-json\/wp\/v2\/comments?post=381369"}],"version-history":[{"count":0,"href":"https:\/\/www.europesays.com\/fr\/wp-json\/wp\/v2\/posts\/381369\/revisions"}],"wp:featuredmedia":[{"embeddable":true,"href":"https:\/\/www.europesays.com\/fr\/wp-json\/wp\/v2\/media\/381370"}],"wp:attachment":[{"href":"https:\/\/www.europesays.com\/fr\/wp-json\/wp\/v2\/media?parent=381369"}],"wp:term":[{"taxonomy":"category","embeddable":true,"href":"https:\/\/www.europesays.com\/fr\/wp-json\/wp\/v2\/categories?post=381369"},{"taxonomy":"post_tag","embeddable":true,"href":"https:\/\/www.europesays.com\/fr\/wp-json\/wp\/v2\/tags?post=381369"}],"curies":[{"name":"wp","href":"https:\/\/api.w.org\/{rel}","templated":true}]}}