{"id":381379,"date":"2025-09-10T23:18:29","date_gmt":"2025-09-10T23:18:29","guid":{"rendered":"https:\/\/www.europesays.com\/fr\/381379\/"},"modified":"2025-09-10T23:18:29","modified_gmt":"2025-09-10T23:18:29","slug":"chavagne-lagriculture-en-liesse-au-comice-agricole","status":"publish","type":"post","link":"https:\/\/www.europesays.com\/fr\/381379\/","title":{"rendered":"Chavagne. L\u2019agriculture en liesse au comice agricole"},"content":{"rendered":"<p>Tout au long de la journ\u00e9e de samedi, les visiteurs sont venus par centaines dans la commune, \u00e0 la rencontre du monde rural, avec un soleil bien pr\u00e9sent.<\/p>\n<p>\u00a0Ce comice valorise la reconnaissance du travail des agriculteurs, des producteurs\u2026\u00a0, expliquent les organisateurs, pr\u00e9sents tr\u00e8s t\u00f4t route de Mordelles. Pour certains participants, \u00a0cette rencontre marquait leur bapt\u00eame dans le monde du comice\u00a0. Les techniques et d\u00e9monstrations de travail ont \u00e9t\u00e9 un temps fort de l\u2019apr\u00e8s-midi, laissant parfois certains anciens nostalgiques.<strong> \u00ab\u00a0J\u2019ai connu \u00e7a \u00e0 la ferme, <\/strong>expliquait une grand-m\u00e8re \u00e0 son petit-fils. <strong>L\u00e0 o\u00f9 il fallait dix personnes pour faire une t\u00e2che et plusieurs jours, aujourd\u2019hui, on utilise des engins qui \u0153uvrent en une demi-journ\u00e9e\u00a0!\u00a0\u00bb<\/strong><\/p>\n<p>\u00a0Promouvoir le monde agricole, montrer qu\u2019on existe, c\u2019est important, rappelle le comit\u00e9 d\u2019organisation. Le comice est une bonne occasion pour faire conna\u00eetre nos m\u00e9tiers.\u00a0<\/p>\n<p>La journ\u00e9e s\u2019est achev\u00e9e autour d\u2019un repas, salle Saint-Exup\u00e9ry.<\/p>\n<p>\u00a0<\/p>\n","protected":false},"excerpt":{"rendered":"Tout au long de la journ\u00e9e de samedi, les visiteurs sont venus par centaines dans la commune, \u00e0&hellip;\n","protected":false},"author":2,"featured_media":381380,"comment_status":"","ping_status":"","sticky":false,"template":"","format":"standard","meta":{"footnotes":""},"categories":[2821],"tags":[1111,11,15092,327,829,11292,51454,1777,674,1011,27,51453,12,584,25],"class_list":{"0":"post-381379","1":"post","2":"type-post","3":"status-publish","4":"format-standard","5":"has-post-thumbnail","7":"category-rennes","8":"tag-actu","9":"tag-actualites","10":"tag-agricole","11":"tag-agriculture","12":"tag-bretagne","13":"tag-chavagne","14":"tag-comice","15":"tag-eu","16":"tag-europe","17":"tag-fr","18":"tag-france","19":"tag-liesse","20":"tag-news","21":"tag-rennes","22":"tag-republique-francaise"},"share_on_mastodon":{"url":"https:\/\/pubeurope.com\/@fr\/115182561198746211","error":""},"_links":{"self":[{"href":"https:\/\/www.europesays.com\/fr\/wp-json\/wp\/v2\/posts\/381379","targetHints":{"allow":["GET"]}}],"collection":[{"href":"https:\/\/www.europesays.com\/fr\/wp-json\/wp\/v2\/posts"}],"about":[{"href":"https:\/\/www.europesays.com\/fr\/wp-json\/wp\/v2\/types\/post"}],"author":[{"embeddable":true,"href":"https:\/\/www.europesays.com\/fr\/wp-json\/wp\/v2\/users\/2"}],"replies":[{"embeddable":true,"href":"https:\/\/www.europesays.com\/fr\/wp-json\/wp\/v2\/comments?post=381379"}],"version-history":[{"count":0,"href":"https:\/\/www.europesays.com\/fr\/wp-json\/wp\/v2\/posts\/381379\/revisions"}],"wp:featuredmedia":[{"embeddable":true,"href":"https:\/\/www.europesays.com\/fr\/wp-json\/wp\/v2\/media\/381380"}],"wp:attachment":[{"href":"https:\/\/www.europesays.com\/fr\/wp-json\/wp\/v2\/media?parent=381379"}],"wp:term":[{"taxonomy":"category","embeddable":true,"href":"https:\/\/www.europesays.com\/fr\/wp-json\/wp\/v2\/categories?post=381379"},{"taxonomy":"post_tag","embeddable":true,"href":"https:\/\/www.europesays.com\/fr\/wp-json\/wp\/v2\/tags?post=381379"}],"curies":[{"name":"wp","href":"https:\/\/api.w.org\/{rel}","templated":true}]}}