{"id":381383,"date":"2025-09-10T23:20:37","date_gmt":"2025-09-10T23:20:37","guid":{"rendered":"https:\/\/www.europesays.com\/fr\/381383\/"},"modified":"2025-09-10T23:20:37","modified_gmt":"2025-09-10T23:20:37","slug":"a-strasbourg-6-nouveaux-restos-a-se-faire-livrer-pour-rechauffer-les-coeurs","status":"publish","type":"post","link":"https:\/\/www.europesays.com\/fr\/381383\/","title":{"rendered":"\u00e0 Strasbourg, 6 nouveaux restos \u00e0 se faire livrer pour r\u00e9chauffer les coeurs"},"content":{"rendered":"<p>    <img loading=\"lazy\" width=\"1800\" height=\"900\" src=\"https:\/\/www.europesays.com\/fr\/wp-content\/uploads\/2025\/08\/jeanne-callthepolice.jpg\" class=\"attachment-full size-full\" alt=\"\" id=\"imageLove\" decoding=\"async\"  \/><\/p>\n<p id=\"breadcrumbs\"><a href=\"https:\/\/pokaa.fr\/\" target=\"_blank\" rel=\"noopener\">Accueil<\/a> \/ <a href=\"https:\/\/pokaa.fr\/categories\/strasbourg\/\" target=\"_blank\" rel=\"noopener\">Strasbourg<\/a> \/ Bon app\u00e9tit : \u00e0 Strasbourg, 6 nouveaux restos \u00e0 se faire livrer pour r\u00e9chauffer les coeurs<\/p>\n<p>                    Strasbourg<\/p>\n<p><strong>Vous aussi vous avez envie d\u2019hiberner sous la couette alors que le mois de septembre vient juste de commencer ? \u00c7a tombe bien, on a quelques nouveaux alli\u00e9s \u00e0 vous pr\u00e9senter : six nouveaux restaurants disponibles en livraison pour d\u00e9guster de bons petits plats sans bouger le petit doigt.\u00a0<\/strong><\/p>\n<p>En cette rentr\u00e9e 2025, Deliveroo revient avec <strong>des dizaines de nouveaux plats \u00e0 se faire livrer<\/strong> en provenance de<strong> restaurants italiens, alsaciens, et m\u00eame irakiens.<\/strong> Et aujourd\u2019hui, on vous pr\u00e9sente une petite s\u00e9lection !<\/p>\n<p>    <img width=\"800\" height=\"533\" src=\"https:\/\/www.europesays.com\/fr\/wp-content\/uploads\/2025\/09\/france-strasbourg-ete-wr-89-sur-113-800x533.jpg\" class=\"attachment-image-size-L size-image-size-L\" alt=\"Nourritures\" decoding=\"async\" loading=\"lazy\"  \/>         \u00a9 Wilfried Rion \/ Pokaa <\/p>\n<p>Bella Casa (resto italien)<\/p>\n<p>Bella Casa, c\u2019est <strong>un nouveau dealer de plaisirs \u00e0 l\u2019italienne<\/strong> ouvert il y a quelques mois. P\u00e2tes, <strong>pizzas napolitaines classiques ou originales<\/strong>, risotto, arancini, <strong>lasagnes et desserts \u00e0 gogo<\/strong>, le discret restaurant a de jolis arguments dans sa botte.<\/p>\n<p><strong>&gt;&gt; <a href=\"https:\/\/deliveroo.fr\/fr\/menu\/strasbourg\/la-petite-france\/bella-casa-strasbourg\" target=\"_blank\" rel=\"noopener\">Pour commander, c\u2019est par ici<\/a>.<\/strong><\/p>\n<p>                <img width=\"380\" height=\"500\" src=\"https:\/\/www.europesays.com\/fr\/wp-content\/uploads\/2025\/09\/capture-decran-instagram-suzzi-mama-img-8881-380x500.jpg\" class=\"attachment-gallery size-gallery\" alt=\"Capture d\u2019\u00e9cran instagram Bella Casa IMG_8881\" data-full-url=\"https:\/\/pokaa.fr\/wp-content\/uploads\/2025\/09\/10\/capture-decran-instagram-suzzi-mama-img-8881.jpg\" decoding=\"async\" loading=\"lazy\"  \/>            <\/p>\n<p>                <img width=\"452\" height=\"500\" src=\"https:\/\/www.europesays.com\/fr\/wp-content\/uploads\/2025\/09\/capture-decran-instagram-suzzi-mama-img-8880-452x500.jpg\" class=\"attachment-gallery size-gallery\" alt=\"Capture d\u2019\u00e9cran instagram Bella Casa IMG_8880\" data-full-url=\"https:\/\/pokaa.fr\/wp-content\/uploads\/2025\/09\/10\/capture-decran-instagram-suzzi-mama-img-8880.jpg\" decoding=\"async\" loading=\"lazy\"  \/>            <\/p>\n<p>                <img width=\"334\" height=\"500\" src=\"https:\/\/www.europesays.com\/fr\/wp-content\/uploads\/2025\/09\/capture-decran-instagram-suzzi-mama-img-8879-334x500.jpg\" class=\"attachment-gallery size-gallery\" alt=\"Capture d\u2019\u00e9cran instagram Bella Casa\" data-full-url=\"https:\/\/pokaa.fr\/wp-content\/uploads\/2025\/09\/10\/capture-decran-instagram-suzzi-mama-img-8879.jpg\" decoding=\"async\" loading=\"lazy\"  \/>            <\/p>\n<p>                    \u00a9 Page Instagram de Bella Casa \/ Captures d&rsquo;\u00e9cran<\/p>\n<p>Bistro Polo (resto fran\u00e7ais)<\/p>\n<p>Polo, c\u2019est <strong>l\u2019un des champions du cordon bleu strasbourgeois<\/strong> en termes de rapport qualit\u00e9-prix. Si vous avez envie de vous envoyer <strong>un cordon bleu + frites ou spaetzles 100% maison pour 11,90\u20ac<\/strong>, vous savez quoi faire !<\/p>\n<p><strong>&gt;&gt; <a href=\"https:\/\/deliveroo.fr\/fr\/menu\/Strasbourg\/centre-cathedrale\/bistrot-polo-strasbourg?day=today&amp;geohash=u0ts2k1z8hcj&amp;time=ASAP\" target=\"_blank\" rel=\"noopener\">Pour commander, c\u2019est par ici<\/a>.<\/strong><\/p>\n<p>    <img width=\"800\" height=\"600\" src=\"https:\/\/www.europesays.com\/fr\/wp-content\/uploads\/2025\/09\/image00005-4-800x600.jpeg\" class=\"attachment-image-size-L size-image-size-L\" alt=\"Bistrot Polo cordon bleu terrasse\" decoding=\"async\" loading=\"lazy\"  \/>         \u00a9 Bastien Pietronave \/ Pokaa <\/p>\n<p>Ishtar (resto irakien)<\/p>\n<p>Derri\u00e8re ce nom se cache <strong>l\u2019un des rares restaurants irakiens de Strasbourg<\/strong>. Falafels, brochettes de veau ou de poulet, <strong>kebb\u00e9, fatayer et bourek :<\/strong>\u00a0<strong>les saveurs du Moyen-Orient se m\u00e9langent<\/strong> dans un seul restaurant.<\/p>\n<p><strong>&gt;&gt; <a href=\"https:\/\/www.google.com\/aclk?sa=L&amp;ai=DChsSEwiTs8jd0MuPAxWEMQYAHXpQLTUYACICCAEQABoCd3M&amp;co=1&amp;gclid=Cj0KCQjwoP_FBhDFARIsANPG24MctiefXTw2TasEOc5et4XNEIP3_pBKxglacpG9TpShhrDSbuNYXRsaAlYHEALw_wcB&amp;cid=CAASJeRo7KXyReKXOxb2uT1rbMeFJK8BGHMWtzOirksXF7hqRMz19bU&amp;cce=1&amp;sig=AOD64_0SjsCrDKCUOV7RxgWACGvQ_irtpw&amp;q&amp;adurl&amp;ved=2ahUKEwiWu73d0MuPAxXiMvsDHfVVAT0Q0Qx6BAg7EAE\" target=\"_blank\" rel=\"noopener\">Pour commander, c\u2019est par ici<\/a>.<\/strong><\/p>\n<p>                <img width=\"750\" height=\"500\" src=\"https:\/\/www.europesays.com\/fr\/wp-content\/uploads\/2025\/09\/imgi-39-image-750x500.jpg\" class=\"attachment-gallery size-gallery\" alt=\"Restaurant Ishtar\" data-full-url=\"https:\/\/pokaa.fr\/wp-content\/uploads\/2025\/09\/09\/imgi-39-image.jpg\" decoding=\"async\" loading=\"lazy\"  \/>            <\/p>\n<p>                <img width=\"750\" height=\"500\" src=\"https:\/\/www.europesays.com\/fr\/wp-content\/uploads\/2025\/09\/imgi-37-image-750x500.jpg\" class=\"attachment-gallery size-gallery\" alt=\"Restaurant Ishtar\" data-full-url=\"https:\/\/pokaa.fr\/wp-content\/uploads\/2025\/09\/09\/imgi-37-image.jpg\" decoding=\"async\" loading=\"lazy\"  \/>            <\/p>\n<p>                <img width=\"888\" height=\"500\" src=\"https:\/\/www.europesays.com\/fr\/wp-content\/uploads\/2025\/09\/imgi-58-image-888x500.jpg\" class=\"attachment-gallery size-gallery\" alt=\"Restaurant Ishtar\" data-full-url=\"https:\/\/pokaa.fr\/wp-content\/uploads\/2025\/09\/09\/imgi-58-image.jpg\" decoding=\"async\" loading=\"lazy\"  \/>            <\/p>\n<p>                    \u00a9 Ishtar \/ Documents remis <\/p>\n<p>Abbiocco (resto italien)<\/p>\n<p>Les focaccias, tout le monde aime \u00e7a, surtout si elles sont<strong> garnies de mortadelle, d\u2019\u00e9clats de pistache et de stracciatella <\/strong>ou de bien d\u2019autres douceurs encore. <strong>On sait qu\u2019il n\u2019en faut pas plus pour vous donner envie d\u2019Italie<\/strong>, \u00e7a tombe bien.<\/p>\n<p><strong>&gt;&gt; <a href=\"https:\/\/www.google.com\/url?sa=t&amp;source=web&amp;rct=j&amp;opi=89978449&amp;url=https:\/\/deliveroo.fr\/fr\/menu\/strasbourg\/krutenau\/abbiocco-quai-des-bateliers&amp;ved=2ahUKEwi6jN7u0MuPAxXmAvsDHfUqFwgQFnoECA8QAQ&amp;usg=AOvVaw1e9CFmjZsTkTM4R1mxPqxr\" target=\"_blank\" rel=\"noopener\">pour commander, c\u2019est par ici<\/a>.<\/strong><\/p>\n<p>                <img width=\"400\" height=\"500\" src=\"https:\/\/www.europesays.com\/fr\/wp-content\/uploads\/2025\/09\/432422517-372198162359318-8307760142731573883-n-400x500.jpg\" class=\"attachment-gallery size-gallery\" alt=\"Abbiocco focaccia\" data-full-url=\"https:\/\/pokaa.fr\/wp-content\/uploads\/2024\/03\/28\/432422517-372198162359318-8307760142731573883-n.jpg\" decoding=\"async\" loading=\"lazy\"  \/>            <\/p>\n<p>                <img width=\"622\" height=\"500\" src=\"https:\/\/www.europesays.com\/fr\/wp-content\/uploads\/2025\/09\/402648176-302329659346169-3993908363570255203-n-622x500.jpg\" class=\"attachment-gallery size-gallery\" alt=\"Abbiocco focaccia\" data-full-url=\"https:\/\/pokaa.fr\/wp-content\/uploads\/2024\/03\/28\/402648176-302329659346169-3993908363570255203-n.jpg\" decoding=\"async\" loading=\"lazy\"  \/>            <\/p>\n<p>                <img width=\"632\" height=\"500\" src=\"https:\/\/www.europesays.com\/fr\/wp-content\/uploads\/2025\/09\/396704929-294400326805769-1454335199737140377-n-632x500.jpg\" class=\"attachment-gallery size-gallery\" alt=\"Abbiocco focaccia\" data-full-url=\"https:\/\/pokaa.fr\/wp-content\/uploads\/2024\/03\/28\/396704929-294400326805769-1454335199737140377-n.jpg\" decoding=\"async\" loading=\"lazy\"  \/>            <\/p>\n<p>                    \u00a9 Abbiocco \/ Documents remis <\/p>\n<p>L&rsquo;Argentoratum (resto traditionnel alsacien)<\/p>\n<p>Argentoratum, c\u2019est<strong> l\u2019ancien nom de Strasbourg<\/strong>, mais c\u2019est aussi<strong> le blase d\u2019un restaurant traditionnel alsacien install\u00e9 depuis un bon nombre d\u2019ann\u00e9es<\/strong>. <strong>Tartes flamb\u00e9es<\/strong>, cordon bleu, salades et jarrets brais\u00e9s, <strong>les saveurs de l\u2019Alsace <\/strong>nous titillent le palais.<\/p>\n<p><strong>&gt;&gt;<a href=\"https:\/\/www.google.com\/url?sa=t&amp;source=web&amp;rct=j&amp;opi=89978449&amp;url=https:\/\/deliveroo.fr\/fr\/menu\/strasbourg\/centre-cathedrale\/largentoratum-14-rue-du-bain-aux-plantes&amp;ved=2ahUKEwjs2bCs0cuPAxX2NvsDHXmgC8sQFnoECBsQAQ&amp;usg=AOvVaw26CbxTItTxvkjdqfjXqONK\" target=\"_blank\" rel=\"noopener\">Pour commander, c\u2019est par ici<\/a>.<\/strong><\/p>\n<p>                <img width=\"642\" height=\"500\" src=\"https:\/\/www.europesays.com\/fr\/wp-content\/uploads\/2025\/09\/imgi-32-image-642x500.jpg\" class=\"attachment-gallery size-gallery\" alt=\"Restaurant Argentoratum\" data-full-url=\"https:\/\/pokaa.fr\/wp-content\/uploads\/2025\/09\/09\/imgi-32-image.jpg\" decoding=\"async\" loading=\"lazy\"  \/>            <\/p>\n<p>                <img width=\"588\" height=\"500\" src=\"https:\/\/www.europesays.com\/fr\/wp-content\/uploads\/2025\/09\/imgi-31-image-588x500.jpg\" class=\"attachment-gallery size-gallery\" alt=\"Restaurant Argentoratum\" data-full-url=\"https:\/\/pokaa.fr\/wp-content\/uploads\/2025\/09\/09\/imgi-31-image.jpg\" decoding=\"async\" loading=\"lazy\"  \/>            <\/p>\n<p>                <img width=\"888\" height=\"500\" src=\"https:\/\/www.europesays.com\/fr\/wp-content\/uploads\/2025\/09\/imgi-46-image-888x500.jpg\" class=\"attachment-gallery size-gallery\" alt=\"Restaurant Argentoratum\" data-full-url=\"https:\/\/pokaa.fr\/wp-content\/uploads\/2025\/09\/09\/imgi-46-image.jpg\" decoding=\"async\" loading=\"lazy\"  \/>            <\/p>\n<p>                    \u00a9 L&rsquo;Argentoratum \/ Documents remis <\/p>\n<p>Scuzi Mamma (resto italien)<\/p>\n<p>D\u00e9cid\u00e9ment, <strong>la gastronomie italienne est toujours dans nos c\u0153urs<\/strong>, et on aime toujours autant s\u2019envoyer des <strong>pasta, des pinsa et des desserts de la Mamma<\/strong>, surtout quand ces petits plats sont cuisin\u00e9s dans les r\u00e8gles de l\u2019art.<\/p>\n<p><strong>&gt;&gt;<a href=\"https:\/\/www.google.com\/url?sa=t&amp;source=web&amp;rct=j&amp;opi=89978449&amp;url=https:\/\/deliveroo.fr\/fr\/menu\/strasbourg\/centre-cathedrale\/scuzi-mamma-strasbourg&amp;ved=2ahUKEwiwq-PV0cuPAxWqVaQEHYbjB4wQFnoECAwQAQ&amp;usg=AOvVaw0KpSz72zuDHZuqVOvKtpVA\" target=\"_blank\" rel=\"noopener\">Pour commander, c\u2019est par ici<\/a>.<\/strong><\/p>\n<p>                <img width=\"403\" height=\"500\" src=\"https:\/\/www.europesays.com\/fr\/wp-content\/uploads\/2025\/09\/capture-decran-instagram-suzzi-mama-img-8878-403x500.jpg\" class=\"attachment-gallery size-gallery\" alt=\"Capture d\u2019\u00e9cran instagram scuzi mamma IMG_8878\" data-full-url=\"https:\/\/pokaa.fr\/wp-content\/uploads\/2025\/09\/10\/capture-decran-instagram-suzzi-mama-img-8878.jpg\" decoding=\"async\" loading=\"lazy\"  \/>            <\/p>\n<p>                <img width=\"354\" height=\"500\" src=\"https:\/\/www.europesays.com\/fr\/wp-content\/uploads\/2025\/09\/capture-decran-instagram-suzzi-mama-img-8877-354x500.jpg\" class=\"attachment-gallery size-gallery\" alt=\"Capture d\u2019\u00e9cran instagram scuzi mamma IMG_8877\" data-full-url=\"https:\/\/pokaa.fr\/wp-content\/uploads\/2025\/09\/10\/capture-decran-instagram-suzzi-mama-img-8877.jpg\" decoding=\"async\" loading=\"lazy\"  \/>            <\/p>\n<p>                <img width=\"503\" height=\"500\" src=\"https:\/\/www.europesays.com\/fr\/wp-content\/uploads\/2025\/09\/capture-decran-instagram-suzzi-mama-img-8876-503x500.jpg\" class=\"attachment-gallery size-gallery\" alt=\"Capture d\u2019\u00e9cran instagram scuzi mamma IMG_8876\" data-full-url=\"https:\/\/pokaa.fr\/wp-content\/uploads\/2025\/09\/10\/capture-decran-instagram-suzzi-mama-img-8876.jpg\" decoding=\"async\" loading=\"lazy\"  \/>            <\/p>\n<p>                <img width=\"385\" height=\"500\" src=\"https:\/\/www.europesays.com\/fr\/wp-content\/uploads\/2025\/09\/capture-decran-instagram-suzzi-mama-img-8875-385x500.jpg\" class=\"attachment-gallery size-gallery\" alt=\"Capture d\u2019\u00e9cran instagram scuzi mamma IMG_8875\" data-full-url=\"https:\/\/pokaa.fr\/wp-content\/uploads\/2025\/09\/10\/capture-decran-instagram-suzzi-mama-img-8875.jpg\" decoding=\"async\" loading=\"lazy\"  \/>            <\/p>\n<p>                <img width=\"393\" height=\"500\" src=\"https:\/\/www.europesays.com\/fr\/wp-content\/uploads\/2025\/09\/capture-decran-instagram-suzzi-mama-img-8874-393x500.jpg\" class=\"attachment-gallery size-gallery\" alt=\"Capture d\u2019\u00e9cran instagram scuzi mammaIMG_8874\" data-full-url=\"https:\/\/pokaa.fr\/wp-content\/uploads\/2025\/09\/10\/capture-decran-instagram-suzzi-mama-img-8874.jpg\" decoding=\"async\" loading=\"lazy\"  \/>            <\/p>\n<p>                    \u00a9 Page Instagram de Scuzi Mamma \/ Captures d&rsquo;\u00e9cran<\/p>\n<p><strong>Parmis les nouvelles adresses qui d\u00e9barquent sur Deliveroo<\/strong>, vous trouverez aussi<strong> Le Grand Shanga\u00ef, Holly\u2019s Dinner, Gnocco, Green &amp; Co<\/strong> et bien d\u2019autres \u00e0 d\u00e9couvrir <strong><a href=\"https:\/\/deliveroo.fr\/fr\/restaurants\/strasbourg\/centre-cathedrale\" target=\"_blank\" rel=\"noopener\">o\u00f9 vous savez<\/a><\/strong>.<\/p>\n<p><strong>Bon app\u00e9tit !\u00a0<\/strong><\/p>\n","protected":false},"excerpt":{"rendered":"Accueil \/ Strasbourg \/ Bon app\u00e9tit : \u00e0 Strasbourg, 6 nouveaux restos \u00e0 se faire livrer pour r\u00e9chauffer&hellip;\n","protected":false},"author":2,"featured_media":381384,"comment_status":"","ping_status":"","sticky":false,"template":"","format":"standard","meta":{"footnotes":""},"categories":[2820],"tags":[1111,11,13830,1777,674,1011,27,775,7032,12,2845,25,1340,640],"class_list":{"0":"post-381383","1":"post","2":"type-post","3":"status-publish","4":"format-standard","5":"has-post-thumbnail","7":"category-strasbourg","8":"tag-actu","9":"tag-actualites","10":"tag-deliveroo","11":"tag-eu","12":"tag-europe","13":"tag-fr","14":"tag-france","15":"tag-grand-est","16":"tag-livraison","17":"tag-news","18":"tag-nouveaux","19":"tag-republique-francaise","20":"tag-restaurant","21":"tag-strasbourg"},"share_on_mastodon":{"url":"https:\/\/pubeurope.com\/@fr\/115182570570030625","error":""},"_links":{"self":[{"href":"https:\/\/www.europesays.com\/fr\/wp-json\/wp\/v2\/posts\/381383","targetHints":{"allow":["GET"]}}],"collection":[{"href":"https:\/\/www.europesays.com\/fr\/wp-json\/wp\/v2\/posts"}],"about":[{"href":"https:\/\/www.europesays.com\/fr\/wp-json\/wp\/v2\/types\/post"}],"author":[{"embeddable":true,"href":"https:\/\/www.europesays.com\/fr\/wp-json\/wp\/v2\/users\/2"}],"replies":[{"embeddable":true,"href":"https:\/\/www.europesays.com\/fr\/wp-json\/wp\/v2\/comments?post=381383"}],"version-history":[{"count":0,"href":"https:\/\/www.europesays.com\/fr\/wp-json\/wp\/v2\/posts\/381383\/revisions"}],"wp:featuredmedia":[{"embeddable":true,"href":"https:\/\/www.europesays.com\/fr\/wp-json\/wp\/v2\/media\/381384"}],"wp:attachment":[{"href":"https:\/\/www.europesays.com\/fr\/wp-json\/wp\/v2\/media?parent=381383"}],"wp:term":[{"taxonomy":"category","embeddable":true,"href":"https:\/\/www.europesays.com\/fr\/wp-json\/wp\/v2\/categories?post=381383"},{"taxonomy":"post_tag","embeddable":true,"href":"https:\/\/www.europesays.com\/fr\/wp-json\/wp\/v2\/tags?post=381383"}],"curies":[{"name":"wp","href":"https:\/\/api.w.org\/{rel}","templated":true}]}}