{"id":381385,"date":"2025-09-10T23:21:20","date_gmt":"2025-09-10T23:21:20","guid":{"rendered":"https:\/\/www.europesays.com\/fr\/381385\/"},"modified":"2025-09-10T23:21:20","modified_gmt":"2025-09-10T23:21:20","slug":"mis-en-cause-pour-une-agression-sexuelle-datant-de-1993-un-proche-de-leveque-demissionne-2","status":"publish","type":"post","link":"https:\/\/www.europesays.com\/fr\/381385\/","title":{"rendered":"Mis en cause pour une agression sexuelle datant de\u00a01993, un proche de l\u2019\u00e9v\u00eaque d\u00e9missionne"},"content":{"rendered":"<p>Un eccl\u00e9siastique tout juste nomm\u00e9 \u00ab\u00a0vicaire g\u00e9n\u00e9ral\u00a0\u00bb de l\u2019archev\u00eaque de <a href=\"https:\/\/www.20minutes.fr\/strasbourg\/\" class=\"c-link c-link--is-underlined\" rel=\"nofollow noopener\" target=\"_blank\">Strasbourg <\/a>a du d\u00e9missionner \u00e0 cause d\u2019une accusation d\u2019<a href=\"https:\/\/www.20minutes.fr\/dossier\/agression_sexuelle\" class=\"c-link c-link--is-underlined\" rel=\"nofollow noopener\" target=\"_blank\">agression sexuelle<\/a> sur <a href=\"https:\/\/www.20minutes.fr\/dossier\/mineur\" class=\"c-link c-link--is-underlined\" rel=\"nofollow noopener\" target=\"_blank\">mineur <\/a>remontant aux ann\u00e9es\u00a01990, qui avait provoqu\u00e9 beaucoup de r\u00e9actions au moment de sa nomination.<\/p>\n<p>\u00ab\u00a0En vue de pr\u00e9server la s\u00e9r\u00e9nit\u00e9 du gouvernement dioc\u00e9sain, j\u2019ai pr\u00e9sent\u00e9 [\u2026] ma d\u00e9mission \u00e0 Mgr l\u2019archev\u00eaque de Strasbourg\u00a0\u00bb, qui l\u2019a \u00ab\u00a0accept\u00e9e\u00a0\u00bb, a pr\u00e9cis\u00e9 le chanoine Hubert Schmitt dans un communiqu\u00e9 publi\u00e9 sur le site de l\u2019Eglise catholique en Alsace.<\/p>\n<p>Une affaire prescrite<\/p>\n<p>Le pr\u00eatre de 71 ans avait fait l\u2019objet d\u2019une enqu\u00eate judiciaire, \u00e0 la suite du t\u00e9moignage en\u00a02021 d\u2019un homme affirmant qu\u2019il l\u2019avait agress\u00e9 sexuellement en\u00a01993, alors qu\u2019il avait 13 ans et \u00e9tait servant de messe. \u00ab\u00a0Les faits d\u00e9nonc\u00e9s par la victime semblent cr\u00e9dibles\u00a0\u00bb, avait indiqu\u00e9 en mai\u00a02023 la procureure d\u2019alors de Mulhouse, Edwige Roux-Morizot.<\/p>\n<p>Apr\u00e8s un appel \u00e0 t\u00e9moins pour tenter de retrouver d\u2019autres victimes potentielles qui n\u2019avait rien donn\u00e9, l\u2019enqu\u00eate avait cependant \u00e9t\u00e9 class\u00e9e sans suite en octobre\u00a02024, les faits \u00e9tant prescrits.<\/p>\n<p>Dans ce contexte, la r\u00e9cente nomination du chanoine comme proche collaborateur de l\u2019archev\u00eaque de Strasbourg, Pascal Delannoy, avait suscit\u00e9 un d\u00e9but de pol\u00e9mique. L\u2019homme qui l\u2019avait accus\u00e9, Emmanuel Siess, s\u2019est notamment dit \u00ab\u00a0choqu\u00e9\u00a0\u00bb de cette promotion aupr\u00e8s de m\u00e9dias locaux.<\/p>\n<\/p>\n<p>Il s\u2019agit l\u00e0 \u00ab\u00a0d\u2019un signal pr\u00e9occupant pour les victimes\u00a0\u00bb et \u00ab\u00a0profond\u00e9ment d\u00e9courageant\u00a0\u00bb, avait \u00e9galement estim\u00e9 dans un communiqu\u00e9 le tr\u00e8s actif collectif des Voix lib\u00e9r\u00e9es, qui regroupe les victimes de violences sexuelles perp\u00e9tr\u00e9es par un pr\u00eatre tourangeau entre les ann\u00e9es\u00a01960 et\u00a01980. Dans une lettre publi\u00e9e cette semaine par le m\u00e9dia Tribune Chr\u00e9tienne, plusieurs pr\u00eatres &#8211; anonymes &#8211; du dioc\u00e8se de Strasbourg avaient exprim\u00e9 leur \u00ab\u00a0indignation\u00a0\u00bb face \u00e0 la r\u00e9cente promotion du chanoine Schmitt \u00e0 Strasbourg, et appel\u00e9 de leurs voeux une \u00ab\u00a0visite apostolique\u00a0\u00bb, c\u2019est-\u00e0-dire une inspection ordonn\u00e9e par le pape.<\/p>\n<p><a href=\"https:\/\/www.20minutes.fr\/dossier\/eglise\" class=\"c-link c-btn c-btn--primary\" rel=\"nofollow noopener\" target=\"_blank\">Plus d&rsquo;articles sur l&rsquo;\u00e9glise en France<\/a><\/p>\n<p>Cette affaire intervient quelques semaines apr\u00e8s une vive pol\u00e9mique provoqu\u00e9e dans le dioc\u00e8se de Toulouse par la promotion d\u2019un pr\u00eatre en d\u00e9pit de sa condamnation pour viol sur mineur en\u00a02006. Devant l\u2019indignation des fid\u00e8les, l\u2019archev\u00eaque Guy de Kerimel avait finalement d\u00fb renoncer \u00e0 sa d\u00e9cision qui avait pouss\u00e9 la Conf\u00e9rence des \u00e9v\u00eaques de France (CEF) elle-m\u00eame \u00e0 r\u00e9agir.<\/p>\n","protected":false},"excerpt":{"rendered":"Un eccl\u00e9siastique tout juste nomm\u00e9 \u00ab\u00a0vicaire g\u00e9n\u00e9ral\u00a0\u00bb de l\u2019archev\u00eaque de Strasbourg a du d\u00e9missionner \u00e0 cause d\u2019une accusation&hellip;\n","protected":false},"author":2,"featured_media":381386,"comment_status":"","ping_status":"","sticky":false,"template":"","format":"standard","meta":{"footnotes":""},"categories":[2820],"tags":[1111,47,11,2389,2649,12336,1777,674,1011,27,775,12,1974,5969,25,104,640],"class_list":{"0":"post-381385","1":"post","2":"type-post","3":"status-publish","4":"format-standard","5":"has-post-thumbnail","7":"category-strasbourg","8":"tag-actu","9":"tag-actualite","10":"tag-actualites","11":"tag-alsace","12":"tag-bas-rhin","13":"tag-eglise","14":"tag-eu","15":"tag-europe","16":"tag-fr","17":"tag-france","18":"tag-grand-est","19":"tag-news","20":"tag-pedocriminalite","21":"tag-pretre","22":"tag-republique-francaise","23":"tag-societe","24":"tag-strasbourg"},"share_on_mastodon":{"url":"https:\/\/pubeurope.com\/@fr\/115182573139151202","error":""},"_links":{"self":[{"href":"https:\/\/www.europesays.com\/fr\/wp-json\/wp\/v2\/posts\/381385","targetHints":{"allow":["GET"]}}],"collection":[{"href":"https:\/\/www.europesays.com\/fr\/wp-json\/wp\/v2\/posts"}],"about":[{"href":"https:\/\/www.europesays.com\/fr\/wp-json\/wp\/v2\/types\/post"}],"author":[{"embeddable":true,"href":"https:\/\/www.europesays.com\/fr\/wp-json\/wp\/v2\/users\/2"}],"replies":[{"embeddable":true,"href":"https:\/\/www.europesays.com\/fr\/wp-json\/wp\/v2\/comments?post=381385"}],"version-history":[{"count":0,"href":"https:\/\/www.europesays.com\/fr\/wp-json\/wp\/v2\/posts\/381385\/revisions"}],"wp:featuredmedia":[{"embeddable":true,"href":"https:\/\/www.europesays.com\/fr\/wp-json\/wp\/v2\/media\/381386"}],"wp:attachment":[{"href":"https:\/\/www.europesays.com\/fr\/wp-json\/wp\/v2\/media?parent=381385"}],"wp:term":[{"taxonomy":"category","embeddable":true,"href":"https:\/\/www.europesays.com\/fr\/wp-json\/wp\/v2\/categories?post=381385"},{"taxonomy":"post_tag","embeddable":true,"href":"https:\/\/www.europesays.com\/fr\/wp-json\/wp\/v2\/tags?post=381385"}],"curies":[{"name":"wp","href":"https:\/\/api.w.org\/{rel}","templated":true}]}}