{"id":381394,"date":"2025-09-10T23:26:11","date_gmt":"2025-09-10T23:26:11","guid":{"rendered":"https:\/\/www.europesays.com\/fr\/381394\/"},"modified":"2025-09-10T23:26:11","modified_gmt":"2025-09-10T23:26:11","slug":"previsions-du-jeudi-11-septembre-2025-3","status":"publish","type":"post","link":"https:\/\/www.europesays.com\/fr\/381394\/","title":{"rendered":"pr\u00e9visions du jeudi 11 septembre 2025"},"content":{"rendered":"<p>Toujours de la grisaille aujourd&rsquo;hui. Les nuages vont stationner sur Bordeaux. Des pluies \u00e9parses sont attendues. Les maximales pourront atteindre 21\u00b0C alors que les minimales seront de 15\u00b0C. Le matin, on anticipe des temp\u00e9ratures d&rsquo;environ 17\u00b0C. Un vent de sud-ouest rafra\u00eechira un peu l&rsquo;atmosph\u00e8re. La grisaille ne se disperse toujours pas, il va y avoir encore des nuages l&rsquo;apr\u00e8s-midi. Les valeurs seront de 18\u00b0C au minimum et de 21\u00b0C au plus haut. Un vent d&rsquo;ouest est pr\u00e9vu : il soufflera \u00e0 20 km\/h. Les nuages en pr\u00e9vision le soir, et un ciel encore maussade. Des pluies \u00e9parses tomberont. Les temp\u00e9ratures seront de 18\u00b0C. Une nuit pluvieuse vous attendra entre jeudi et vendredi.<\/p>\n<p>Pour Bordeaux, un temps plus chaud est pr\u00e9vu demain puisque le mercure va enregistrer une hausse. Les temp\u00e9ratures afficheront entre 14 et 23\u00b0C. Une l\u00e9g\u00e8re brise d&rsquo;ouest sera ressentie par les habitants. L&rsquo;apparition du soleil le matin sera retard\u00e9e par un bon nombre de nuages. Il va pleuvoir. Les valeurs seront de 18\u00b0C. Demain apr\u00e8s-midi, les Bordelais vont pouvoir profiter d&rsquo;un soleil magnifique. C&rsquo;est une hausse de quelques degr\u00e9s que vont conna\u00eetre les temp\u00e9ratures. Ces valeurs iront de 20 \u00e0 23\u00b0C. Les valeurs s&rsquo;\u00e9chelonneront entre 16 et 18\u00b0C pendant la soir\u00e9e.<\/p>\n<p>Les jours passent et ne changent pas. Il fera 25\u00b0C en moyenne pour des journ\u00e9es avec une m\u00e9t\u00e9o ensoleill\u00e9e.<\/p>\n<p><\/p>\n","protected":false},"excerpt":{"rendered":"Toujours de la grisaille aujourd&rsquo;hui. Les nuages vont stationner sur Bordeaux. Des pluies \u00e9parses sont attendues. Les maximales&hellip;\n","protected":false},"author":2,"featured_media":381395,"comment_status":"","ping_status":"","sticky":false,"template":"","format":"standard","meta":{"footnotes":""},"categories":[2817],"tags":[1111,11,3177,1997,1777,674,1011,27,2905,12,2219,2119,25],"class_list":{"0":"post-381394","1":"post","2":"type-post","3":"status-publish","4":"format-standard","5":"has-post-thumbnail","7":"category-bordeaux","8":"tag-actu","9":"tag-actualites","10":"tag-aquitaine","11":"tag-bordeaux","12":"tag-eu","13":"tag-europe","14":"tag-fr","15":"tag-france","16":"tag-gironde","17":"tag-news","18":"tag-nouvelle-aquitaine","19":"tag-previsions-meteo","20":"tag-republique-francaise"},"share_on_mastodon":{"url":"https:\/\/pubeurope.com\/@fr\/115182592632086706","error":""},"_links":{"self":[{"href":"https:\/\/www.europesays.com\/fr\/wp-json\/wp\/v2\/posts\/381394","targetHints":{"allow":["GET"]}}],"collection":[{"href":"https:\/\/www.europesays.com\/fr\/wp-json\/wp\/v2\/posts"}],"about":[{"href":"https:\/\/www.europesays.com\/fr\/wp-json\/wp\/v2\/types\/post"}],"author":[{"embeddable":true,"href":"https:\/\/www.europesays.com\/fr\/wp-json\/wp\/v2\/users\/2"}],"replies":[{"embeddable":true,"href":"https:\/\/www.europesays.com\/fr\/wp-json\/wp\/v2\/comments?post=381394"}],"version-history":[{"count":0,"href":"https:\/\/www.europesays.com\/fr\/wp-json\/wp\/v2\/posts\/381394\/revisions"}],"wp:featuredmedia":[{"embeddable":true,"href":"https:\/\/www.europesays.com\/fr\/wp-json\/wp\/v2\/media\/381395"}],"wp:attachment":[{"href":"https:\/\/www.europesays.com\/fr\/wp-json\/wp\/v2\/media?parent=381394"}],"wp:term":[{"taxonomy":"category","embeddable":true,"href":"https:\/\/www.europesays.com\/fr\/wp-json\/wp\/v2\/categories?post=381394"},{"taxonomy":"post_tag","embeddable":true,"href":"https:\/\/www.europesays.com\/fr\/wp-json\/wp\/v2\/tags?post=381394"}],"curies":[{"name":"wp","href":"https:\/\/api.w.org\/{rel}","templated":true}]}}