{"id":381402,"date":"2025-09-10T23:30:15","date_gmt":"2025-09-10T23:30:15","guid":{"rendered":"https:\/\/www.europesays.com\/fr\/381402\/"},"modified":"2025-09-10T23:30:15","modified_gmt":"2025-09-10T23:30:15","slug":"previsions-du-jeudi-11-septembre-2025-5","status":"publish","type":"post","link":"https:\/\/www.europesays.com\/fr\/381402\/","title":{"rendered":"pr\u00e9visions du jeudi 11 septembre 2025"},"content":{"rendered":"<p>Aujourd&rsquo;hui, \u00e0 Lille, des nuages ne voudront pas laisser leur place au soleil. Les maximales iront jusqu&rsquo;\u00e0 20\u00b0C et les minimales seront de 13\u00b0C. Un vent de sud-ouest soufflera \u00e0 22 km\/h. De petites averses rythmeront cette matin\u00e9e. Les valeurs avoisineront les 16\u00b0C. Des pluies \u00e9parses vont tomber au cours de l&rsquo;apr\u00e8s-midi. Les temp\u00e9ratures s&rsquo;\u00e9chelonneront de 17 \u00e0 20\u00b0C. Dans la soir\u00e9e, les temp\u00e9ratures seront de 15\u00b0C. Pendant que vous dormirez, dans la nuit de jeudi \u00e0 vendredi, le ciel sera pluvieux.<\/p>\n<p>On notera la pr\u00e9sence persistante de nuages demain \u00e0 Lille. Une diminution des temp\u00e9ratures est attendue. Il fera en moyenne 15\u00b0C. Un vent de sud-ouest rafra\u00eechira quelque peu l&rsquo;atmosph\u00e8re. Des averses sont annonc\u00e9es le matin, et risquent de perturber les promenades. Demain apr\u00e8s-midi, le soleil sera dissimul\u00e9 derri\u00e8re des nuages. Du mauvais temps est \u00e0 pr\u00e9voir. Des pluies \u00e9parses vont tomber. D&rsquo;un autre c\u00f4t\u00e9, les temp\u00e9ratures vont conna\u00eetre une augmentation de plusieurs degr\u00e9s. Les valeurs seront de 18\u00b0C au plus bas et de 19\u00b0C au plus haut. La soir\u00e9e va rester couverte \u00e0 cause de nuages qui perdurent dans le ciel. Il va pleuvoir.<\/p>\n<p>Le temps des jours qui suivent va \u00e9voluer progressivement. M\u00eame si le mauvais temps persistera un peu samedi, il faut pr\u00e9voir une am\u00e9lioration par la suite.<\/p>\n<p><\/p>\n","protected":false},"excerpt":{"rendered":"Aujourd&rsquo;hui, \u00e0 Lille, des nuages ne voudront pas laisser leur place au soleil. Les maximales iront jusqu&rsquo;\u00e0 20\u00b0C&hellip;\n","protected":false},"author":2,"featured_media":381403,"comment_status":"","ping_status":"","sticky":false,"template":"","format":"standard","meta":{"footnotes":""},"categories":[2815],"tags":[1111,11,1777,674,1011,27,811,1307,12,1308,1309,2119,25],"class_list":{"0":"post-381402","1":"post","2":"type-post","3":"status-publish","4":"format-standard","5":"has-post-thumbnail","7":"category-lille","8":"tag-actu","9":"tag-actualites","10":"tag-eu","11":"tag-europe","12":"tag-fr","13":"tag-france","14":"tag-hauts-de-france","15":"tag-lille","16":"tag-news","17":"tag-nord","18":"tag-nord-pas-de-calais","19":"tag-previsions-meteo","20":"tag-republique-francaise"},"share_on_mastodon":{"url":"https:\/\/pubeurope.com\/@fr\/115182608311746109","error":""},"_links":{"self":[{"href":"https:\/\/www.europesays.com\/fr\/wp-json\/wp\/v2\/posts\/381402","targetHints":{"allow":["GET"]}}],"collection":[{"href":"https:\/\/www.europesays.com\/fr\/wp-json\/wp\/v2\/posts"}],"about":[{"href":"https:\/\/www.europesays.com\/fr\/wp-json\/wp\/v2\/types\/post"}],"author":[{"embeddable":true,"href":"https:\/\/www.europesays.com\/fr\/wp-json\/wp\/v2\/users\/2"}],"replies":[{"embeddable":true,"href":"https:\/\/www.europesays.com\/fr\/wp-json\/wp\/v2\/comments?post=381402"}],"version-history":[{"count":0,"href":"https:\/\/www.europesays.com\/fr\/wp-json\/wp\/v2\/posts\/381402\/revisions"}],"wp:featuredmedia":[{"embeddable":true,"href":"https:\/\/www.europesays.com\/fr\/wp-json\/wp\/v2\/media\/381403"}],"wp:attachment":[{"href":"https:\/\/www.europesays.com\/fr\/wp-json\/wp\/v2\/media?parent=381402"}],"wp:term":[{"taxonomy":"category","embeddable":true,"href":"https:\/\/www.europesays.com\/fr\/wp-json\/wp\/v2\/categories?post=381402"},{"taxonomy":"post_tag","embeddable":true,"href":"https:\/\/www.europesays.com\/fr\/wp-json\/wp\/v2\/tags?post=381402"}],"curies":[{"name":"wp","href":"https:\/\/api.w.org\/{rel}","templated":true}]}}