{"id":381404,"date":"2025-09-10T23:31:32","date_gmt":"2025-09-10T23:31:32","guid":{"rendered":"https:\/\/www.europesays.com\/fr\/381404\/"},"modified":"2025-09-10T23:31:32","modified_gmt":"2025-09-10T23:31:32","slug":"un-maitre-de-conferences-de-luniversite-de-lille-mis-en-examen-pour-des-viols-incestueux-sur-ses-petits-enfants","status":"publish","type":"post","link":"https:\/\/www.europesays.com\/fr\/381404\/","title":{"rendered":"Un ma\u00eetre de conf\u00e9rences de l\u2019Universit\u00e9 de Lille mis en examen pour des viols incestueux sur ses petits-enfants"},"content":{"rendered":"<p>C\u2019est un signalement r\u00e9alis\u00e9 cet \u00e9t\u00e9 par un internaute concernant des actes \u00e0 caract\u00e8re p\u00e9dophile \u00abcommis et diffus\u00e9s sur les r\u00e9seaux sociaux\u00bb qui a permis d\u2019identifier l\u2019enseignant de 62 ans.<\/p>\n<p class=\"fig-paragraph\">\u00abErreur 404, la page demand\u00e9e n\u2019existe plus\u00bb : voil\u00e0 ce qu\u2019affiche depuis mercredi la page auteur d\u2019un ma\u00eetre de conf\u00e9rences de l\u2019universit\u00e9 de Lille. Ce dernier, \u00e2g\u00e9 de 62 ans, titulaire d\u2019un doctorat en informatique et enseignant les sciences de l\u2019\u00e9ducation et de la formation, est soup\u00e7onn\u00e9 du viol de ses petits-enfants, a-t-on appris aupr\u00e8s du parquet de Lille, confirmant une information de Paris Match.<\/p>\n<p class=\"fig-paragraph\">C\u2019est un signalement r\u00e9alis\u00e9 cet \u00e9t\u00e9 par un internaute aupr\u00e8s de l\u2019Office mineurs (OFMIN) &#8211; charg\u00e9 des enqu\u00eates sur les violences les plus graves commises contre les mineurs \u00e0 l\u2019\u00e9chelle nationale -, qui a permis d\u2019identifier l\u2019enseignant. Le signalement concernait alors des actes \u00e0 caract\u00e8re p\u00e9dophile \u00abcommis et diffus\u00e9s sur les r\u00e9seaux sociaux\u00bb, selon le parquet.<\/p>\n<p>                                    <a class=\"fig-a11y-skip a11y-hidden\" href=\"#fig-a11y-skip-main-inarticle\"><br \/>\n        Passer la publicit\u00e9<br \/>\n    <\/a><\/p>\n<p class=\"fig-paragraph\">Interpell\u00e9 au retour d\u2019une sortie en mer et plac\u00e9 en garde \u00e0 vue le 23 juillet, ce p\u00e8re de cinq enfants a \u00e9t\u00e9 d\u00e9f\u00e9r\u00e9 deux jours plus tard puis mis en examen notamment des chefs de \u00abviols incestueux\u00bb, \u00abagressions sexuelles par ascendant\u00bb et \u00abcaptation en vue de sa diffusion d\u2019image \u00e0 caract\u00e8re pornographique de mineur\u00bb. Il a \u00e9t\u00e9 plac\u00e9 en d\u00e9tention provisoire. Contact\u00e9e, l\u2019Universit\u00e9 de Lille se refuse \u00e0 tout commentaire.<\/p>\n","protected":false},"excerpt":{"rendered":"C\u2019est un signalement r\u00e9alis\u00e9 cet \u00e9t\u00e9 par un internaute concernant des actes \u00e0 caract\u00e8re p\u00e9dophile \u00abcommis et diffus\u00e9s&hellip;\n","protected":false},"author":2,"featured_media":381405,"comment_status":"","ping_status":"","sticky":false,"template":"","format":"standard","meta":{"footnotes":""},"categories":[2815],"tags":[1111,11,1777,674,6017,1011,27,811,1307,12,1974,25,1265],"class_list":{"0":"post-381404","1":"post","2":"type-post","3":"status-publish","4":"format-standard","5":"has-post-thumbnail","7":"category-lille","8":"tag-actu","9":"tag-actualites","10":"tag-eu","11":"tag-europe","12":"tag-fait-divers","13":"tag-fr","14":"tag-france","15":"tag-hauts-de-france","16":"tag-lille","17":"tag-news","18":"tag-pedocriminalite","19":"tag-republique-francaise","20":"tag-viol"},"share_on_mastodon":{"url":"https:\/\/pubeurope.com\/@fr\/115182612233826084","error":""},"_links":{"self":[{"href":"https:\/\/www.europesays.com\/fr\/wp-json\/wp\/v2\/posts\/381404","targetHints":{"allow":["GET"]}}],"collection":[{"href":"https:\/\/www.europesays.com\/fr\/wp-json\/wp\/v2\/posts"}],"about":[{"href":"https:\/\/www.europesays.com\/fr\/wp-json\/wp\/v2\/types\/post"}],"author":[{"embeddable":true,"href":"https:\/\/www.europesays.com\/fr\/wp-json\/wp\/v2\/users\/2"}],"replies":[{"embeddable":true,"href":"https:\/\/www.europesays.com\/fr\/wp-json\/wp\/v2\/comments?post=381404"}],"version-history":[{"count":0,"href":"https:\/\/www.europesays.com\/fr\/wp-json\/wp\/v2\/posts\/381404\/revisions"}],"wp:featuredmedia":[{"embeddable":true,"href":"https:\/\/www.europesays.com\/fr\/wp-json\/wp\/v2\/media\/381405"}],"wp:attachment":[{"href":"https:\/\/www.europesays.com\/fr\/wp-json\/wp\/v2\/media?parent=381404"}],"wp:term":[{"taxonomy":"category","embeddable":true,"href":"https:\/\/www.europesays.com\/fr\/wp-json\/wp\/v2\/categories?post=381404"},{"taxonomy":"post_tag","embeddable":true,"href":"https:\/\/www.europesays.com\/fr\/wp-json\/wp\/v2\/tags?post=381404"}],"curies":[{"name":"wp","href":"https:\/\/api.w.org\/{rel}","templated":true}]}}