{"id":381408,"date":"2025-09-10T23:33:11","date_gmt":"2025-09-10T23:33:11","guid":{"rendered":"https:\/\/www.europesays.com\/fr\/381408\/"},"modified":"2025-09-10T23:33:11","modified_gmt":"2025-09-10T23:33:11","slug":"previsions-du-jeudi-11-septembre-2025-6","status":"publish","type":"post","link":"https:\/\/www.europesays.com\/fr\/381408\/","title":{"rendered":"pr\u00e9visions du jeudi 11 septembre 2025"},"content":{"rendered":"<p>C&rsquo;est un soleil magnifique qui va briller aujourd&rsquo;hui sur Marseille. Il fera en moyenne 22\u00b0C. Un vent de nord-ouest, enregistrant 33 km\/h, soufflera. Le matin, le mercure affichera 21\u00b0C en moyenne. Une m\u00e9t\u00e9o plus chaude est pr\u00e9vue l&rsquo;apr\u00e8s-midi \u00e9tant donn\u00e9 que les temp\u00e9ratures vont conna\u00eetre une augmentation. Les valeurs s&rsquo;\u00e9chelonneront entre 24\u00b0C et 25\u00b0C. La ville aura quelques \u00e9claircies le soir. Les valeurs iront de 22 \u00e0 24\u00b0C. Une nuit claire vous attendra entre jeudi et vendredi.<\/p>\n<p>Demain, les Marseillais vont pouvoir b\u00e9n\u00e9ficier d&rsquo;un soleil radieux. Les temp\u00e9ratures seront comprises entre 19 et 25\u00b0C. Un vent de nord-ouest est pr\u00e9vu : il soufflera \u00e0 22 km\/h. Le matin, on anticipe des valeurs d&rsquo;environ 22\u00b0C. Les temp\u00e9ratures seront de 23\u00b0C au plus bas et de 25\u00b0C au maximum l&rsquo;apr\u00e8s-midi. On annonce une embellie pour cette soir\u00e9e. Il va faire 22\u00b0C en moyenne.<\/p>\n<p>Des changements sont annonc\u00e9s les jours suivants. La m\u00e9t\u00e9o sera pluvieuse samedi mais elle conna\u00eetra une am\u00e9lioration dimanche.<\/p>\n<p><\/p>\n","protected":false},"excerpt":{"rendered":"C&rsquo;est un soleil magnifique qui va briller aujourd&rsquo;hui sur Marseille. Il fera en moyenne 22\u00b0C. Un vent de&hellip;\n","protected":false},"author":2,"featured_media":381409,"comment_status":"","ping_status":"","sticky":false,"template":"","format":"standard","meta":{"footnotes":""},"categories":[2814],"tags":[1111,11,1777,674,1011,27,884,12,2119,882,25],"class_list":{"0":"post-381408","1":"post","2":"type-post","3":"status-publish","4":"format-standard","5":"has-post-thumbnail","7":"category-marseille","8":"tag-actu","9":"tag-actualites","10":"tag-eu","11":"tag-europe","12":"tag-fr","13":"tag-france","14":"tag-marseille","15":"tag-news","16":"tag-previsions-meteo","17":"tag-provence-alpes-cote-dazur","18":"tag-republique-francaise"},"share_on_mastodon":{"url":"https:\/\/pubeurope.com\/@fr\/115182620180725823","error":""},"_links":{"self":[{"href":"https:\/\/www.europesays.com\/fr\/wp-json\/wp\/v2\/posts\/381408","targetHints":{"allow":["GET"]}}],"collection":[{"href":"https:\/\/www.europesays.com\/fr\/wp-json\/wp\/v2\/posts"}],"about":[{"href":"https:\/\/www.europesays.com\/fr\/wp-json\/wp\/v2\/types\/post"}],"author":[{"embeddable":true,"href":"https:\/\/www.europesays.com\/fr\/wp-json\/wp\/v2\/users\/2"}],"replies":[{"embeddable":true,"href":"https:\/\/www.europesays.com\/fr\/wp-json\/wp\/v2\/comments?post=381408"}],"version-history":[{"count":0,"href":"https:\/\/www.europesays.com\/fr\/wp-json\/wp\/v2\/posts\/381408\/revisions"}],"wp:featuredmedia":[{"embeddable":true,"href":"https:\/\/www.europesays.com\/fr\/wp-json\/wp\/v2\/media\/381409"}],"wp:attachment":[{"href":"https:\/\/www.europesays.com\/fr\/wp-json\/wp\/v2\/media?parent=381408"}],"wp:term":[{"taxonomy":"category","embeddable":true,"href":"https:\/\/www.europesays.com\/fr\/wp-json\/wp\/v2\/categories?post=381408"},{"taxonomy":"post_tag","embeddable":true,"href":"https:\/\/www.europesays.com\/fr\/wp-json\/wp\/v2\/tags?post=381408"}],"curies":[{"name":"wp","href":"https:\/\/api.w.org\/{rel}","templated":true}]}}