{"id":381416,"date":"2025-09-10T23:38:12","date_gmt":"2025-09-10T23:38:12","guid":{"rendered":"https:\/\/www.europesays.com\/fr\/381416\/"},"modified":"2025-09-10T23:38:12","modified_gmt":"2025-09-10T23:38:12","slug":"manifestations-ronds-points-occupes-blocages-barrages-filtrants-retour-sur-une-journee-de-mobilisation-derriere-le-mot-dordre-bloquons-tout","status":"publish","type":"post","link":"https:\/\/www.europesays.com\/fr\/381416\/","title":{"rendered":"Manifestations, ronds-points occup\u00e9s, blocages, barrages filtrants\u2026 Retour sur une journ\u00e9e de mobilisation derri\u00e8re le mot d&rsquo;ordre \u00ab\u00a0Bloquons tout\u00a0\u00bb"},"content":{"rendered":"<p>            lire plus tard<\/p>\n<p id=\"dialog__title\" class=\"dialog__title\">Pour sauvegarder cet article, connectez-vous ou cr\u00e9ez un compte franceinfo<\/p>\n<p class=\"dialog__description\">Sans paiement. Sans abonnement.<\/p>\n<p>        Fermer la fen\u00eatre d\u2019activation des notifications France Info<\/p>\n<p>            cr\u00e9er votre compte<\/p>\n<p>            se connecter<\/p>\n<p>        Fermer la fen\u00eatre de pr\u00e9sentation<\/p>\n<p>    Publi\u00e9 le 10\/09\/2025 20:19<\/p>\n<p>      Mis \u00e0 jour le 10\/09\/2025 23:38<\/p>\n<p>        Temps de lecture : 1min &#8211; vid\u00e9o : 3min<\/p>\n<p>    <img decoding=\"async\" class=\"francetv-player-wrapper__image\" alt=\"&quot;Bloquons tout&quot; : 175 000 participants selon le minist\u00e8re de l'Int\u00e9rieur, mais pas de blocage\"  width=\"432\" height=\"243\" src=\"https:\/\/www.europesays.com\/fr\/wp-content\/uploads\/2025\/09\/bloquons-tout-resume-68c1c062c4749948277253.jpg\" fetchpriority=\"high\"\/><\/p>\n<p>              \u00ab\u00a0Bloquons tout\u00a0\u00bb : 175 000 participants selon le minist\u00e8re de l&rsquo;Int\u00e9rieur, mais pas de blocage<br \/>\n                    (France 2)<\/p>\n<p>      3min<\/p>\n<p>\n  Des manifestations et des tentatives de blocages ont marqu\u00e9 la journ\u00e9e de ce mercredi 10 septembre, choisie par le mouvement \u00ab\u00a0Bloquons tout\u00a0\u00bb. Malgr\u00e9 de nombreux incidents \u00e0 travers la France, aucun blocage d&rsquo;ampleur n&rsquo;a \u00e9t\u00e9 signal\u00e9.\n<\/p>\n<p><strong>Ce texte correspond \u00e0 une partie de la retranscription du reportage ci-dessus. Cliquez sur la vid\u00e9o pour la regarder en int\u00e9gralit\u00e9.<\/strong><\/p>\n<p>Dans le quartier des Halles, en plein c\u0153ur de Paris, les CRS chargent les manifestants, repouss\u00e9s de tous les c\u00f4t\u00e9s. Soudain, des flammes s&rsquo;\u00e9l\u00e8vent dans une brasserie. \u00c0 l&rsquo;origine, sans doute, un tir de gaz lacrymog\u00e8ne par les forces de l&rsquo;ordre.<\/p>\n<p>Le point d&rsquo;orgue d&rsquo;une journ\u00e9e de tensions et de manifestations dans toute la France. D&rsquo;autres, comme un symbole de mobilisations pass\u00e9es, se retrouvent autour d&rsquo;un rond-point : \u00ab\u00a0Voil\u00e0 huit ans que je suis dans les gilets jaunes, donc je reviens l\u00e0 !\u00a0\u00bb explique un militant. De la p\u00e9riph\u00e9rie de Besan\u00e7on \u00e0 celle de Rouen, les gilets jaunes retrouvent des couleurs : occupation de giratoires et blocage des poids lourds. Barrage filtrant en Normandie et tentative de p\u00e9age gratuit sur l&rsquo;autoroute A10, pr\u00e8s de Poitiers.<\/p>\n<p>\u00c0 Paris, c&rsquo;est le boulevard p\u00e9riph\u00e9rique qui est cibl\u00e9, avec du mobilier sur la chauss\u00e9e. M\u00eame chose \u00e0 Lyon, quelques minutes plus t\u00f4t. Les esprits commencent \u00e0 s&rsquo;\u00e9chauffer. Dans toute la France, des occupations symboliques, comme un entrep\u00f4t Amazon dans le Nord, et des manifestations plus classiques.<\/p>\n<p>La journ\u00e9e a \u00e9t\u00e9 \u00e9maill\u00e9e d&rsquo;incidents et on d\u00e9nombre 473 interpellations. \u00c0 Paris, les forces de l&rsquo;ordre se retrouvent accul\u00e9es. La confrontation dure une quinzaine de minutes. Plus loin, <a href=\"https:\/\/www.franceinfo.fr\/societe\/bloquons-tout-mouvement-du-10-septembre\/bloquons-tout-les-voyageurs-contraints-de-s-adapter_7484392.html\" data-tooltip-url=\"https:\/\/www.franceinfo.fr\/societe\/bloquons-tout-mouvement-du-10-septembre\/bloquons-tout-les-voyageurs-contraints-de-s-adapter_7484392.html\" rel=\"nofollow noopener\" target=\"_blank\">les policiers tentent de prot\u00e9ger la gare du Nord<\/a>. Dans toute la France, 175 000 personnes ont manifest\u00e9 selon le minist\u00e8re de l&rsquo;Int\u00e9rieur, moins que pour le premier week-end des Gilets jaunes. Selon la CGT, ils \u00e9taient 250 000 dans les rues mercredi 10 septembre.<\/p>\n","protected":false},"excerpt":{"rendered":"lire plus tard Pour sauvegarder cet article, connectez-vous ou cr\u00e9ez un compte franceinfo Sans paiement. Sans abonnement. Fermer&hellip;\n","protected":false},"author":2,"featured_media":381417,"comment_status":"","ping_status":"","sticky":false,"template":"","format":"standard","meta":{"footnotes":""},"categories":[1888],"tags":[1111,1928,11,1927,1777,674,1011,27,12,1926,626,1925,25],"class_list":{"0":"post-381416","1":"post","2":"type-post","3":"status-publish","4":"format-standard","5":"has-post-thumbnail","7":"category-paris","8":"tag-actu","9":"tag-actu-paris","10":"tag-actualites","11":"tag-actualites-paris","12":"tag-eu","13":"tag-europe","14":"tag-fr","15":"tag-france","16":"tag-news","17":"tag-news-paris","18":"tag-paris","19":"tag-paris-news","20":"tag-republique-francaise"},"share_on_mastodon":{"url":"https:\/\/pubeurope.com\/@fr\/115182640147973515","error":""},"_links":{"self":[{"href":"https:\/\/www.europesays.com\/fr\/wp-json\/wp\/v2\/posts\/381416","targetHints":{"allow":["GET"]}}],"collection":[{"href":"https:\/\/www.europesays.com\/fr\/wp-json\/wp\/v2\/posts"}],"about":[{"href":"https:\/\/www.europesays.com\/fr\/wp-json\/wp\/v2\/types\/post"}],"author":[{"embeddable":true,"href":"https:\/\/www.europesays.com\/fr\/wp-json\/wp\/v2\/users\/2"}],"replies":[{"embeddable":true,"href":"https:\/\/www.europesays.com\/fr\/wp-json\/wp\/v2\/comments?post=381416"}],"version-history":[{"count":0,"href":"https:\/\/www.europesays.com\/fr\/wp-json\/wp\/v2\/posts\/381416\/revisions"}],"wp:featuredmedia":[{"embeddable":true,"href":"https:\/\/www.europesays.com\/fr\/wp-json\/wp\/v2\/media\/381417"}],"wp:attachment":[{"href":"https:\/\/www.europesays.com\/fr\/wp-json\/wp\/v2\/media?parent=381416"}],"wp:term":[{"taxonomy":"category","embeddable":true,"href":"https:\/\/www.europesays.com\/fr\/wp-json\/wp\/v2\/categories?post=381416"},{"taxonomy":"post_tag","embeddable":true,"href":"https:\/\/www.europesays.com\/fr\/wp-json\/wp\/v2\/tags?post=381416"}],"curies":[{"name":"wp","href":"https:\/\/api.w.org\/{rel}","templated":true}]}}