{"id":381420,"date":"2025-09-10T23:40:12","date_gmt":"2025-09-10T23:40:12","guid":{"rendered":"https:\/\/www.europesays.com\/fr\/381420\/"},"modified":"2025-09-10T23:40:12","modified_gmt":"2025-09-10T23:40:12","slug":"previsions-du-jeudi-11-septembre-2025-7","status":"publish","type":"post","link":"https:\/\/www.europesays.com\/fr\/381420\/","title":{"rendered":"pr\u00e9visions du jeudi 11 septembre 2025"},"content":{"rendered":"<p>Le soleil se fera attendre aujourd&rsquo;hui sur Paris, o\u00f9 des nuages sont bien install\u00e9s. Les valeurs s&rsquo;\u00e9chelonneront entre 13 et 22\u00b0C. Un vent de sud-ouest soufflera un peu, avec 17 km\/h. D&rsquo;un autre c\u00f4t\u00e9, des \u00e9claircies feront leur apparition dans la matin\u00e9e. Les temp\u00e9ratures seront de 17\u00b0C. Les nuages dans le ciel de l&rsquo;apr\u00e8s-midi retardent l&rsquo;apparition du soleil. Il va pleuvoir. En revanche, les temp\u00e9ratures vont enregistrer une augmentation de quelques degr\u00e9s. Les valeurs afficheront entre 19\u00b0C et 22\u00b0C. Des pluies \u00e9parses sont pr\u00e9vues dans la soir\u00e9e. Il va faire environ 17\u00b0C. Durant la nuit de jeudi \u00e0 vendredi, le ciel sera pluvieux.<\/p>\n<p>Demain, les temp\u00e9ratures vont chuter de quelques degr\u00e9s \u00e0 Paris. Les valeurs seront comprises entre 12 et 22\u00b0C. Un vent de sud-ouest rafra\u00eechira l\u00e9g\u00e8rement l&rsquo;atmosph\u00e8re. Le soleil sera dominant, la promesse d&rsquo;une magnifique matin\u00e9e ! Demain apr\u00e8s-midi, le vent va progressivement chasser la grisaille. Les temp\u00e9ratures vont conna\u00eetre une hausse de plusieurs degr\u00e9s. Les valeurs s&rsquo;\u00e9chelonneront entre 20 et 22\u00b0C. Les nuages seront peu \u00e0 peu visibles au cours de la soir\u00e9e. Des pluies \u00e9parses sont attendues.<\/p>\n<p>Le temps des jours suivants va \u00e9voluer peu \u00e0 peu. Apr\u00e8s une m\u00e9t\u00e9o similaire samedi, la situation changera dimanche.<\/p>\n<p><\/p>\n","protected":false},"excerpt":{"rendered":"Le soleil se fera attendre aujourd&rsquo;hui sur Paris, o\u00f9 des nuages sont bien install\u00e9s. Les valeurs s&rsquo;\u00e9chelonneront entre&hellip;\n","protected":false},"author":2,"featured_media":381421,"comment_status":"","ping_status":"","sticky":false,"template":"","format":"standard","meta":{"footnotes":""},"categories":[1888],"tags":[11,1777,674,1011,27,662,12,626,2119,25],"class_list":{"0":"post-381420","1":"post","2":"type-post","3":"status-publish","4":"format-standard","5":"has-post-thumbnail","7":"category-paris","8":"tag-actualites","9":"tag-eu","10":"tag-europe","11":"tag-fr","12":"tag-france","13":"tag-ile-de-france","14":"tag-news","15":"tag-paris","16":"tag-previsions-meteo","17":"tag-republique-francaise"},"share_on_mastodon":{"url":"https:\/\/pubeurope.com\/@fr\/115182647649842604","error":""},"_links":{"self":[{"href":"https:\/\/www.europesays.com\/fr\/wp-json\/wp\/v2\/posts\/381420","targetHints":{"allow":["GET"]}}],"collection":[{"href":"https:\/\/www.europesays.com\/fr\/wp-json\/wp\/v2\/posts"}],"about":[{"href":"https:\/\/www.europesays.com\/fr\/wp-json\/wp\/v2\/types\/post"}],"author":[{"embeddable":true,"href":"https:\/\/www.europesays.com\/fr\/wp-json\/wp\/v2\/users\/2"}],"replies":[{"embeddable":true,"href":"https:\/\/www.europesays.com\/fr\/wp-json\/wp\/v2\/comments?post=381420"}],"version-history":[{"count":0,"href":"https:\/\/www.europesays.com\/fr\/wp-json\/wp\/v2\/posts\/381420\/revisions"}],"wp:featuredmedia":[{"embeddable":true,"href":"https:\/\/www.europesays.com\/fr\/wp-json\/wp\/v2\/media\/381421"}],"wp:attachment":[{"href":"https:\/\/www.europesays.com\/fr\/wp-json\/wp\/v2\/media?parent=381420"}],"wp:term":[{"taxonomy":"category","embeddable":true,"href":"https:\/\/www.europesays.com\/fr\/wp-json\/wp\/v2\/categories?post=381420"},{"taxonomy":"post_tag","embeddable":true,"href":"https:\/\/www.europesays.com\/fr\/wp-json\/wp\/v2\/tags?post=381420"}],"curies":[{"name":"wp","href":"https:\/\/api.w.org\/{rel}","templated":true}]}}