{"id":381426,"date":"2025-09-10T23:43:10","date_gmt":"2025-09-10T23:43:10","guid":{"rendered":"https:\/\/www.europesays.com\/fr\/381426\/"},"modified":"2025-09-10T23:43:10","modified_gmt":"2025-09-10T23:43:10","slug":"ce-que-nous-les-ukrainiens-avons-perdu-avec-ce-conflit-cest-lillusion-de-pouvoir-controler-nos-vies","status":"publish","type":"post","link":"https:\/\/www.europesays.com\/fr\/381426\/","title":{"rendered":"\u201cCe que nous, les Ukrainiens, avons perdu avec ce conflit, c\u2019est l\u2019illusion de pouvoir contr\u00f4ler nos vies\u201d"},"content":{"rendered":"<p>      <img fetchpriority=\"high\" decoding=\"async\" class=\"mx-auto\" src=\"data:image\/svg+xml,%3Csvg%20xmlns%3D%27http%3A%2F%2Fwww.w3.org%2F2000%2Fsvg%27%20fill%3D%22%23e4e4e4%22%20viewBox%3D%270%200%20510%20340%27%20width%3D%22510%22%20height%3D%22340%22%3E%3Cpath%20d%3D%27M0%200h510v340H0z%27%2F%3E%3C%2Fsvg%3E\"  loading=\"eager\" width=\"510\" height=\"340\" data-oncrawl-image-size=\"510x340\" alt=\"La r\u00e9alisatrice ukrainienne Kateryna Gornostai lors la pr\u00e9sentation de son documentaire \u00ab\u00a0Premi\u00e8res classes\u00a0\u00bb \u00e0 la Berlinale, 20\u00a0f\u00e9vrier 2025.\"\/>      <\/p>\n<p class=\"latino-100m text-grey-600\">\n            La r\u00e9alisatrice ukrainienne Kateryna Gornostai lors la pr\u00e9sentation de son documentaire \u00ab\u00a0Premi\u00e8res classes\u00a0\u00bb \u00e0 la Berlinale, 20\u00a0f\u00e9vrier 2025.\u00a0CHRISTOPH SOEDER\/DPA PICTURE-ALLIANCE VIA AFP        <\/p>\n<p>        Lire\u00a0plus\u00a0tard      <\/p>\n<p><a aria-label=\"Nous suivre sur Google News\" href=\"https:\/\/news.google.com\/publications\/CAAqBwgKMJe4nQkw3dFs?hl=fr&amp;gl=FR&amp;ceid=FR%3Afr\" target=\"_blank\" data-piano=\"Page_Article,Sous_date_publi,Nous_suivre_sur_google_news,1er_clic,action\" class=\"btn btn--small btn--tertiary btn--icon-only\" rel=\"noopener\"><\/p>\n<p>      Google Actualit\u00e9s<br \/>\n  <\/a><\/p>\n<p>  Partager<\/p>\n<p>        Facebook<\/p>\n<p>        Bluesky<\/p>\n<p>        E-mail<\/p>\n<p>        Copier le lien<\/p>\n<p>      Envoyer<\/p>\n<p>      S\u2019abonner pour lire    <\/p>\n<p class=\"node__paragraphe antonia-750r text-grey-800 pb-24 pb-md-32\">\nVus de loin, ce sont des \u00e9coli\u00e8res et des lyc\u00e9ens comme les autres, plus ou moins sagement assis derri\u00e8re leur pupitre pour \u00e9couter leur professeur. Vus de pr\u00e8s, ce sont des r\u00e9sistants en herbe, prouvant par leur seule pr\u00e9sence en classe leur croyance en un avenir pacifi\u00e9. Malgr\u00e9 les difficult\u00e9s mat\u00e9rielles, la destruction cibl\u00e9e des \u00e9coles par les forces ennemies et les intimidations de l\u2019envahisseur\u2026 toutes et tous b\u00e2tissent le futur de leur nation. Dans \u00ab\u00a0Premi\u00e8res classes\u00a0\u00bb, documentaire qui sort dans les salles fran\u00e7aises ce mercredi 10\u00a0septembre, Kateryna Gornostai, r\u00e9compens\u00e9e \u00e0 la Berlinale en 2021\u00a0avec \u00ab\u00a0Jeunesse en sursis\u00a0\u00bb, a film\u00e9 en 2023\u00a0et 2024\u00a0des \u00e9l\u00e8ves et des enseignants ukrainiens dont le quotidien a \u00e9t\u00e9 boulevers\u00e9 par l\u2019invasion \u00e0 grande \u00e9chelle lanc\u00e9e par la Russie en f\u00e9vrier 2022.<\/p>\n<p>Ce projet est n\u00e9 d\u2019une sorte de commande\u2026<\/p>\n<p class=\"node__paragraphe antonia-750r text-grey-800 pb-8\">\n<strong>Kateryna Gornostai<\/strong> A\u00a0l\u2019origine, il y a une requ\u00eate de l\u2019organisation Osvitoria, une ONG \u00e9ducative qui souhaitait faire un film sur l\u2019\u00e9tat de la scolarisation en Ukraine depuis le d\u00e9but de l\u2019invasion. Et la raconter principalement depuis le point de vue des en\u2026<\/p>\n<p class=\"latino-100m text-blue-400\">Article r\u00e9serv\u00e9 aux abonn\u00e9s.<\/p>\n<p>          Se connecter<\/p>\n<p class=\"text-center antonia-1850c\" style=\"margin-bottom:4px;\">Envie de lire la suite ?<\/p>\n<p class=\"text-center antonia-800c pb-16\">Tous nos articles en int\u00e9gralit\u00e9 d\u00e8s\u00a01\u20ac<\/p>\n<p>        S&rsquo;abonner<\/p>\n<p class=\"text-grey-700 or\">ou<\/p>\n<p>            <img width=\"164\" height=\"20\" src=\"data:image\/svg+xml,%3Csvg%20xmlns%3D%27http%3A%2F%2Fwww.w3.org%2F2000%2Fsvg%27%20fill%3D%22%23e4e4e4%22%20viewBox%3D%270%200%20282%2054%27%20width%3D%22282%22%20height%3D%2254%22%3E%3Cpath%20d%3D%27M0%200h282v54H0z%27%2F%3E%3C%2Fsvg%3E\"  class=\"js-swg-placeholder\" alt=\"Subscribe with Google\" loading=\"lazy\" decoding=\"async\"\/><\/p>\n<p>          D\u00e9couvrir toutes nos offres<\/p>\n","protected":false},"excerpt":{"rendered":"La r\u00e9alisatrice ukrainienne Kateryna Gornostai lors la pr\u00e9sentation de son documentaire \u00ab\u00a0Premi\u00e8res classes\u00a0\u00bb \u00e0 la Berlinale, 20\u00a0f\u00e9vrier 2025.\u00a0CHRISTOPH&hellip;\n","protected":false},"author":2,"featured_media":381427,"comment_status":"","ping_status":"","sticky":false,"template":"","format":"standard","meta":{"footnotes":""},"categories":[1590],"tags":[17,11,650,2120,46623,251,1777,674,51455,74,12,392,27573,220,10884],"class_list":{"0":"post-381426","1":"post","2":"type-post","3":"status-publish","4":"format-standard","5":"has-post-thumbnail","7":"category-ukraine","8":"tag-17","9":"tag-actualites","10":"tag-cinema","11":"tag-conflit","12":"tag-controler","13":"tag-culture","14":"tag-eu","15":"tag-europe","16":"tag-illusion","17":"tag-monde","18":"tag-news","19":"tag-perdu","20":"tag-pouvoir","21":"tag-ukraine","22":"tag-ukrainiens"},"share_on_mastodon":{"url":"https:\/\/pubeurope.com\/@fr\/115182659476447130","error":""},"_links":{"self":[{"href":"https:\/\/www.europesays.com\/fr\/wp-json\/wp\/v2\/posts\/381426","targetHints":{"allow":["GET"]}}],"collection":[{"href":"https:\/\/www.europesays.com\/fr\/wp-json\/wp\/v2\/posts"}],"about":[{"href":"https:\/\/www.europesays.com\/fr\/wp-json\/wp\/v2\/types\/post"}],"author":[{"embeddable":true,"href":"https:\/\/www.europesays.com\/fr\/wp-json\/wp\/v2\/users\/2"}],"replies":[{"embeddable":true,"href":"https:\/\/www.europesays.com\/fr\/wp-json\/wp\/v2\/comments?post=381426"}],"version-history":[{"count":0,"href":"https:\/\/www.europesays.com\/fr\/wp-json\/wp\/v2\/posts\/381426\/revisions"}],"wp:featuredmedia":[{"embeddable":true,"href":"https:\/\/www.europesays.com\/fr\/wp-json\/wp\/v2\/media\/381427"}],"wp:attachment":[{"href":"https:\/\/www.europesays.com\/fr\/wp-json\/wp\/v2\/media?parent=381426"}],"wp:term":[{"taxonomy":"category","embeddable":true,"href":"https:\/\/www.europesays.com\/fr\/wp-json\/wp\/v2\/categories?post=381426"},{"taxonomy":"post_tag","embeddable":true,"href":"https:\/\/www.europesays.com\/fr\/wp-json\/wp\/v2\/tags?post=381426"}],"curies":[{"name":"wp","href":"https:\/\/api.w.org\/{rel}","templated":true}]}}