{"id":381430,"date":"2025-09-10T23:45:13","date_gmt":"2025-09-10T23:45:13","guid":{"rendered":"https:\/\/www.europesays.com\/fr\/381430\/"},"modified":"2025-09-10T23:45:13","modified_gmt":"2025-09-10T23:45:13","slug":"boris-johnson-epingle-par-la-presse-pour-setre-enrichi-grace-a-son-ancien-reseau-de-ministre","status":"publish","type":"post","link":"https:\/\/www.europesays.com\/fr\/381430\/","title":{"rendered":"Boris Johnson \u00e9pingl\u00e9 par la presse pour s&rsquo;\u00eatre enrichi gr\u00e2ce \u00e0 son ancien r\u00e9seau de ministre"},"content":{"rendered":"<p class=\"mb-4 text-lg md:leading-8 break-words\">Au Royaume-Uni, Boris Johnson refait surface, mais avec des r\u00e9v\u00e9lations qui font la Une de la presse, au point de les appeler les \u00ab Boris Files \u00bb. L\u2019ancien Premier ministre est accus\u00e9 d\u2019avoir profit\u00e9 de son statut pour s\u2019enrichir personnellement.<\/p>\n<p class=\"mb-4 text-lg md:leading-8 break-words\">L\u2019ancien chef du gouvernement britannique, a rencontr\u00e9 en f\u00e9vrier 2024 <strong><a href=\"https:\/\/www.rfi.fr\/fr\/tag\/nicolas-maduro\/\" class=\"link \" rel=\"nofollow noopener\" target=\"_blank\" data-ylk=\"slk:Nicolas Maduro;elm:context_link;itc:0;sec:content-canvas\">Nicolas Maduro<\/a><\/strong>, le pr\u00e9sident du <strong><a href=\"https:\/\/www.rfi.fr\/fr\/tag\/venezuela\/\" class=\"link \" rel=\"nofollow noopener\" target=\"_blank\" data-ylk=\"slk:Venezuela;elm:context_link;itc:0;sec:content-canvas\">Venezuela<\/a><\/strong>, qu\u2019il avait pourtant autrefois qualifi\u00e9 de \u00ab dictateur mal\u00e9fique \u00bb, relate notre correspondante \u00e0 Londres, <strong>Sidonie Gaucher<\/strong>. Officiellement, c\u2019\u00e9tait une visite diplomatique improvis\u00e9e pendant ses vacances. Mais, officieusement, c&rsquo;\u00e9tait une affaire juteuse puisque <strong><a href=\"https:\/\/www.rfi.fr\/fr\/tag\/boris-johnson\/\" class=\"link \" rel=\"nofollow noopener\" target=\"_blank\" data-ylk=\"slk:Boris Johnson;elm:context_link;itc:0;sec:content-canvas\">Boris Johnson<\/a><\/strong> aurait empoch\u00e9 240 000 livres sterling \u2013 soit plus de 275 000 euros \u2013 quelques semaines apr\u00e8s cette entrevue.<\/p>\n<p class=\"mb-4 text-lg md:leading-8 break-words\">Selon des documents confidentiels <strong><a href=\"https:\/\/www.theguardian.com\/uk-news\/2025\/sep\/08\/boris-johnson-nicolas-maduro-meeting-invoice\" rel=\"nofollow noopener\" target=\"_blank\" data-ylk=\"slk:r\u00e9v\u00e9l\u00e9s par The Guardian;elm:context_link;itc:0;sec:content-canvas\" class=\"link \">r\u00e9v\u00e9l\u00e9s par The Guardian<\/a><\/strong>, L\u2019argent aurait transit\u00e9 via un gestionnaire de fonds sp\u00e9culatifs pr\u00e9sent lors du rendez-vous. Et ce n\u2019est pas tout : un contrat confidentiel pr\u00e9voyait jusqu\u2019\u00e0 1,6 million de livres par an pour huit r\u00e9unions, ce que l\u2019int\u00e9ress\u00e9 a toujours d\u00e9menti. Les documents r\u00e9v\u00e8lent aussi un d\u00e9jeuner secret \u00e0 Chequers, sa r\u00e9sidence officielle, \u00e0 peine une semaine avant son d\u00e9part de Downing Street.<\/p>\n<p class=\"mb-4 text-lg md:leading-8 break-words\">Ces r\u00e9v\u00e9lations <strong><a href=\"https:\/\/www.theguardian.com\/politics\/boris-johnson\" rel=\"nofollow noopener\" target=\"_blank\" data-ylk=\"slk:sont contenues dans les \u00ab Boris Files \u00bb;elm:context_link;itc:0;sec:content-canvas\" class=\"link \">sont contenues dans les \u00ab Boris Files \u00bb<\/a><\/strong>, une fuite de donn\u00e9es r\u00e9v\u00e9l\u00e9e par The Guardian provenant du cabinet priv\u00e9 de Boris Johnson, qui re\u00e7oit une allocation financ\u00e9e par les contribuables britanniques. Ces fichiers contiennent un contrat avec le fonds sp\u00e9culatif Merlyn Advisors, sign\u00e9 par Boris Johnson en septembre 2023. Le contrat stipule que Boris Johnson \u00ab a acquis au cours d\u2019une longue carri\u00e8re une exp\u00e9rience et une connaissance uniques de la politique int\u00e9rieure du gouvernement britannique et des relations internationales \u00bb, toujours selon The Guardian.<\/p>\n<p class=\"mb-4 text-lg md:leading-8 break-words\">Il est pr\u00e9cis\u00e9 que Merlyn Advisors \u00ab interagit avec de nombreuses parties prenantes nationales et internationales susceptibles de b\u00e9n\u00e9ficier des points de vue et de l&rsquo;exp\u00e9rience de \u00bb Boris Johnson, ajoute le journal britannique. Une affaire de plus pour l&rsquo;ancien Premier ministre, dont l&rsquo;apr\u00e8s-pouvoir semble aussi trouble que lucratif.<\/p>\n<p class=\"mb-4 text-lg md:leading-8 break-words\">\u00c0 lire aussi<a href=\"https:\/\/www.rfi.fr\/fr\/europe\/20230619-affaire-partygate-les-d\u00e9put\u00e9s-britanniques-valident-un-rapport-accablant-contre-boris-johnson\" class=\"link \" rel=\"nofollow noopener\" target=\"_blank\" data-ylk=\"slk:Affaire \u00abPartygate\u00bb: les d\u00e9put\u00e9s britanniques valident un rapport accablant contre Boris Johnson;elm:context_link;itc:0;sec:content-canvas\">Affaire \u00abPartygate\u00bb: les d\u00e9put\u00e9s britanniques valident un rapport accablant contre Boris Johnson<\/a><\/p>\n","protected":false},"excerpt":{"rendered":"Au Royaume-Uni, Boris Johnson refait surface, mais avec des r\u00e9v\u00e9lations qui font la Une de la presse, au&hellip;\n","protected":false},"author":2,"featured_media":381431,"comment_status":"","ping_status":"","sticky":false,"template":"","format":"standard","meta":{"footnotes":""},"categories":[1588],"tags":[11,5356,1777,674,51456,12,338,3363,473,1853,36654,1851,1850,1852],"class_list":{"0":"post-381430","1":"post","2":"type-post","3":"status-publish","4":"format-standard","5":"has-post-thumbnail","7":"category-royaume-uni","8":"tag-actualites","9":"tag-boris-johnson","10":"tag-eu","11":"tag-europe","12":"tag-la-presse","13":"tag-news","14":"tag-nicolas-maduro","15":"tag-premier-ministre","16":"tag-royaume-uni","17":"tag-royaume-uni-de-grande-bretagne-et-dirlande-du-nord","18":"tag-the-guardian","19":"tag-uk","20":"tag-united-kingdom","21":"tag-united-kingdom-of-great-britain-and-northern-ireland"},"share_on_mastodon":{"url":"https:\/\/pubeurope.com\/@fr\/115182667445960325","error":""},"_links":{"self":[{"href":"https:\/\/www.europesays.com\/fr\/wp-json\/wp\/v2\/posts\/381430","targetHints":{"allow":["GET"]}}],"collection":[{"href":"https:\/\/www.europesays.com\/fr\/wp-json\/wp\/v2\/posts"}],"about":[{"href":"https:\/\/www.europesays.com\/fr\/wp-json\/wp\/v2\/types\/post"}],"author":[{"embeddable":true,"href":"https:\/\/www.europesays.com\/fr\/wp-json\/wp\/v2\/users\/2"}],"replies":[{"embeddable":true,"href":"https:\/\/www.europesays.com\/fr\/wp-json\/wp\/v2\/comments?post=381430"}],"version-history":[{"count":0,"href":"https:\/\/www.europesays.com\/fr\/wp-json\/wp\/v2\/posts\/381430\/revisions"}],"wp:featuredmedia":[{"embeddable":true,"href":"https:\/\/www.europesays.com\/fr\/wp-json\/wp\/v2\/media\/381431"}],"wp:attachment":[{"href":"https:\/\/www.europesays.com\/fr\/wp-json\/wp\/v2\/media?parent=381430"}],"wp:term":[{"taxonomy":"category","embeddable":true,"href":"https:\/\/www.europesays.com\/fr\/wp-json\/wp\/v2\/categories?post=381430"},{"taxonomy":"post_tag","embeddable":true,"href":"https:\/\/www.europesays.com\/fr\/wp-json\/wp\/v2\/tags?post=381430"}],"curies":[{"name":"wp","href":"https:\/\/api.w.org\/{rel}","templated":true}]}}