{"id":381437,"date":"2025-09-10T23:49:12","date_gmt":"2025-09-10T23:49:12","guid":{"rendered":"https:\/\/www.europesays.com\/fr\/381437\/"},"modified":"2025-09-10T23:49:12","modified_gmt":"2025-09-10T23:49:12","slug":"donald-trump-annonce-la-mort-charlie-kirk-tue-par-balle","status":"publish","type":"post","link":"https:\/\/www.europesays.com\/fr\/381437\/","title":{"rendered":"Donald Trump annonce la mort Charlie Kirk, tu\u00e9 par balle"},"content":{"rendered":"<p class=\"article-p mdl\">\u00ab\u00a0Le grand et m\u00eame l\u00e9gendaire Charlie Kirk est mort\u00a0\u00bb. Donald Trump a annonc\u00e9 la mort de la figure de l&rsquo;extr\u00eame droite am\u00e9ricaine Charlie Kirk ce mercredi 10 septembre, sur son r\u00e9seau Truth Social.\u00a0<a class=\"link\" href=\"https:\/\/www.rtl.fr\/actu\/international\/etats-unis-charlie-kirk-figure-de-l-extreme-droite-americaine-blesse-par-balle-lors-d-une-reunion-publique-7900539930\" title=\"\u00c9tats-Unis : Charlie Kirk, figure de l&#039;extr\u00eame droite am\u00e9ricaine, bless\u00e9 par balle lors d&#039;une r\u00e9union publique\" target=\"_blank\" rel=\"nofollow noopener\">Cette annonce a \u00e9t\u00e9 faite quelques minutes apr\u00e8s que cet influenceur conservateur a \u00e9t\u00e9 touch\u00e9 par balle lors d&rsquo;une r\u00e9union publique<\/a>.\u00a0<\/p>\n<p class=\"article-p mdl\">\u00ab\u00a0Personne ne comprenait mieux (&#8230;) la jeunesse des \u00c9tats-Unis d&rsquo;Am\u00e9rique que Charlie. Tous l&rsquo;aimaient et l&rsquo;admiraient, surtout moi, et maintenant, il n&rsquo;est plus parmi nous\u00a0\u00bb, a \u00e9crit le pr\u00e9sident am\u00e9ricain qui a ordonn\u00e9 que<strong> les drapeaux soient mis en berne, en hommage \u00e0 son alli\u00e9<\/strong>. \u00ab\u00a0En hommage \u00e0 Charlie Kirk, un vrai et grand patriote am\u00e9ricain, j&rsquo;ordonne que tous les drapeaux am\u00e9ricains \u00e0 travers les Etats-Unis soient mis en berne jusqu&rsquo;\u00e0 dimanche soir \u00e0 18H00\u00a0\u00bb, a-t-il \u00e9crit sur son r\u00e9seau Truth Social.\u00a0<\/p>\n<p class=\"article-p mdl\">L&rsquo;ancien pr\u00e9sident, <strong>Joe Biden<\/strong>, a aussi r\u00e9agi, affirmant que ce type de violence doit \u00ab\u00a0cesser maintenant\u00a0\u00bb. \u00ab\u00a0Il n&rsquo;y aucune place dans notre pays pour ce type de violence\u00a0\u00bb, a-t-il ajout\u00e9. Le gouverneur de l&rsquo;Utah a, pour sa part, d\u00e9nonc\u00e9 un \u00ab\u00a0assassinat politique\u00a0\u00bb.<\/p>\n<p class=\"article-p mdl\">Un porte-parole de l&rsquo;universit\u00e9 a d\u00e9clar\u00e9 que la police n&rsquo;avait plac\u00e9 aucun suspect en garde \u00e0 vue, revenant sur de pr\u00e9c\u00e9dentes d\u00e9clarations faites par l&rsquo;institution. Des agents du FBI et de l&rsquo;agence de contr\u00f4le de l&rsquo;alcool, du tabac, des armes \u00e0 feu et explosifs (ATF) ont \u00e9t\u00e9 d\u00e9ploy\u00e9s sur place, a d\u00e9clar\u00e9 la procureure g\u00e9n\u00e9rale Pam Bondi sur le r\u00e9seau social X.<\/p>\n<p>            Un alli\u00e9 de Trump et un rouage important de sa derni\u00e8re campagne \u00e9lectorale<\/p>\n<p class=\"article-p mdl\">Friand de joutes oratoires avec les \u00e9tudiants, le podcasteur de 31 ans participait \u00e0 un \u00e9v\u00e9nement sur le campus de la Utah Valley University, dans l&rsquo;ouest du pays, lorsqu&rsquo;il a \u00e9t\u00e9 pris pour cible, selon l&rsquo;universit\u00e9. Vers midi heure locale, \u00ab\u00a0un coup de feu a \u00e9t\u00e9 tir\u00e9 sur Charlie Kirk, conf\u00e9rencier invit\u00e9. <strong>Il a \u00e9t\u00e9 touch\u00e9 et \u00e9vacu\u00e9 des lieux par ses gardes du corps<\/strong>. La police du campus m\u00e8ne l&rsquo;enqu\u00eate, un suspect a \u00e9t\u00e9 plac\u00e9 en d\u00e9tention\u00a0\u00bb, a \u00e9crit l&rsquo;universit\u00e9 sur X.<\/p>\n<p class=\"article-p mdl\">Des vid\u00e9os montrent Charlie Kirk, s&rsquo;effondrant sur sa chaise, apparemment <strong>gri\u00e8vement touch\u00e9 au cou et des cris de panique se faisant entendre dans le public<\/strong>.<\/p>\n<p class=\"article-p mdl\">Charlie Kirk avait \u00e9t\u00e9 un rouage important de la derni\u00e8re campagne \u00e9lectorale de Donald Trump. \u00ab\u00a0La violence politique n&rsquo;a pas de place en Am\u00e9rique\u00a0\u00bb, a estim\u00e9 l&rsquo;ancienne vice-pr\u00e9sidente Kamala Harris, rejointe en ce sens par de nombreuses autres figures du Parti d\u00e9mocrate, du gouverneur de la Californie, Gavin Newsom, au s\u00e9nateur Bernie Sanders.\u00a0<\/p>\n<p>    La r\u00e9daction vous recommande<\/p>\n<p class=\"s-newsletter__title\">\n                L\u2019actualit\u00e9 par la r\u00e9daction de RTL dans votre bo\u00eete mail.\n            <\/p>\n<p class=\"s-newsletter__subtitle\">\n                Gr\u00e2ce \u00e0 votre compte RTL abonnez-vous \u00e0 la newsletter RTL info pour suivre toute l&rsquo;actualit\u00e9 au quotidien\n            <\/p>\n<p>\n                                    Lire la suite\n                                <\/p>\n","protected":false},"excerpt":{"rendered":"\u00ab\u00a0Le grand et m\u00eame l\u00e9gendaire Charlie Kirk est mort\u00a0\u00bb. Donald Trump a annonc\u00e9 la mort de la figure&hellip;\n","protected":false},"author":2,"featured_media":381438,"comment_status":"","ping_status":"","sticky":false,"template":"","format":"standard","meta":{"footnotes":""},"categories":[2],"tags":[11,75,73,107,1011,27,18,12,25],"class_list":{"0":"post-381437","1":"post","2":"type-post","3":"status-publish","4":"format-standard","5":"has-post-thumbnail","7":"category-actualites","8":"tag-actualites","9":"tag-donald-trump","10":"tag-etats-unis","11":"tag-fil-info","12":"tag-fr","13":"tag-france","14":"tag-mort","15":"tag-news","16":"tag-republique-francaise"},"share_on_mastodon":{"url":"https:\/\/pubeurope.com\/@fr\/115182683198027549","error":""},"_links":{"self":[{"href":"https:\/\/www.europesays.com\/fr\/wp-json\/wp\/v2\/posts\/381437","targetHints":{"allow":["GET"]}}],"collection":[{"href":"https:\/\/www.europesays.com\/fr\/wp-json\/wp\/v2\/posts"}],"about":[{"href":"https:\/\/www.europesays.com\/fr\/wp-json\/wp\/v2\/types\/post"}],"author":[{"embeddable":true,"href":"https:\/\/www.europesays.com\/fr\/wp-json\/wp\/v2\/users\/2"}],"replies":[{"embeddable":true,"href":"https:\/\/www.europesays.com\/fr\/wp-json\/wp\/v2\/comments?post=381437"}],"version-history":[{"count":0,"href":"https:\/\/www.europesays.com\/fr\/wp-json\/wp\/v2\/posts\/381437\/revisions"}],"wp:featuredmedia":[{"embeddable":true,"href":"https:\/\/www.europesays.com\/fr\/wp-json\/wp\/v2\/media\/381438"}],"wp:attachment":[{"href":"https:\/\/www.europesays.com\/fr\/wp-json\/wp\/v2\/media?parent=381437"}],"wp:term":[{"taxonomy":"category","embeddable":true,"href":"https:\/\/www.europesays.com\/fr\/wp-json\/wp\/v2\/categories?post=381437"},{"taxonomy":"post_tag","embeddable":true,"href":"https:\/\/www.europesays.com\/fr\/wp-json\/wp\/v2\/tags?post=381437"}],"curies":[{"name":"wp","href":"https:\/\/api.w.org\/{rel}","templated":true}]}}