{"id":381439,"date":"2025-09-10T23:50:12","date_gmt":"2025-09-10T23:50:12","guid":{"rendered":"https:\/\/www.europesays.com\/fr\/381439\/"},"modified":"2025-09-10T23:50:12","modified_gmt":"2025-09-10T23:50:12","slug":"taisez-vous-emilie-tran-nguyen-recadree-par-alex-lutz-dans-c-a-vous","status":"publish","type":"post","link":"https:\/\/www.europesays.com\/fr\/381439\/","title":{"rendered":"Taisez-vous !\u00a0\u00bb : Emilie Tran Nguyen \u00ab\u00a0recadr\u00e9e\u00a0\u00bb par Alex Lutz dans \u00ab\u00a0C \u00e0 Vous"},"content":{"rendered":"<p>On l\u2019a connu dans <strong>Catherine et Liliane<\/strong>, la pastille humoristique du Petit Journal pr\u00e9sent\u00e9 par <a href=\"https:\/\/www.public.fr\/tag\/yann-barthes\" target=\"_blank\" rel=\"noopener\">Yann Barth\u00e8s<\/a>. Il a par la suite jou\u00e9 de nombreux r\u00f4les, parfois tr\u00e8s \u00e9loign\u00e9s de l\u2019humour. Il est aujourd\u2019hui derri\u00e8re la cam\u00e9ra avec le film Connemara qui sort en salles ce mercredi 10 septembre 2025. Pour l\u2019occasion, Alex Lutz \u00e9tait l\u2019invit\u00e9 d\u2019Anne-\u00c9lisabeth Lemoine dans <strong><a href=\"https:\/\/www.public.fr\/tag\/c-a-vous\" target=\"_blank\" rel=\"noopener\">C \u00e0 Vous<\/a><\/strong> et a accept\u00e9 de r\u00e9pondre aux questions des chroniqueurs <a href=\"https:\/\/www.public.fr\/emilie-tran-nguyen-apres-ses-adieux-au-jt-de-france-3-la-journaliste-change-de-chaine\" target=\"_blank\" rel=\"noopener\">comme \u00c9milie Tran Nguyen<\/a> et les autres.\u00a0<\/p>\n<p>En plus d\u2019Alex Lutz, le plateau de la quotidienne de France 5 recevait \u00e9galement <a href=\"https:\/\/vsd.fr\/tag\/melanie-thierry\/\" target=\"_blank\" rel=\"noopener\">M\u00e9lanie Thierry<\/a> et Bastien Bouillon. Les deux faisant partie du casting du film dirig\u00e9 par Alex Lutz. Au cours de leur venue, les trois com\u00e9diens ont pu \u00e9voquer l\u2019histoire de ce film.<\/p>\n<p>L&rsquo;histoire du film d&rsquo;Alex Lutz, \u00ab\u00a0Connemara\u00a0\u00bb<\/p>\n<p>Pour rappel, ce long-m\u00e9trage dramatique va raconter l\u2019histoire d\u2019H\u00e9l\u00e8ne, issue d\u2019un milieu modeste qui a quitt\u00e9 depuis longtemps les Vosges. Ayant pass\u00e9 la quarantaine, celle-ci est victime d\u2019un burn-out qui la pousse \u00e0 quitter Paris pour revenir sur la terre de son enfance entre Nancy et Epinal.\u00a0<\/p>\n<p>\u00ab\u00a0Elle s&rsquo;installe avec sa famille, retrouve un bon travail, la qualit\u00e9 de vie en somme\u2026 Un soir, sur le parking d\u2019un restaurant franchis\u00e9, elle aper\u00e7oit un visage connu, Christophe Marchal, le bel Hockeyeur des ann\u00e9es lyc\u00e9es. Christophe, ce lointain objet de d\u00e9sir, une liaison qu&rsquo;H\u00e9l\u00e8ne n&rsquo;avait pas vue venir&#8230; Dans leurs \u00e9treintes, ce sont deux France, deux mondes d\u00e9sormais \u00e9trangers qui r\u00eavent de s\u2019aimer\u00a0\u00bb, rappelle Allocin\u00e9 au sujet du synopsis du film d\u2019Alex Lutz.\u00a0<\/p>\n<p>Le r\u00e9alisateur \u00ab\u00a0recadre\u00a0\u00bb Emilie Tran Nguyen dans \u00ab\u00a0C \u00e0 Vous\u00a0\u00bb<\/p>\n<p>\u00c9milie Tran Nguyen, intrigu\u00e9e par le long-m\u00e9trage, a souhait\u00e9 questionner le r\u00e9alisateur sur le titre du film. Un titre qui parle \u00e0 tous les fans de Michel Sardou. \u00ab\u00a0<strong>On peut s&rsquo;arr\u00eater quand m\u00eame sur le titre du film<\/strong>. Le titre du roman qui est aussi bien s\u00fbr d&rsquo;abord le titre de la c\u00e9l\u00e8bre chanson de Michel Sardou qu&rsquo;on entend dans toutes les f\u00eates. Qu&rsquo;on entend d&rsquo;ailleurs dans la tr\u00e8s belle sc\u00e8ne de fin au mariage dans le film\u00a0\u00bb, a rappel\u00e9 la chroniqueuse de <strong>C \u00e0 Vous<\/strong> dans un premier temps.<\/p>\n<p>Avant de poursuivre : \u00ab\u00a0Chanson cultissime, mais qui aurait pu le pr\u00e9voir ?\u00a0Michel Sardou est peut-\u00eatre m\u00eame le premier \u00e9tonn\u00e9.\u00a0\u00c9coutez ce qu&rsquo;il disait du succ\u00e8s des chansons et de cette chanson en g\u00e9n\u00e9ral\u00a0\u00bb.<\/p>\n<p>Dans les images d\u2019archives diffus\u00e9es, nous pouvions d\u00e9couvrir Michel Sardou expliquer que \u00ab\u00a0<strong>le destin d&rsquo;une chanson, tu ne sais jamais ce que \u00e7a va donner<\/strong>\u00ab\u00a0. \u00ab\u00a0Tu peux pas te dire en \u00e9crivant une chanson : &lsquo;Ah, celle-l\u00e0, elle est bonne. Celle-l\u00e0, elle va faire du mal. Elle va les accrocher&rsquo;. T&rsquo;en sais rien\u00a0\u00bb, poursuivait-il dans un documentaire.<\/p>\n<p>\u00ab\u00a0<strong>On ne peut jamais pr\u00e9voir un succ\u00e8s<\/strong>. C&rsquo;est valable pour les chansons.\u00a0Mais c&rsquo;est peut-\u00eatre pareil pour les films\u00a0\u00bb,\u00a0a alors r\u00e9torqu\u00e9 Emilie Tran Nguyen une fois l\u2019extrait diffus\u00e9 tout en regardant \u00e0 tour de r\u00f4le les com\u00e9diens et le r\u00e9alisateur. <strong>\u00ab\u00a0Oh, taisez-vous !\u00a0\u00bb<\/strong>, a alors l\u00e2ch\u00e9 Alex Lutz faisant rire aux \u00e9clats les personnes pr\u00e9sentes sur le plateau.\u00a0<\/p>\n<p>      Mentionn\u00e9s dans cet article<\/p>\n<p>      Sur le m\u00eame sujet<\/p>\n","protected":false},"excerpt":{"rendered":"On l\u2019a connu dans Catherine et Liliane, la pastille humoristique du Petit Journal pr\u00e9sent\u00e9 par Yann Barth\u00e8s. Il&hellip;\n","protected":false},"author":2,"featured_media":381440,"comment_status":"","ping_status":"","sticky":false,"template":"","format":"standard","meta":{"footnotes":""},"categories":[2],"tags":[11,1622,5632,51457,1011,27,51458,12,25],"class_list":{"0":"post-381439","1":"post","2":"type-post","3":"status-publish","4":"format-standard","5":"has-post-thumbnail","7":"category-actualites","8":"tag-actualites","9":"tag-alex-lutz","10":"tag-c-a-vous","11":"tag-emilie-tran-nguyen","12":"tag-fr","13":"tag-france","14":"tag-les-lacs-du-connemara","15":"tag-news","16":"tag-republique-francaise"},"share_on_mastodon":{"url":"https:\/\/pubeurope.com\/@fr\/115182687113336214","error":""},"_links":{"self":[{"href":"https:\/\/www.europesays.com\/fr\/wp-json\/wp\/v2\/posts\/381439","targetHints":{"allow":["GET"]}}],"collection":[{"href":"https:\/\/www.europesays.com\/fr\/wp-json\/wp\/v2\/posts"}],"about":[{"href":"https:\/\/www.europesays.com\/fr\/wp-json\/wp\/v2\/types\/post"}],"author":[{"embeddable":true,"href":"https:\/\/www.europesays.com\/fr\/wp-json\/wp\/v2\/users\/2"}],"replies":[{"embeddable":true,"href":"https:\/\/www.europesays.com\/fr\/wp-json\/wp\/v2\/comments?post=381439"}],"version-history":[{"count":0,"href":"https:\/\/www.europesays.com\/fr\/wp-json\/wp\/v2\/posts\/381439\/revisions"}],"wp:featuredmedia":[{"embeddable":true,"href":"https:\/\/www.europesays.com\/fr\/wp-json\/wp\/v2\/media\/381440"}],"wp:attachment":[{"href":"https:\/\/www.europesays.com\/fr\/wp-json\/wp\/v2\/media?parent=381439"}],"wp:term":[{"taxonomy":"category","embeddable":true,"href":"https:\/\/www.europesays.com\/fr\/wp-json\/wp\/v2\/categories?post=381439"},{"taxonomy":"post_tag","embeddable":true,"href":"https:\/\/www.europesays.com\/fr\/wp-json\/wp\/v2\/tags?post=381439"}],"curies":[{"name":"wp","href":"https:\/\/api.w.org\/{rel}","templated":true}]}}