{"id":381443,"date":"2025-09-10T23:54:14","date_gmt":"2025-09-10T23:54:14","guid":{"rendered":"https:\/\/www.europesays.com\/fr\/381443\/"},"modified":"2025-09-10T23:54:14","modified_gmt":"2025-09-10T23:54:14","slug":"super-xiii-eliot-zenon-marquer-mon-retour-en-france-rugby-a-xiii","status":"publish","type":"post","link":"https:\/\/www.europesays.com\/fr\/381443\/","title":{"rendered":"Super XIII &#8211; Eliot Zenon : \u00ab\u00a0Marquer mon retour en France\u00a0\u00bb &#8211; Rugby \u00e0 XIII"},"content":{"rendered":"<p style=\"text-align: justify;\"><strong>Eliot Zenon, nouvelle recrue de Villefranche XIII Aveyron, revient sur son aventure australienne et \u00e9voque ses ambitions avec les Loups.<\/strong><\/p>\n<p style=\"text-align: justify;\"><strong> Eliot, peux-tu te pr\u00e9senter ?<\/strong><\/p>\n<p style=\"text-align: justify;\">Je m\u2019appelle Eliot Zenon, j\u2019ai 25 ans et je suis originaire de Perpignan. Je joue au rugby \u00e0 XIII depuis 15 ans. J\u2019\u00e9volue au poste de centre.<\/p>\n<p style=\"text-align: justify;\"><strong>Quel bilan fais-tu de ton aventure australienne ?<\/strong><\/p>\n<p style=\"text-align: justify;\">Mon aventure australienne a \u00e9t\u00e9 pour moi certainement l\u2019exp\u00e9rience la plus enrichissante de ma vie, tant sur le plan personnel que sportif ! Les clubs et les personnes\/joueurs que j\u2019ai eus la chance d\u2019y rencontrer m\u2019ont \u00e9norm\u00e9ment enseign\u00e9 et fait \u00e9voluer. Je leur en suis tr\u00e8s reconnaissant. Je suis revenu en France avec une tout autre vision du rugby, bien diff\u00e9rente de celle que j\u2019avais en France. L\u2019Australie reste un pays magnifique o\u00f9 il y a beaucoup \u00e0 voir et \u00e0 faire !<\/p>\n<p style=\"text-align: justify;\"><strong>Comment s\u2019est fait le contact avec Villefranche, pourquoi ce choix et qu\u2019as-tu pens\u00e9 de leur derni\u00e8re saison ?<\/strong><\/p>\n<p style=\"text-align: justify;\">Par le biais de Cyril Cabrol, j\u2019ai \u00e9t\u00e9 contact\u00e9 la premi\u00e8re fois par Villefranche avant le d\u00e9but de la saison pr\u00e9c\u00e9dente, alors que j\u2019\u00e9tais encore en Australie. Je n\u2019\u00e9tais pas encore fix\u00e9 sur mon avenir en rentrant en France et je voulais avoir le temps de r\u00e9fl\u00e9chir aux diff\u00e9rentes options qui s\u2019offraient \u00e0 moi. Un drame familial soudain \u00e0 mon retour m\u2019a contraint \u00e0 arr\u00eater le rugby pendant quelque temps et j\u2019ai migr\u00e9 en r\u00e9gion parisienne pour le travail. La vie parisienne ne me convenant pas, j\u2019ai alors relanc\u00e9 les diff\u00e9rentes pistes laiss\u00e9es \u00e0 mon retour d\u2019Australie.<\/p>\n<p style=\"text-align: justify;\">Villefranche s\u2019est montr\u00e9 aussi enthousiaste qu\u2019au premier contact que nous avions eu plusieurs mois avant, le feeling est tr\u00e8s bien pass\u00e9. Villefranche est une \u00e9quipe comp\u00e9titive qui a su surprendre les plus grosses \u00e9curies du championnat, ce qui est un signe tr\u00e8s encourageant pour les saisons \u00e0 venir. Maintenant, il faut pouvoir consolider ces bonnes bases pour pouvoir tenir sur la dur\u00e9e et se maintenir dans la partie haute du classement en fin de saison. Le projet sportif du club est ambitieux et r\u00e9fl\u00e9chi, il est en ad\u00e9quation avec mes objectifs personnels de joueur donc l\u2019association n\u2019a pas de raison d\u2019\u00eatre mauvaise.<\/p>\n<p style=\"text-align: justify;\"><strong>As-tu eu d\u2019autres contacts en France ?<\/strong><\/p>\n<p style=\"text-align: justify;\">Oui, j\u2019ai eu plusieurs contacts en Super XIII et en \u00c9lite 2, mais les conditions selon moi n\u2019\u00e9taient pas aussi optimales qu\u2019\u00e0 Villefranche.<\/p>\n<p style=\"text-align: justify;\"><strong>Quels sont tes objectifs avec Villefranche ?<\/strong><\/p>\n<p style=\"text-align: justify;\">Dans un premier temps, pouvoir enfin marquer mon retour en France ! Effectuer mes tout premiers pas en Super XIII, \u00e0 25 ans, ce n\u2019est pas anodin (rires). Continuer sur la m\u00eame dynamique d\u2019\u00e9volution apr\u00e8s mon passage en Australie et pouvoir apporter un tout autre niveau par rapport \u00e0 mes saisons en \u00c9lite 2.<\/p>\n","protected":false},"excerpt":{"rendered":"Eliot Zenon, nouvelle recrue de Villefranche XIII Aveyron, revient sur son aventure australienne et \u00e9voque ses ambitions avec&hellip;\n","protected":false},"author":2,"featured_media":381444,"comment_status":"","ping_status":"","sticky":false,"template":"","format":"standard","meta":{"footnotes":""},"categories":[1416],"tags":[51459,1011,27,479,2228,1468,2229,60,2231,19508],"class_list":{"0":"post-381443","1":"post","2":"type-post","3":"status-publish","4":"format-standard","5":"has-post-thumbnail","7":"category-rugby","8":"tag-eliot-zenon","9":"tag-fr","10":"tag-france","11":"tag-rugby","12":"tag-rugby-a-xiii","13":"tag-rugby-football","14":"tag-rugby-league","15":"tag-sports","16":"tag-super-xiii","17":"tag-villefranche"},"share_on_mastodon":{"url":"https:\/\/pubeurope.com\/@fr\/115182702717579770","error":""},"_links":{"self":[{"href":"https:\/\/www.europesays.com\/fr\/wp-json\/wp\/v2\/posts\/381443","targetHints":{"allow":["GET"]}}],"collection":[{"href":"https:\/\/www.europesays.com\/fr\/wp-json\/wp\/v2\/posts"}],"about":[{"href":"https:\/\/www.europesays.com\/fr\/wp-json\/wp\/v2\/types\/post"}],"author":[{"embeddable":true,"href":"https:\/\/www.europesays.com\/fr\/wp-json\/wp\/v2\/users\/2"}],"replies":[{"embeddable":true,"href":"https:\/\/www.europesays.com\/fr\/wp-json\/wp\/v2\/comments?post=381443"}],"version-history":[{"count":0,"href":"https:\/\/www.europesays.com\/fr\/wp-json\/wp\/v2\/posts\/381443\/revisions"}],"wp:featuredmedia":[{"embeddable":true,"href":"https:\/\/www.europesays.com\/fr\/wp-json\/wp\/v2\/media\/381444"}],"wp:attachment":[{"href":"https:\/\/www.europesays.com\/fr\/wp-json\/wp\/v2\/media?parent=381443"}],"wp:term":[{"taxonomy":"category","embeddable":true,"href":"https:\/\/www.europesays.com\/fr\/wp-json\/wp\/v2\/categories?post=381443"},{"taxonomy":"post_tag","embeddable":true,"href":"https:\/\/www.europesays.com\/fr\/wp-json\/wp\/v2\/tags?post=381443"}],"curies":[{"name":"wp","href":"https:\/\/api.w.org\/{rel}","templated":true}]}}