{"id":381445,"date":"2025-09-10T23:55:19","date_gmt":"2025-09-10T23:55:19","guid":{"rendered":"https:\/\/www.europesays.com\/fr\/381445\/"},"modified":"2025-09-10T23:55:19","modified_gmt":"2025-09-10T23:55:19","slug":"atp-lecart-de-points-terrifiant-entre-sinner-numero-2-mondial-et-zverev-numero-3-mondial","status":"publish","type":"post","link":"https:\/\/www.europesays.com\/fr\/381445\/","title":{"rendered":"ATP > L&rsquo;\u00e9cart de points terrifiant entre Sinner, num\u00e9ro 2 mondial, et Zverev, num\u00e9ro 3 mondial"},"content":{"rendered":"<p>S\u2019il a \u00e9t\u00e9 doubl\u00e9 par Carlos Alcaraz au clas\u00adse\u00adment ATP, apr\u00e8s avoir perdu la finale de l\u2019US Open face \u00e0 son rival espa\u00adgnol, Jannik Sinner ne voit toujours pas Alexander Zverev dans son r\u00e9troviseur.\u00a0<\/p>\n<p>Le compte Jeu, Set et Maths propose une statis\u00adtique \u00e9difiante pour marquer l\u2019\u00e9cart entre les deux ph\u00e9no\u00adm\u00e8nes et le reste du circuit actuellement\u00a0:\u00a0<\/p>\n<blockquote class=\"twitter-tweet\">\n<p lang=\"fr\" dir=\"ltr\">\ud83d\udcca 4 850 points s\u00e9parent au clas\u00adse\u00adment Jannik Sinner \ud83c\uddee\ud83c\uddf9 d\u2019Alexander Zverev \ud83c\udde9\ud83c\uddea. <\/p>\n<p>Soit autant de points entre le 2e et le 3e mondial qu\u2019entre le 3e et le 47e mondial (Miomir Kecmanovic \ud83c\uddf7\ud83c\uddf8). <a href=\"https:\/\/t.co\/PeqzcTUP5K\" data-wpel-link=\"external\" target=\"_blank\" rel=\"nofollow external noopener\">pic.twitter.com\/PeqzcTUP5K<\/a><\/p>\n<p>\u2014 Jeu, Set et Maths (@JeuSetMaths) <a href=\"https:\/\/twitter.com\/JeuSetMaths\/status\/1965492296318845356?ref_src=twsrc%5Etfw\" data-wpel-link=\"external\" target=\"_blank\" rel=\"nofollow external noopener\">September 9,\u00a02025<\/a><\/p><\/blockquote>\n<p>Vainqueurs \u00e0 eux deux des huit derniers tour\u00adnois du Grand Chelem, Alcaraz et Jannik dominent de la t\u00eate et des \u00e9paules le tennis mondial.<\/p>\n<p class=\"post-published-date\" style=\"color: silver; font-size: 75%; text-align: left;\">Publi\u00e9 le mercredi 10 septembre 2025 \u00e0 11:15<\/p>\n<p><script async src=\"https:\/\/platform.twitter.com\/widgets.js\" charset=\"utf-8\"><\/script><\/p>\n","protected":false},"excerpt":{"rendered":"S\u2019il a \u00e9t\u00e9 doubl\u00e9 par Carlos Alcaraz au clas\u00adse\u00adment ATP, apr\u00e8s avoir perdu la finale de l\u2019US Open&hellip;\n","protected":false},"author":2,"featured_media":363568,"comment_status":"","ping_status":"","sticky":false,"template":"","format":"standard","meta":{"footnotes":""},"categories":[1415],"tags":[1744,1011,27,2127,60,1467,4542],"class_list":{"0":"post-381445","1":"post","2":"type-post","3":"status-publish","4":"format-standard","5":"has-post-thumbnail","7":"category-tennis","8":"tag-alcaraz","9":"tag-fr","10":"tag-france","11":"tag-sinner","12":"tag-sports","13":"tag-tennis","14":"tag-zverev"},"share_on_mastodon":{"url":"https:\/\/pubeurope.com\/@fr\/115182706935653891","error":""},"_links":{"self":[{"href":"https:\/\/www.europesays.com\/fr\/wp-json\/wp\/v2\/posts\/381445","targetHints":{"allow":["GET"]}}],"collection":[{"href":"https:\/\/www.europesays.com\/fr\/wp-json\/wp\/v2\/posts"}],"about":[{"href":"https:\/\/www.europesays.com\/fr\/wp-json\/wp\/v2\/types\/post"}],"author":[{"embeddable":true,"href":"https:\/\/www.europesays.com\/fr\/wp-json\/wp\/v2\/users\/2"}],"replies":[{"embeddable":true,"href":"https:\/\/www.europesays.com\/fr\/wp-json\/wp\/v2\/comments?post=381445"}],"version-history":[{"count":0,"href":"https:\/\/www.europesays.com\/fr\/wp-json\/wp\/v2\/posts\/381445\/revisions"}],"wp:featuredmedia":[{"embeddable":true,"href":"https:\/\/www.europesays.com\/fr\/wp-json\/wp\/v2\/media\/363568"}],"wp:attachment":[{"href":"https:\/\/www.europesays.com\/fr\/wp-json\/wp\/v2\/media?parent=381445"}],"wp:term":[{"taxonomy":"category","embeddable":true,"href":"https:\/\/www.europesays.com\/fr\/wp-json\/wp\/v2\/categories?post=381445"},{"taxonomy":"post_tag","embeddable":true,"href":"https:\/\/www.europesays.com\/fr\/wp-json\/wp\/v2\/tags?post=381445"}],"curies":[{"name":"wp","href":"https:\/\/api.w.org\/{rel}","templated":true}]}}