{"id":381446,"date":"2025-09-10T23:57:29","date_gmt":"2025-09-10T23:57:29","guid":{"rendered":"https:\/\/www.europesays.com\/fr\/381446\/"},"modified":"2025-09-10T23:57:29","modified_gmt":"2025-09-10T23:57:29","slug":"les-rivaux-de-bagnaia-ne-le-reconnaissent-pas-en-piste","status":"publish","type":"post","link":"https:\/\/www.europesays.com\/fr\/381446\/","title":{"rendered":"Les rivaux de Bagnaia ne le reconnaissent pas en piste"},"content":{"rendered":"<p><a href=\"https:\/\/fr.motorsport.com\/driver\/pecco-bagnaia\/109394\/\" target=\"_blank\" rel=\"noopener nofollow\">Pecco Bagnaia<\/a> n&rsquo;est plus que l&rsquo;ombre de lui-m\u00eame cette ann\u00e9e. Depuis le d\u00e9but de la saison, l&rsquo;Italien se plaint d&rsquo;un manque de sensations avec l&rsquo;avant de la Ducati. Malgr\u00e9 tout, il restait r\u00e9guli\u00e8rement le troisi\u00e8me homme du championnat jusqu&rsquo;\u00e0 la pause estivale, derri\u00e8re les fr\u00e8res M\u00e1rquez. Seulement, le foss\u00e9 s&rsquo;est depuis creus\u00e9, avec une incapacit\u00e9 \u00e0 se battre pour le top 5.<\/p>\n<p>Plusieurs fois, Bagnaia a cru avoir mis le doigt sur la source de ses difficult\u00e9s, mais il avance maintenant avec plus de prudence. Chez Ducati, le grand responsable technique, Gigi Dall&rsquo;Igna, s&rsquo;interroge m\u00eame <a href=\"https:\/\/fr.motorsport.com\/motogp\/news\/dalligna-problemes-bagnaia-exclusivement-techniques\/10757337\/\" rel=\"nofollow noopener\" target=\"_blank\">sur des causes qui d\u00e9passent le simple cadre de la technique<\/a>. En piste, les rivaux de Bagnaia sont, eux, confront\u00e9s \u00e0 un pilote m\u00e9connaissable.<\/p>\n<p>Lors des deux derni\u00e8res saisons, <a href=\"https:\/\/fr.motorsport.com\/driver\/jorge-martin\/109391\/\" target=\"_blank\" rel=\"noopener nofollow\">Jorge Mart\u00edn<\/a> a \u00e9t\u00e9 le principal adversaire de Bagnaia. Il a perdu un titre face \u00e0 lui en 2023 puis l&rsquo;a battu en 2024, \u00e0 chaque fois avec la m\u00eame Ducati et un acc\u00e8s \u00e0 toutes ses donn\u00e9es. Les deux hommes ont d\u00e9sormais des machines diff\u00e9rentes mais lorsqu&rsquo;il roule aux c\u00f4t\u00e9s de Bagnaia, Mart\u00edn voit que quelque chose cloche.<\/p>\n<p>\u00ab\u00a0J&rsquo;esp\u00e8re qu&rsquo;il surmontera cette situation, mais on peut voir, avec la moto, qu&rsquo;il n&rsquo;a aucune confiance\u00a0\u00bb, a expliqu\u00e9 le champion du monde en titre. \u00ab\u00a0Il \u00e9tait devant moi pendant la course [sprint \u00e0 Barcelone] sur quelques virages. Mais ensuite, je pouvais voir que ce n&rsquo;\u00e9tait pas le m\u00eame Pecco qu&rsquo;\u00e0 l&rsquo;habitude. Avant, il freinait super fort, il \u00e9tait super difficile \u00e0 d\u00e9passer, et maintenant, c&rsquo;est une autre histoire. Donc, j&rsquo;esp\u00e8re qu&rsquo;il surmontera \u00e7a. C&rsquo;est un grand champion, je suis s\u00fbr qu&rsquo;il y arrivera.\u00a0\u00bb<\/p>\n<p>   <img decoding=\"async\" draggable=\"false\" src=\"https:\/\/www.europesays.com\/fr\/wp-content\/uploads\/2025\/09\/1757548646_631_francesco-bagnaia-ducati-team.jpg\" alt=\"Francesco Bagnaia, Ducati Team\" width=\"1200\" height=\"800\" loading=\"lazy\"\/> <\/p>\n<p class=\"title\">Pecco Bagnaia<\/p>\n<p class=\"photographer\">Photo de: Gold and Goose Photography \/ LAT Images \/ via Getty Images<\/p>\n<p>Lors du sprint du Balaton Park, o\u00f9 Pecco Bagnaia a v\u00e9cu l&rsquo;un de ses plus douloureux \u00e9pisodes de la saison, <a href=\"https:\/\/fr.motorsport.com\/driver\/miguel-oliveira\/109382\/\" target=\"_blank\" rel=\"noopener nofollow\">Miguel Oliveira<\/a> a lui aussi \u00e9t\u00e9 surpris de voir \u00e0 quel point l&rsquo;Italien a perdu sa force au freinage. \u00ab\u00a0Il freinait tard mais il ralentissait trop la moto\u00a0\u00bb, expliquait le Portugais apr\u00e8s cette \u00e9preuve.<\/p>\n<p>\u00ab\u00a0Je revenais \u00e9norm\u00e9ment sur lui au freinage. Dans certaines portions, il \u00e9tait rapide mais dans d&rsquo;autres, il ne rel\u00e2chait pas les freins pour jeter la moto [en courbe]. J&rsquo;\u00e9tais derri\u00e8re lui et je me disais &lsquo;Allez mec, rel\u00e2che les freins et tourne !&rsquo;. Il n&rsquo;avait probablement pas assez de sensations sur l&rsquo;avant, je ne sais pas\u00a0\u00bb, s&rsquo;interrogeait Oliveira, qui pilote une Yamaha cette ann\u00e9e.<\/p>\n<p>\u00ab\u00a0Une question de confiance, de sensations\u00a0\u00bb<\/p>\n<p>Son voisin de stand, <a href=\"https:\/\/fr.motorsport.com\/driver\/jack-miller\/96423\/\" target=\"_blank\" rel=\"noopener nofollow\">Jack Miller<\/a>, est l&rsquo;un de ceux qui conna\u00eet le mieux le pilotage de Pecco Bagnaia pour avoir \u00e9t\u00e9 son premier co\u00e9quipier en MotoGP, en 2019 et 2020 chez Pramac, puis les deux ann\u00e9es suivantes chez Ducati, avec au passage le premier titre du Turinois. D\u00e8s le GP d&rsquo;Arag\u00f3n, au printemps, l&rsquo;Australien observait lui aussi un Bagnaia incapable de se rel\u00e2cher sur sa moto.<\/p>\n<p>\u00ab\u00a0C&rsquo;est une question de confiance, de sensations\u00a0\u00bb, expliquait alors Miller. \u00ab\u00a0J&rsquo;ai pass\u00e9 beaucoup, beaucoup, beaucoup, beaucoup de tours derri\u00e8re Pecco au cours de ma carri\u00e8re. [Le samedi au GP d&rsquo;Arag\u00f3n], je voyais qu&rsquo;il restait tr\u00e8s &lsquo;neutre&rsquo; sur la moto, il ne se d\u00e9calait pas beaucoup, or c&rsquo;est habituellement le point fort de Pecco : son \u00e9paule passe \u00e0 l&rsquo;int\u00e9rieur de la moto, il utilise beaucoup son corps, une chose que j&rsquo;aimerais faire.\u00a0\u00bb<\/p>\n<p>\u00ab\u00a0[Ce jour-l\u00e0], il \u00e9tait tr\u00e8s &lsquo;neutre&rsquo; sur la moto, assez centr\u00e9, parce qu&rsquo;il n&rsquo;a pas confiance en ce qu&rsquo;elle fait, surtout apr\u00e8s les premiers virages. Il fait tourner la moto en prenant moins d&rsquo;angle. On dirait qu&rsquo;il a du mal \u00e0 le faire en ce moment.\u00a0\u00bb<\/p>\n<p>   <img decoding=\"async\" draggable=\"false\" src=\"https:\/\/www.europesays.com\/fr\/wp-content\/uploads\/2025\/08\/1756076112_243_francesco-bagnaia-ducati-team.jpg\" alt=\"Francesco Bagnaia, Ducati Team\" width=\"1200\" height=\"800\" loading=\"lazy\"\/> <\/p>\n<p class=\"title\">Pecco Bagnaia<\/p>\n<p class=\"photographer\">Photo de: Gold and Goose Photography \/ LAT Images \/ via Getty Images<\/p>\n<p>M\u00eame lorsqu&rsquo;il a sembl\u00e9 faire des progr\u00e8s, comme le dimanche en Hongrie, Bagnaia s&rsquo;est retrouv\u00e9 dans des situations inhabituelles pour lui. Lors de cette course, il \u00e9tait \u00e0 la lutte avec <a href=\"https:\/\/fr.motorsport.com\/driver\/pol-espargaro\/94345\/\" target=\"_blank\" rel=\"noopener nofollow\">Pol Espargar\u00f3<\/a>, int\u00e9rimaire chez Tech3 en raison de la blessure de <a href=\"https:\/\/fr.motorsport.com\/driver\/maverick-vinales\/96553\/\" target=\"_blank\" rel=\"noopener nofollow\">Maverick Vi\u00f1ales<\/a>, et ne l&rsquo;a doubl\u00e9 que dans le dernier tour&#8230; pour finalement faire une erreur qui a permis \u00e0 l&rsquo;Espagnol de reprendre l&rsquo;avantage.<\/p>\n<p>\u00ab\u00a0Je pense que je l&rsquo;ai fait pas mal transpirer parce que je freinais assez tard !\u00a0\u00bb, s&rsquo;est amus\u00e9 Espargar\u00f3 apr\u00e8s cette course en Hongrie. \u00ab\u00a0Il m&rsquo;a doubl\u00e9 au premier virage au dernier tour, j&rsquo;allais essayer de le repasser apr\u00e8s la ligne droite oppos\u00e9e, au virage 5. Il devait s&rsquo;y attendre donc il a frein\u00e9 assez tard, mais je pense qu&rsquo;il a frein\u00e9 trop fort, j&rsquo;ai pu en profiter et passer \u00e0 l&rsquo;int\u00e9rieur.\u00a0\u00bb<\/p>\n<p>Pour Espargar\u00f3, qui n&rsquo;a plus le rythme de la comp\u00e9tition, jouer la huiti\u00e8me place \u00e9tait une bonne performance, mais il s&rsquo;est lui-m\u00eame \u00e9tonn\u00e9 de lutter avec un double champion du monde pour ce r\u00e9sultat : \u00ab\u00a0On voit tous que Pecco a du mal. Il ne pilote pas \u00e0 son meilleur niveau. Ce n&rsquo;est pas normal de voir Pecco se battre face \u00e0 moi. Ce n&rsquo;est pas sa position, on le sait tous. T\u00f4t ou tard, il reviendra et on appr\u00e9ciera de voir Pecco se battre \u00e0 l&rsquo;avant.\u00a0\u00bb<\/p>\n<p style=\"text-align: right;\">Avec T\u00e9ha Courbon<\/p>\n<p>Lire aussi :<\/p>\n<p>Dans cet article<\/p>\n<p>Soyez le premier inform\u00e9 et souscrivez aux alertes mails pour recevoir les infos en temps r\u00e9el<\/p>\n<p>    S&rsquo;abonner aux alertes de news<\/p>\n","protected":false},"excerpt":{"rendered":"Pecco Bagnaia n&rsquo;est plus que l&rsquo;ombre de lui-m\u00eame cette ann\u00e9e. Depuis le d\u00e9but de la saison, l&rsquo;Italien se&hellip;\n","protected":false},"author":2,"featured_media":381447,"comment_status":"","ping_status":"","sticky":false,"template":"","format":"standard","meta":{"footnotes":""},"categories":[1413],"tags":[4950,1011,27,12836,3564,51460,3594,1457,1456,1458,4951,5129,60],"class_list":{"0":"post-381446","1":"post","2":"type-post","3":"status-publish","4":"format-standard","5":"has-post-thumbnail","7":"category-moto","8":"tag-ducati-team","9":"tag-fr","10":"tag-france","11":"tag-jack-miller","12":"tag-jorge-martu00edn","13":"tag-les-rivaux-de-bagnaia-ne-le-reconnaissent-pas-en-piste","14":"tag-miguel-oliveira","15":"tag-moto","16":"tag-motocycle","17":"tag-motogp","18":"tag-pecco-bagnaia","19":"tag-pol-espargaru00f3","20":"tag-sports"},"share_on_mastodon":{"url":"https:\/\/pubeurope.com\/@fr\/115182715439129874","error":""},"_links":{"self":[{"href":"https:\/\/www.europesays.com\/fr\/wp-json\/wp\/v2\/posts\/381446","targetHints":{"allow":["GET"]}}],"collection":[{"href":"https:\/\/www.europesays.com\/fr\/wp-json\/wp\/v2\/posts"}],"about":[{"href":"https:\/\/www.europesays.com\/fr\/wp-json\/wp\/v2\/types\/post"}],"author":[{"embeddable":true,"href":"https:\/\/www.europesays.com\/fr\/wp-json\/wp\/v2\/users\/2"}],"replies":[{"embeddable":true,"href":"https:\/\/www.europesays.com\/fr\/wp-json\/wp\/v2\/comments?post=381446"}],"version-history":[{"count":0,"href":"https:\/\/www.europesays.com\/fr\/wp-json\/wp\/v2\/posts\/381446\/revisions"}],"wp:featuredmedia":[{"embeddable":true,"href":"https:\/\/www.europesays.com\/fr\/wp-json\/wp\/v2\/media\/381447"}],"wp:attachment":[{"href":"https:\/\/www.europesays.com\/fr\/wp-json\/wp\/v2\/media?parent=381446"}],"wp:term":[{"taxonomy":"category","embeddable":true,"href":"https:\/\/www.europesays.com\/fr\/wp-json\/wp\/v2\/categories?post=381446"},{"taxonomy":"post_tag","embeddable":true,"href":"https:\/\/www.europesays.com\/fr\/wp-json\/wp\/v2\/tags?post=381446"}],"curies":[{"name":"wp","href":"https:\/\/api.w.org\/{rel}","templated":true}]}}