{"id":381450,"date":"2025-09-10T23:59:15","date_gmt":"2025-09-10T23:59:15","guid":{"rendered":"https:\/\/www.europesays.com\/fr\/381450\/"},"modified":"2025-09-10T23:59:15","modified_gmt":"2025-09-10T23:59:15","slug":"giulio-pellizzari-decroche-un-premier-succes-sur-la-vuelta-dans-une-etape-sans-incidents-lies-aux-manifestations-propalestiniennes","status":"publish","type":"post","link":"https:\/\/www.europesays.com\/fr\/381450\/","title":{"rendered":"Giulio Pellizzari d\u00e9croche un premier succ\u00e8s sur la Vuelta dans une \u00e9tape sans incidents li\u00e9s aux manifestations propalestiniennes"},"content":{"rendered":"<p>                          <img loading=\"lazy\" decoding=\"async\" src=\"https:\/\/www.europesays.com\/fr\/wp-content\/uploads\/2025\/09\/5b4721a_ftp-import-images-1-fxuwsctzp89f-5850266-01-06.jpg\" alt=\"Le cycliste italien Giulio Pellizzari franchit la ligne d\u2019arriv\u00e9e de la 17\u1d49\u00a0\u00e9tape de la Vuelta, \u00e0 l\u2019Alto de El\u00a0Morredero (Espagne), le 10\u00a0septembre 2025.\"   width=\"664\" height=\"443\"\/>    Le cycliste italien Giulio Pellizzari franchit la ligne d\u2019arriv\u00e9e de la 17\u1d49\u00a0\u00e9tape de la Vuelta, \u00e0 l\u2019Alto de El\u00a0Morredero (Espagne), le 10\u00a0septembre 2025.  MIGUEL RIOPA \/ AFP                          <\/p>\n<p class=\"article__paragraph  \">Le meilleur jeune l\u2019a emport\u00e9, dans une \u00e9tape pour une fois \u00e9pargn\u00e9e par les manifestations. Mercredi 10\u00a0septembre, au sommet de l\u2019Alto de El\u00a0Morredero (9,7\u00a0% sur 8,8\u00a0kilom\u00e8tres), dans la province de Leon, le jeune grimpeur Giulio Pelizzari (Red Bull-Bora-Hansgrohe), 21\u00a0ans, a remport\u00e9 en solitaire la 17e\u00a0\u00e9tape du Tour d\u2019Espagne. Un premier succ\u00e8s chez les professionnels pour le porteur du maillot blanc, qui devance les principaux favoris de la Vuelta. Parmi eux, le Danois Jonas Vingegaard (Visma-Lease a Bike), quatri\u00e8me, conserve le maillot rouge de leader et compte d\u00e9sormais 50\u00a0secondes d\u2019avance sur le Portugais Joao Almeida (UAE Team Emirates-XRG), \u00e0 la veille du contre-la-montre individuel de Valladolid.<\/p>\n<p>                                            Lire aussi |  Article r\u00e9serv\u00e9 \u00e0 nos abonn\u00e9s  <a href=\"https:\/\/www.lemonde.fr\/sport\/article\/2025\/09\/10\/la-vuelta-rattrapee-par-la-guerre-a-gaza-et-le-conflit-israelo-palestinien_6640282_3242.html\" class=\"js-article-read-also catcher--favoris__link\" data-premium=\"1\" id=\"article-title-3437386\" rel=\"nofollow noopener\" target=\"_blank\">La Vuelta rattrap\u00e9e par la guerre \u00e0 Gaza et le conflit isra\u00e9lo-palestinien<\/a>    <\/p>\n<p>   Lire plus tard  <\/p>\n<p class=\"article__paragraph  \">Courte (143,2\u00a0kilom\u00e8tres) mais exigeante, avec plus de 3\u00a0300\u00a0m\u00e8tres de d\u00e9nivel\u00e9 et une arriv\u00e9e au sommet, la 17e\u00a0\u00e9tape offrait l\u2019une des derni\u00e8res chances de bousculer Jonas Vingegaard pour les candidats \u00e0 la victoire finale. Son \u00e9quipe a d\u2019abord contenu l\u2019\u00e9chapp\u00e9e de 12\u00a0coureurs, avant une explication dans l\u2019ascension finale, entre passages \u00e0 15\u00a0%, violentes rafales de vent et paysage carbonis\u00e9 par des incendies en d\u00e9but de mois. Parmi la poign\u00e9e de coureurs rescap\u00e9s (avec notamment le Britannique de l\u2019\u00e9quipe Q36.5\u00a0Pro Cycling Team, Tom Pidcock), Jai Hindley (Red Bull-Bora-Hansgrohe) a tent\u00e9 \u00e0 plusieurs reprises d\u2019acc\u00e9l\u00e9rer, mais s\u2019est vu contenir, avant de laisser son \u00e9quipier Giulio Pellizzari, moins dangereux pour le classement g\u00e9n\u00e9ral, s\u2019envoler vers sa premi\u00e8re victoire.<\/p>\n<p class=\"article__paragraph  \">L\u2019\u00e9preuve du jour s\u2019est d\u00e9roul\u00e9e sans incident alors que la Vuelta est, depuis la 5e\u00a0\u00e9tape, le th\u00e9\u00e2tre quotidien de manifestations de soutien \u00e0 la cause palestinienne et d\u2019actions visant l\u2019\u00e9quipe Israel-Premier Tech, financ\u00e9e par le milliardaire isra\u00e9lo-canadien Sylvan Adams, proche du gouvernement de Benyamin N\u00e9tanyahou. De tr\u00e8s nombreux manifestants r\u00e9clament l\u2019exclusion de celle-ci, en protestation contre les op\u00e9rations militaires men\u00e9es par l\u2019Etat h\u00e9breu dans la bande de Gaza. Si la formation a retir\u00e9 la mention \u00ab\u00a0Israel\u00a0\u00bb du maillot de ses coureurs, elle refuse de c\u00e9der aux injonctions de se retirer de la comp\u00e9tition.<\/p>\n<p>                                       Lire aussi |  Article r\u00e9serv\u00e9 \u00e0 nos abonn\u00e9s  <a href=\"https:\/\/www.lemonde.fr\/sport\/article\/2025\/09\/06\/l-equipe-israel-premier-tech-efface-la-mention-israel-de-ses-maillots-sur-le-tour-d-espagne-face-aux-manifestations-propalestiniennes_6639218_3242.html\" class=\"js-article-read-also catcher--favoris__link\" data-premium=\"1\" id=\"article-title-3436988\" rel=\"nofollow noopener\" target=\"_blank\">L\u2019\u00e9quipe Israel-Premier Tech efface la mention \u00ab\u00a0Israel\u00a0\u00bb de ses maillots sur le Tour d\u2019Espagne<\/a>    <\/p>\n<p>   Lire plus tard  <\/p>\n<p class=\"article__paragraph  \">La tension est accentu\u00e9e par le contexte diplomatique\u00a0: le premier ministre espagnol, Pedro Sanchez, a annonc\u00e9 le 8\u00a0septembre de nouvelles mesures pour \u00ab\u00a0mettre un terme au g\u00e9nocide \u00e0 Gaza\u00a0\u00bb, provoquant la col\u00e8re du gouvernement isra\u00e9lien.<\/p>\n<p>                    Les coureurs d\u00e9cid\u00e9s \u00e0 neutraliser eux-m\u00eames la course                    <\/p>\n<p class=\"article__paragraph  \">Les manifestations ont provoqu\u00e9 des neutralisations de course ou l\u2019avancement de l\u2019arriv\u00e9e, notamment sur les 11e et 16e\u00a0\u00e9tapes, et m\u00eame des chutes de coureurs, malgr\u00e9 des mesures de s\u00e9curit\u00e9 d\u00e9j\u00e0 renforc\u00e9es. \u00ab\u00a0Notre but, c\u2019est de continuer \u00e0 faire la course. M\u00eame si on comprend les revendications, on aimerait que les protestations soient plus pacifiques\u00a0\u00bb, a d\u00e9taill\u00e9 le Fran\u00e7ais Julien Bernard (Lidl-Trek) au micro d\u2019Eurosport.<\/p>\n<p class=\"article__paragraph  \">Les coureurs de la Vuelta avaient d\u00e9cid\u00e9, avant le d\u00e9part de la 17e\u00a0\u00e9tape \u00e0 El\u00a0Barco de Valdeorras, qu\u2019ils neutraliseraient eux-m\u00eames la course en cas de nouveaux incidents li\u00e9s aux manifestations propalestiniennes. La d\u00e9cision a \u00e9t\u00e9 prise le matin m\u00eame lors d\u2019un vote r\u00e9unissant les repr\u00e9sentants des 23\u00a0\u00e9quipes, qui se concerteront d\u00e9sormais tous les matins sur la conduite \u00e0 tenir.<\/p>\n<p>                                       Lire aussi |  Article r\u00e9serv\u00e9 \u00e0 nos abonn\u00e9s  <a href=\"https:\/\/www.lemonde.fr\/international\/article\/2025\/09\/09\/espagne-le-gouvernement-durcit-sa-position-sur-israel_6640098_3210.html\" class=\"js-article-read-also catcher--favoris__link\" data-premium=\"1\" id=\"article-title-3437150\" rel=\"nofollow noopener\" target=\"_blank\">Gaza\u00a0: l\u2019Espagne durcit sa position sur Isra\u00ebl en promettant un embargo sur les armes et de l\u2019aide humanitaire<\/a>    <\/p>\n<p>   Lire plus tard  <\/p>\n<p class=\"article__paragraph  \">Les autorit\u00e9s de la r\u00e9gion de Madrid ont \u00e9galement annonc\u00e9, mercredi, le d\u00e9ploiement de 1\u00a0500\u00a0membres des forces de l\u2019ordre pour encadrer les deux derni\u00e8res \u00e9tapes de la Vuelta. L\u2019avant-derni\u00e8re \u00e9tape, samedi, se d\u00e9roulera enti\u00e8rement dans la communaut\u00e9 de Madrid, avant une arriv\u00e9e pr\u00e9vue dimanche dans la capitale espagnole.<\/p>\n<p class=\"article__paragraph  \">Selon la pr\u00e9fecture, 400 gardes civils renforceront le dispositif samedi, tandis que 1\u00a0100\u00a0policiers seront mobilis\u00e9s pour l\u2019ultime \u00e9tape, soit le plus important d\u00e9ploiement de ce type depuis le sommet de l\u2019OTAN organis\u00e9 \u00e0 Madrid en\u00a02022. Les autorit\u00e9s insistent sur la n\u00e9cessit\u00e9 de \u00ab\u00a0concilier la s\u00e9curit\u00e9 de l\u2019\u00e9v\u00e9nement sportif et le droit l\u00e9gitime de manifester\u00a0\u00bb, en garantissant la possibilit\u00e9 de protestations pacifiques.<\/p>\n<p class=\"article__author-container\"> <a class=\"article__author-link\" href=\"https:\/\/www.lemonde.fr\/signataires\/service-sports\/\" rel=\"nofollow noopener\" target=\"_blank\"> Service Sports<\/a>  <\/p>\n<p>                  <a href=\"https:\/\/www.lemonde.fr\/syndication\/\" class=\"reuse__content\" title=\"R\u00e9utiliser ce contenu\" target=\"_blank\" rel=\"nofollow noopener\">R\u00e9utiliser ce contenu<\/a>      <\/p>\n","protected":false},"excerpt":{"rendered":"Le cycliste italien Giulio Pellizzari franchit la ligne d\u2019arriv\u00e9e de la 17\u1d49\u00a0\u00e9tape de la Vuelta, \u00e0 l\u2019Alto de&hellip;\n","protected":false},"author":2,"featured_media":381451,"comment_status":"","ping_status":"","sticky":false,"template":"","format":"standard","meta":{"footnotes":""},"categories":[1411],"tags":[1154,207,1011,27,60],"class_list":{"0":"post-381450","1":"post","2":"type-post","3":"status-publish","4":"format-standard","5":"has-post-thumbnail","7":"category-cyclisme","8":"tag-cycling","9":"tag-cyclisme","10":"tag-fr","11":"tag-france","12":"tag-sports"},"share_on_mastodon":{"url":"https:\/\/pubeurope.com\/@fr\/115182722514172108","error":""},"_links":{"self":[{"href":"https:\/\/www.europesays.com\/fr\/wp-json\/wp\/v2\/posts\/381450","targetHints":{"allow":["GET"]}}],"collection":[{"href":"https:\/\/www.europesays.com\/fr\/wp-json\/wp\/v2\/posts"}],"about":[{"href":"https:\/\/www.europesays.com\/fr\/wp-json\/wp\/v2\/types\/post"}],"author":[{"embeddable":true,"href":"https:\/\/www.europesays.com\/fr\/wp-json\/wp\/v2\/users\/2"}],"replies":[{"embeddable":true,"href":"https:\/\/www.europesays.com\/fr\/wp-json\/wp\/v2\/comments?post=381450"}],"version-history":[{"count":0,"href":"https:\/\/www.europesays.com\/fr\/wp-json\/wp\/v2\/posts\/381450\/revisions"}],"wp:featuredmedia":[{"embeddable":true,"href":"https:\/\/www.europesays.com\/fr\/wp-json\/wp\/v2\/media\/381451"}],"wp:attachment":[{"href":"https:\/\/www.europesays.com\/fr\/wp-json\/wp\/v2\/media?parent=381450"}],"wp:term":[{"taxonomy":"category","embeddable":true,"href":"https:\/\/www.europesays.com\/fr\/wp-json\/wp\/v2\/categories?post=381450"},{"taxonomy":"post_tag","embeddable":true,"href":"https:\/\/www.europesays.com\/fr\/wp-json\/wp\/v2\/tags?post=381450"}],"curies":[{"name":"wp","href":"https:\/\/api.w.org\/{rel}","templated":true}]}}