{"id":381452,"date":"2025-09-11T00:00:24","date_gmt":"2025-09-11T00:00:24","guid":{"rendered":"https:\/\/www.europesays.com\/fr\/381452\/"},"modified":"2025-09-11T00:00:24","modified_gmt":"2025-09-11T00:00:24","slug":"transfert-il-sera-deja-parti-lannonce-qui-va-rendre-fou-lom","status":"publish","type":"post","link":"https:\/\/www.europesays.com\/fr\/381452\/","title":{"rendered":"Transfert : \u00abIl sera d\u00e9j\u00e0 parti\u00bb, l\u2019annonce qui va rendre fou l\u2019OM !"},"content":{"rendered":"<p>                    Hugo Chirossel<br \/>\n                        &#8211;<\/p>\n<p>Journaliste<\/p>\n<p>Passionn\u00e9 de football depuis le plus jeune \u00e2ge, devenir journaliste sportif est rapidement devenu une \u00e9vidence pour Hugo. Il se d\u00e9couvrira plus tard un amour pour la NBA, avant d\u2019explorer d\u2019autres horizons comme ceux de la Formule 1 et de la NFL.<\/p>\n<p class=\"heading\">S\u2019il a fini par recruter Benjamin Pavard et Nayef Aguerd en fin de mercato, l\u2019OM a longtemps essay\u00e9 de s\u2019attacher les services de Joel Ord\u00f3\u00f1ez. Un dossier dans lequel la direction olympienne a d\u00fb faire face \u00e0 des n\u00e9gociations difficiles avec le Club Bruges. S\u2019il n\u2019est pas parti cet \u00e9t\u00e9, l\u2019international \u00e9quatorien pourrait en revanche le faire avant le d\u00e9but de la prochaine Coupe du monde.<\/p>\n<p>Comme expliqu\u00e9 par le journaliste <a href=\"https:\/\/le10sport.com\/football\/mercato\/transfert-historique-lom-manipule-sur-le-mercato-les-revelations-explosives-756723\" rel=\"nofollow noopener\" target=\"_blank\">Romain Molina<\/a>, l\u2019<strong>OM<\/strong> s\u2019est fait \u00ab balad\u00e9 \u00bb pendant un long moment par le <strong>Club Bruges<\/strong> dans le dossier <strong>Joel Ord\u00f3\u00f1ez<\/strong>. Un premier accord avait \u00e9t\u00e9 trouv\u00e9 pour un transfert \u00e0 environ 25M\u20ac, mais \u00e0 chaque fois, la formation belge r\u00e9clamait finalement une offre sup\u00e9rieure pour accepter de se s\u00e9parer du d\u00e9fenseur \u00e2g\u00e9 de 21 ans, esp\u00e9rant une proposition importante en provenance de la Premier League : \u00ab Bruges va faire attendre l\u2019OM et les manipuler. \u00c0 chaque fois ils acceptent, et puis ils veulent plus. \u00bb <\/p>\n<p>                                            Ord\u00f3\u00f1ez transf\u00e9r\u00e9 avant la Coupe du monde 2026 ?<\/p>\n<p>\u00ab En m\u00eame temps il y avait l\u2019Arabie Saoudite et eux ils esp\u00e9raient une grosse offre de Premier League \u00e0 40 ou 50 millions \u00bb, a ajout\u00e9 <strong>Romain Molina <\/strong>et justement, cette fameuse offre pourrait finir par arriver l\u2019\u00e9t\u00e9 prochain. D\u2019apr\u00e8s les informations du journaliste de TBR Football<strong> Graeme Bailey<\/strong>, plusieurs \u00e9quipes de Premier League ont envoy\u00e9 des recruteurs pour observer <strong>Joel Ord\u00f3\u00f1ez<\/strong> lors de la victoire de l\u2019<strong>Equateur<\/strong> face \u00e0 l\u2019<strong>Argentine<\/strong> (1-0) dans le cadre des \u00e9liminatoires de la Coupe du monde 2026, comp\u00e9tition avant laquelle il devrait avoir quitt\u00e9 le <strong>Club Bruges<\/strong>. <\/p>\n<p>                                            \u00ab Chelsea et Aston Villa admirent tous deux Ord\u00f3\u00f1ez depuis longtemps \u00bb<\/p>\n<p>\u00ab Joel Ord\u00f3\u00f1ez est un jeune d\u00e9fenseur exceptionnel, et on peut supposer sans risque qu&rsquo;il quittera le Club Bruges en 2026. Il participera \u00e0 la phase finale de la Coupe du monde l&rsquo;\u00e9t\u00e9 prochain, et d&rsquo;apr\u00e8s ce que j&rsquo;ai entendu, il est presque certain qu&rsquo;il sera d\u00e9j\u00e0 parti avant cela. Chelsea et Aston Villa admirent tous deux Ord\u00f3\u00f1ez depuis longtemps, il n&rsquo;est donc pas surprenant qu&rsquo;ils aient envoy\u00e9 des recruteurs pour suivre ses progr\u00e8s. Il est important de le voir \u00e0 l&rsquo;\u0153uvre face \u00e0 une attaque de calibre international comme celle de l&rsquo;Argentine \u00bb, a indiqu\u00e9 <strong>Graeme Bailey<\/strong>. <\/p>\n","protected":false},"excerpt":{"rendered":"Hugo Chirossel &#8211; Journaliste Passionn\u00e9 de football depuis le plus jeune \u00e2ge, devenir journaliste sportif est rapidement devenu&hellip;\n","protected":false},"author":2,"featured_media":381453,"comment_status":"","ping_status":"","sticky":false,"template":"","format":"standard","meta":{"footnotes":""},"categories":[1410],"tags":[63,1011,27,60],"class_list":{"0":"post-381452","1":"post","2":"type-post","3":"status-publish","4":"format-standard","5":"has-post-thumbnail","7":"category-football","8":"tag-football","9":"tag-fr","10":"tag-france","11":"tag-sports"},"share_on_mastodon":{"url":"https:\/\/pubeurope.com\/@fr\/115182726434946517","error":""},"_links":{"self":[{"href":"https:\/\/www.europesays.com\/fr\/wp-json\/wp\/v2\/posts\/381452","targetHints":{"allow":["GET"]}}],"collection":[{"href":"https:\/\/www.europesays.com\/fr\/wp-json\/wp\/v2\/posts"}],"about":[{"href":"https:\/\/www.europesays.com\/fr\/wp-json\/wp\/v2\/types\/post"}],"author":[{"embeddable":true,"href":"https:\/\/www.europesays.com\/fr\/wp-json\/wp\/v2\/users\/2"}],"replies":[{"embeddable":true,"href":"https:\/\/www.europesays.com\/fr\/wp-json\/wp\/v2\/comments?post=381452"}],"version-history":[{"count":0,"href":"https:\/\/www.europesays.com\/fr\/wp-json\/wp\/v2\/posts\/381452\/revisions"}],"wp:featuredmedia":[{"embeddable":true,"href":"https:\/\/www.europesays.com\/fr\/wp-json\/wp\/v2\/media\/381453"}],"wp:attachment":[{"href":"https:\/\/www.europesays.com\/fr\/wp-json\/wp\/v2\/media?parent=381452"}],"wp:term":[{"taxonomy":"category","embeddable":true,"href":"https:\/\/www.europesays.com\/fr\/wp-json\/wp\/v2\/categories?post=381452"},{"taxonomy":"post_tag","embeddable":true,"href":"https:\/\/www.europesays.com\/fr\/wp-json\/wp\/v2\/tags?post=381452"}],"curies":[{"name":"wp","href":"https:\/\/api.w.org\/{rel}","templated":true}]}}