{"id":381454,"date":"2025-09-11T00:01:12","date_gmt":"2025-09-11T00:01:12","guid":{"rendered":"https:\/\/www.europesays.com\/fr\/381454\/"},"modified":"2025-09-11T00:01:12","modified_gmt":"2025-09-11T00:01:12","slug":"le-roi-charles-et-le-prince-harry-se-sont-vus-la-balle-est-desormais-dans-le-camp-de-harry-affirme-une-source","status":"publish","type":"post","link":"https:\/\/www.europesays.com\/fr\/381454\/","title":{"rendered":"Le roi Charles et le prince Harry se sont vus: \u00abLa balle est d\u00e9sormais dans le camp de Harry\u00bb, affirme une source"},"content":{"rendered":"<p>Le prince devait assister \u00e0 une r\u00e9ception pour les Invictus Games mercredi soir, ce qui signifie que sa rencontre avec Charles a dur\u00e9 moins d&rsquo;une heure.<\/p>\n<p>\u00ab\u00a0La rencontre a \u00e9t\u00e9 br\u00e8ve en raison de l&rsquo;agenda charg\u00e9 du roi et de l&rsquo;engagement de Harry aux Invictus Games, mais il est tr\u00e8s important qu&rsquo;elle ait eu lieu \u00bb, a d\u00e9clar\u00e9 <strong>Charlotte Griffiths<\/strong>, r\u00e9dactrice en chef du Mail on Sunday. Elle a \u00e9galement r\u00e9v\u00e9l\u00e9 qu&rsquo;une rencontre entre Harry et son p\u00e8re \u00e9tait envisag\u00e9e apr\u00e8s que leurs conseillers en communication respectifs ont \u00e9t\u00e9 photographi\u00e9s \u00e0 Londres cet \u00e9t\u00e9.<\/p>\n<p>\u00ab\u00a0Harry a eu une r\u00e9union \u00e0 Londres ce matin et s&rsquo;est ensuite assur\u00e9 que son emploi du temps \u00e9tait parfaitement libre afin qu&rsquo;il puisse voir son p\u00e8re \u00e0 tout moment, a d\u00e9clar\u00e9 la sp\u00e9cialiste. C&rsquo;\u00e9tait un plan de derni\u00e8re minute \u2013 ce n&rsquo;\u00e9tait pas dans l&rsquo;agenda de Harry \u2013 mais c&rsquo;est peut-\u00eatre parce qu&rsquo;il avait peur des fuites dans la presse. Il \u00e9tait pr\u00eat \u00e0 tout laisser tomber pour voir son p\u00e8re et il l&rsquo;a fait savoir au palais. \u00bb<\/p>\n<p>Avant leur rencontre, Harry avait pass\u00e9 l&rsquo;apr\u00e8s-midi \u00e0 White City pour visiter le Centre d&rsquo;\u00e9tudes sur les blessures caus\u00e9es par les explosions de l&rsquo;Imperial College de Londres. Il s&rsquo;est arr\u00eat\u00e9 pour prendre des selfies avec un petit groupe de fans qui s&rsquo;\u00e9taient rassembl\u00e9s \u00e0 l&rsquo;ext\u00e9rieur pour le rencontrer.<\/p>\n<p>Le duc leur a dit : \u00ab\u00a0Je dois y aller&#8230; je suis en retard \u00bb, lorsqu&rsquo;il est parti pr\u00e9cipitamment \u00e0 15 heures.<\/p>\n<p>Le roi Charles III arrive \u00e0 Clarence House le 10 septembre 2025 \u00e0 Londres, en Angleterre.<\/p>\n<p>Belinda Jiao\/Getty Images<\/p>\n<p>Le roi Charles, quant \u00e0 lui, est arriv\u00e9 \u00e0 Clarence House vers 16 heures, apr\u00e8s \u00eatre arriv\u00e9 \u00e0 la RAF Northolt une heure plus t\u00f4t en provenance de Balmoral.<\/p>\n<p>Des sources proches du roi Charles affirment qu&rsquo;il souhaite vivement se r\u00e9concilier avec Harry et que, s&rsquo;il a accept\u00e9 de voir son fils, c&rsquo;est au duc qu&rsquo;il revient de d\u00e9cider d&rsquo;une r\u00e9conciliation \u00e0 long terme.<\/p>\n<p>\u00ab\u00a0Le roi a toujours laiss\u00e9 la porte ouverte au retour de Harry en Grande-Bretagne. Il manque sinc\u00e8rement \u00e0 Charles, qui souffre de la rupture, mais la balle est dans le camp de Harry, a d\u00e9clar\u00e9 une source qui conna\u00eet le souverain. Si les d\u00e9tails de leur rencontre sont divulgu\u00e9s, la r\u00e9conciliation sera de courte dur\u00e9e. La question de la confiance est tr\u00e8s importante pour le roi, et elle a \u00e9t\u00e9 rompue par le pass\u00e9. \u00bb<\/p>\n<p>\u00ab\u00a0Harry doit prouver qu&rsquo;il peut garder les conversations entre eux priv\u00e9es s&rsquo;il veut vraiment avoir une relation avec son p\u00e8re. \u00bb<\/p>\n<p>Alors que Harry sera bri\u00e8vement \u00e0 Londres demain avant de rentrer en Californie, le roi Charles retournera \u00e0 Balmoral mercredi soir.<\/p>\n<p>Il semble que Harry n&rsquo;a pas eu de contact avec son fr\u00e8re, <strong>le <a href=\"https:\/\/www.vanityfair.fr\/dossier\/prince-william\" isautogenerated=\"true\" target=\"_blank\" rel=\"noopener\">prince William<\/a>,<\/strong> qui a de son c\u00f4t\u00e9 particip\u00e9 \u00e0 des engagements \u00e0 Cardiff mercredi.<\/p>\n<blockquote class=\"BlockquoteEmbedWrapper-sc-MKszq cjvgwV blockquote-embed\" data-testid=\"blockquote-wrapper\">\n<p>Initialement publi\u00e9 par <a href=\"https:\/\/www.vanityfair.com\/style\/story\/king-charles-and-prince-harry-meeting\" target=\"_blank\" rel=\"noopener\">Vanity Fair US<\/a><\/p>\n<\/blockquote>\n","protected":false},"excerpt":{"rendered":"Le prince devait assister \u00e0 une r\u00e9ception pour les Invictus Games mercredi soir, ce qui signifie que sa&hellip;\n","protected":false},"author":2,"featured_media":381455,"comment_status":"","ping_status":"","sticky":false,"template":"","format":"standard","meta":{"footnotes":""},"categories":[1359],"tags":[581,58,59,1011,27,973,267],"class_list":{"0":"post-381454","1":"post","2":"type-post","3":"status-publish","4":"format-standard","5":"has-post-thumbnail","7":"category-people","8":"tag-charles-iii","9":"tag-divertissement","10":"tag-entertainment","11":"tag-fr","12":"tag-france","13":"tag-people","14":"tag-prince-harry"},"share_on_mastodon":{"url":"https:\/\/pubeurope.com\/@fr\/115182730345719575","error":""},"_links":{"self":[{"href":"https:\/\/www.europesays.com\/fr\/wp-json\/wp\/v2\/posts\/381454","targetHints":{"allow":["GET"]}}],"collection":[{"href":"https:\/\/www.europesays.com\/fr\/wp-json\/wp\/v2\/posts"}],"about":[{"href":"https:\/\/www.europesays.com\/fr\/wp-json\/wp\/v2\/types\/post"}],"author":[{"embeddable":true,"href":"https:\/\/www.europesays.com\/fr\/wp-json\/wp\/v2\/users\/2"}],"replies":[{"embeddable":true,"href":"https:\/\/www.europesays.com\/fr\/wp-json\/wp\/v2\/comments?post=381454"}],"version-history":[{"count":0,"href":"https:\/\/www.europesays.com\/fr\/wp-json\/wp\/v2\/posts\/381454\/revisions"}],"wp:featuredmedia":[{"embeddable":true,"href":"https:\/\/www.europesays.com\/fr\/wp-json\/wp\/v2\/media\/381455"}],"wp:attachment":[{"href":"https:\/\/www.europesays.com\/fr\/wp-json\/wp\/v2\/media?parent=381454"}],"wp:term":[{"taxonomy":"category","embeddable":true,"href":"https:\/\/www.europesays.com\/fr\/wp-json\/wp\/v2\/categories?post=381454"},{"taxonomy":"post_tag","embeddable":true,"href":"https:\/\/www.europesays.com\/fr\/wp-json\/wp\/v2\/tags?post=381454"}],"curies":[{"name":"wp","href":"https:\/\/api.w.org\/{rel}","templated":true}]}}