{"id":381456,"date":"2025-09-11T00:02:14","date_gmt":"2025-09-11T00:02:14","guid":{"rendered":"https:\/\/www.europesays.com\/fr\/381456\/"},"modified":"2025-09-11T00:02:14","modified_gmt":"2025-09-11T00:02:14","slug":"mort-de-chris-steele-perkins-photographe-des-classes-populaires-britanniques","status":"publish","type":"post","link":"https:\/\/www.europesays.com\/fr\/381456\/","title":{"rendered":"Mort de Chris Steele-Perkins, photographe des classes populaires britanniques"},"content":{"rendered":"<p>      Le photographe documentaire, membre de l\u2019agence Magnum, s\u2019est fait conna\u00eetre par son travail sur les jeunes au Royaume-Uni dans les ann\u00e9es 1970 et 1980. On lui doit aussi des photos marquantes issues de ses reportages, en Irlande du nord et en Somalie.              <a href=\"https:\/\/www.europesays.com\/fr\/wp-content\/uploads\/2025\/09\/6532383_upload-1-yl5vmlyzbk0n-magnum-lon26675.jpg\" data-pswp-width=\"\" data-pswp-height=\"\" class=\"media__hd\" target=\"_blank\">      <img decoding=\"async\" fetchpriority=\"high\" src=\"https:\/\/www.europesays.com\/fr\/wp-content\/uploads\/2025\/09\/6532383_upload-1-yl5vmlyzbk0n-magnum-lon26675.jpg\" class=\"media__picture js-media-zoom-main \" alt=\"Chris Steele-Perkins a suivi les Teddy Boys britanniques pendant deux ans, de 1975\u00a0\u00e0 1977.\" title=\"Photo Chris Steele-Perkins\/Magnum Photos\"\/>      <\/p>\n<p class=\"media__legend\"> Chris Steele-Perkins a suivi les Teddy Boys britanniques pendant deux ans, de 1975\u00a0\u00e0 1977.  Photo Chris Steele-Perkins\/Magnum Photos  <\/p>\n<p>     <\/a>                    <\/p>\n<p class=\"author author--simple\">Par  <a class=\"author author--link\" href=\"https:\/\/www.telerama.fr\/recherche\/articles?q=Marie-Anne+Kleiber\" rel=\"nofollow noopener\" target=\"_blank\"> Marie-Anne Kleiber <\/a>    <\/p>\n<p class=\"publication__date\">Publi\u00e9 le 10 septembre 2025 \u00e0 17h49<\/p>\n<p>   Partager   <\/p>\n<ul class=\"sharing-popin--results\">\n<li class=\"sharing-popin--item sharing-popin--item-container\"> Partage  <\/li>\n<li data-share=\"linkedin\" class=\"sharing-popin--item\">  LinkedIn <\/li>\n<li data-share=\"facebook\" class=\"sharing-popin--item\">  Facebook <\/li>\n<li data-share=\"mail\" data-social=\"mail\" class=\"sharing-popin--item\">  Envoyer par email <\/li>\n<li data-share=\"copy\" class=\"sharing-popin--item\">  Copier le lien <\/li>\n<\/ul>\n<p>        Favoris       <\/p>\n<p>                <a class=\"openapp__link\" data-event=\"click-open-app\" data-deep-link=\"tlrm:\/\/element?id=\/arts-expositions\/mort-de-chris-steele-perkins-photographe-des-classes-populaires-britanniques-7027309.php&amp;source=deeplink_site\">  Lire dans l&rsquo;application<br \/>\n  <\/a>                               <\/p>\n<p class=\"paragraph\">Des quartiers pauvres de Londres \u00e0 la ville paisible d\u2019Obama au Japon, de Belfast \u00e0 l\u2019Afghanistan en passant par l\u2019Afrique du Sud, le Britannique Chris Steele-Perkins n\u2019a cess\u00e9 de photographier de fa\u00e7on visc\u00e9rale, souvent heurt\u00e9e, parfois rebelle, la vie comme elle va. Il est mort \u00e0 l\u2019\u00e2ge de 78\u00a0ans dans son sommeil \u00e0 Tokyo le 8\u00a0septembre 2025, aupr\u00e8s de sa femme d\u2019origine japonaise, fermant les yeux sur ce monde turbulent qu\u2019il a arpent\u00e9 pendant des d\u00e9cennies.<\/p>\n<p class=\"paragraph\">N\u00e9 en\u00a01947 \u00e0 Rangoon (Birmanie) d\u2019une m\u00e8re birmane et d\u2019un p\u00e8re anglais, Chris Steele-Perkins a grandi aupr\u00e8s de ce dernier dans une station baln\u00e9aire pr\u00e8s de Bristol. \u00c0 l\u2019universit\u00e9, il \u00e9tudie la psychologie et se met \u00e0 prendre des photos pour le journal \u00e9tudiant. Il r\u00e9alise alors que le journalisme est \u00ab\u00a0la route qu\u2019il [veut] suivre\u00a0\u00bb comme il le racontera en\u00a02013 \u00e0 <a target=\"_blank\" href=\"https:\/\/www.vice.com\/fr\/article\/chris-steele-perkins-aime-l-angleterre-magnum\/\" rel=\"nofollow noopener\">Vice<\/a>.<\/p>\n<p>                Membre du groupe Exit Photography                       <\/p>\n<p class=\"paragraph\">L\u2019autodidacte s\u2019int\u00e9resse aux Teddy Boys \u2014 de jeunes Britanniques marginaux, fans de rock et v\u00eatus avec une \u00e9l\u00e9gance surann\u00e9e. De\u00a01975 \u00e0\u00a01977, il les portraiture avec leurs cheveux gomin\u00e9s, leurs bananes alambiqu\u00e9es et leur insolence. Des images en noir et blanc, parmi les plus connues de son \u0153uvre. Ces terribles Teds, il les a suivis au pub, dans la rue, s\u2019immergeant comme il le fera par la suite dans ses photoreportages. Il est alors membre du groupe Exit Photography, compos\u00e9 de jeunes documentaristes qui d\u00e9noncent les probl\u00e8mes sociaux du Royaume-Uni dans les ann\u00e9es\u00a01970, tels Nicholas Battye et Paul Trevor. Avec eux, il m\u00e8ne un projet ax\u00e9 sur la classe ouvri\u00e8re se paup\u00e9risant dans les\u00a0inner cities, les \u00ab\u00a0villes de l\u2019int\u00e9rieur\u00a0\u00bb, comme Liverpool ou Middlesbrough.<\/p>\n<p>                              <a href=\"https:\/\/www.europesays.com\/fr\/wp-content\/uploads\/2025\/09\/0bfb006_upload-1-qiasy5m0kpux-magnum-lon98496.jpg\" data-pswp-width=\"\" data-pswp-height=\"\" class=\"media__hd\" target=\"_blank\">      <img decoding=\"async\" loading=\"lazy\" src=\"https:\/\/www.europesays.com\/fr\/wp-content\/uploads\/2025\/09\/0bfb006_upload-1-qiasy5m0kpux-magnum-lon98496.jpg\" class=\"media__picture js-media-zoom  media__size--large\" alt=\"\u00c9meute dans un quartier catholique de Belfast, en Irlande du Nord, en 1978.\" title=\"Photo Chris Steele-Perkins\/Magnum Photos\"\/>      <\/p>\n<p class=\"media__legend\"> \u00c9meute dans un quartier catholique de Belfast, en Irlande du Nord, en 1978.  Photo Chris Steele-Perkins\/Magnum Photos  <\/p>\n<p>     <\/a>                          <\/p>\n<p class=\"paragraph\">Le photographe commence \u00e0 voyager, d\u2019abord \u00e0 Belfast, en Irlande du Nord, en proie \u00e0 la guerre civile. Un de ses clich\u00e9s de\u00a01978 montre un jeune gar\u00e7on tenant une pierre et affichant un sourire, presque sardonique dans le chaos ambiant. Dans le livre The Troubles, sur le conflit nord-irlandais, il explique avoir voulu \u00ab\u00a0couvrir la situation du point de vue des outsiders, des opprim\u00e9s\u00a0\u00bb, tout en restant \u00ab\u00a0honn\u00eate\u00a0\u00bb. Il cherchait, expliqua-t-il au site culturel anglais <a target=\"_blank\" href=\"https:\/\/plinth.uk.com\/blogs\/in-the-studio-with\/interview-with-chris-steele-perkins?srsltid=AfmBOop-bej1TNUbooxX5Ef3E4TXoGXPKuMAxtUxzuK7qkJnjlstsiCa\" rel=\"nofollow noopener\">Plinth<\/a>, des sujets qui \u00ab\u00a0l\u2019agrippent \u00e0 la gorge\u00a0\u00bb, comme la famine en Somalie en\u00a01992, qu\u2019il a document\u00e9e en couleur \u2014 il avait abandonn\u00e9 le noir et blanc au mitan des ann\u00e9es\u00a01980. Dans ce portrait tr\u00e8s dur d\u2019une jeune m\u00e8re de profil tenant un b\u00e9b\u00e9 squelettique qu\u2019elle nourrissait au sein, il voyait cependant de l\u2019espoir, celui de la vie qui s\u2019accroche.<\/p>\n<p class=\"paragraph\">Par l\u2019interm\u00e9diaire de Paul Trevor, Steele-Perkins rencontre le grand photographe tch\u00e8que Josef Koudelka qui soutient sa candidature au sein de l\u2019agence Magnum. Il y entre en\u00a01979 et la pr\u00e9sidera de\u00a01995 \u00e0\u00a01998.<\/p>\n<p>                              <a href=\"https:\/\/www.europesays.com\/fr\/wp-content\/uploads\/2025\/09\/da0f8ca_upload-1-8q3w3xlqby2x-magnum-lon4703.jpg\" data-pswp-width=\"\" data-pswp-height=\"\" class=\"media__hd\" target=\"_blank\">      <img decoding=\"async\" loading=\"lazy\" src=\"https:\/\/www.europesays.com\/fr\/wp-content\/uploads\/2025\/09\/da0f8ca_upload-1-8q3w3xlqby2x-magnum-lon4703.jpg\" class=\"media__picture js-media-zoom  media__size--large\" alt=\"Dans cette photo prise en Somalie en 1992, Chris Steele-Perkins voulait voir de l\u2019espoir\" title=\"Photo Chris Steele-Perkins\/Magnum Photos\"\/>      <\/p>\n<p class=\"media__legend\"> Dans cette photo prise en Somalie en 1992, Chris Steele-Perkins voulait voir de l\u2019espoir  Photo Chris Steele-Perkins\/Magnum Photos  <\/p>\n<p>     <\/a>                                  <a href=\"https:\/\/www.europesays.com\/fr\/wp-content\/uploads\/2025\/09\/431e163_upload-1-rxrfyfdikkxg-magnum-lon26989.jpg\" data-pswp-width=\"\" data-pswp-height=\"\" class=\"media__hd\" target=\"_blank\">      <img decoding=\"async\" loading=\"lazy\" src=\"https:\/\/www.europesays.com\/fr\/wp-content\/uploads\/2025\/09\/431e163_upload-1-rxrfyfdikkxg-magnum-lon26989.jpg\" class=\"media__picture js-media-zoom  media__size--large\" alt=\"Autoportrait du photographe, \u00e0 Londres en 2001\" title=\"Photo Chris Steele-Perkins\/Magnum Photos\"\/>      <\/p>\n<p class=\"media__legend\"> Autoportrait du photographe, \u00e0 Londres en 2001  Photo Chris Steele-Perkins\/Magnum Photos  <\/p>\n<p>     <\/a>                              <\/p>\n<p class=\"edito__prefixe\">   \u00c0 lire aussi :   <\/p>\n<p class=\"edito__text-container\">   <a alt=\"Lire aussi\" href=\"https:\/\/www.telerama.fr\/sortir\/les-livres-de-photographie-nouveaux-tresors-de-l-agence-magnum,156072.php\" class=\"article__title--edito\" rel=\"nofollow noopener\" target=\"_blank\">L\u2019agence Magnum d\u00e9voile un tr\u00e9sor : le catalogue de ses livres de photographie<\/a>  <\/p>\n","protected":false},"excerpt":{"rendered":"Le photographe documentaire, membre de l\u2019agence Magnum, s\u2019est fait conna\u00eetre par son travail sur les jeunes au Royaume-Uni&hellip;\n","protected":false},"author":2,"featured_media":381457,"comment_status":"","ping_status":"","sticky":false,"template":"","format":"standard","meta":{"footnotes":""},"categories":[1358],"tags":[1348,1384,1385,1386,58,59,1011,27],"class_list":{"0":"post-381456","1":"post","2":"type-post","3":"status-publish","4":"format-standard","5":"has-post-thumbnail","7":"category-arts-et-design","8":"tag-arts","9":"tag-arts-and-design","10":"tag-arts-et-design","11":"tag-design","12":"tag-divertissement","13":"tag-entertainment","14":"tag-fr","15":"tag-france"},"share_on_mastodon":{"url":"https:\/\/pubeurope.com\/@fr\/115182734856858204","error":""},"_links":{"self":[{"href":"https:\/\/www.europesays.com\/fr\/wp-json\/wp\/v2\/posts\/381456","targetHints":{"allow":["GET"]}}],"collection":[{"href":"https:\/\/www.europesays.com\/fr\/wp-json\/wp\/v2\/posts"}],"about":[{"href":"https:\/\/www.europesays.com\/fr\/wp-json\/wp\/v2\/types\/post"}],"author":[{"embeddable":true,"href":"https:\/\/www.europesays.com\/fr\/wp-json\/wp\/v2\/users\/2"}],"replies":[{"embeddable":true,"href":"https:\/\/www.europesays.com\/fr\/wp-json\/wp\/v2\/comments?post=381456"}],"version-history":[{"count":0,"href":"https:\/\/www.europesays.com\/fr\/wp-json\/wp\/v2\/posts\/381456\/revisions"}],"wp:featuredmedia":[{"embeddable":true,"href":"https:\/\/www.europesays.com\/fr\/wp-json\/wp\/v2\/media\/381457"}],"wp:attachment":[{"href":"https:\/\/www.europesays.com\/fr\/wp-json\/wp\/v2\/media?parent=381456"}],"wp:term":[{"taxonomy":"category","embeddable":true,"href":"https:\/\/www.europesays.com\/fr\/wp-json\/wp\/v2\/categories?post=381456"},{"taxonomy":"post_tag","embeddable":true,"href":"https:\/\/www.europesays.com\/fr\/wp-json\/wp\/v2\/tags?post=381456"}],"curies":[{"name":"wp","href":"https:\/\/api.w.org\/{rel}","templated":true}]}}