{"id":381458,"date":"2025-09-11T00:03:21","date_gmt":"2025-09-11T00:03:21","guid":{"rendered":"https:\/\/www.europesays.com\/fr\/381458\/"},"modified":"2025-09-11T00:03:21","modified_gmt":"2025-09-11T00:03:21","slug":"prix-jean-giono-2025-15-auteurs-en-lice-pour-la-premiere-selection","status":"publish","type":"post","link":"https:\/\/www.europesays.com\/fr\/381458\/","title":{"rendered":"Prix Jean Giono 2025 : 15 auteurs en lice pour la premi\u00e8re s\u00e9lection"},"content":{"rendered":"<p>Le jury du prix Jean Giono 2025 s\u2019est r\u00e9uni a d\u00e9voil\u00e9 une\u00a0premi\u00e8re s\u00e9lection de 15 romans. La deuxi\u00e8me s\u00e9lection sera annonc\u00e9e le 8 octobre.<\/p>\n<p>D\u00e9cern\u00e9 au \u00ab meilleur raconteur d\u2019histoire \u00bb, le prix Jean Giono distingue chaque ann\u00e9e un ouvrage \u00e9crit en fran\u00e7ais qui accorde une place centrale \u00e0 l\u2019imagination. Parrain\u00e9 par la Fondation Jan Michalski, il est dot\u00e9 de 10 000 euros.<\/p>\n<p>La premi\u00e8re s\u00e9lection 2025<\/p>\n<ul>\n<li>\n<p>Cantique du chaos, de\u00a0<strong>Mathieu Belezi<\/strong> (Robert Laffont)<\/p>\n<\/li>\n<li>\n<p>Les Ombres du monde, de\u00a0<strong>Michel Bussi<\/strong> (Presses de la Cit\u00e9)<\/p>\n<\/li>\n<li>\n<p>Aimer, de\u00a0<strong>Sarah Chiche<\/strong> (Julliard)<\/p>\n<\/li>\n<li>\n<p>Je voulais vivre, de\u00a0<strong>Ad\u00e9la\u00efde de Clermont-Tonnerre<\/strong> (Grasset)<\/p>\n<\/li>\n<li>\n<p>Surchauffe, de\u00a0<strong>Nathan Devers<\/strong> (Albin Michel)<\/p>\n<\/li>\n<li>\n<p>Un pont sur la Seine, de\u00a0<strong>Pauline Dreyfus<\/strong> (Grasset)<\/p>\n<\/li>\n<li>\n<p>Comme en amour, de\u00a0<strong>Alice Ferney<\/strong> (Actes Sud)<\/p>\n<\/li>\n<li>\n<p>Peau d\u2019ourse, de\u00a0<strong>Gr\u00e9gory Le Floch<\/strong> (Seuil)<\/p>\n<\/li>\n<li>\n<p>Nous n\u2019avons rien \u00e0 envier au reste du monde, de\u00a0<strong>Nicolas Gaudemet<\/strong> (L\u2019Observatoire)<\/p>\n<\/li>\n<li>\n<p>Passag\u00e8res de nuit, de\u00a0<strong>Yanick Lahens<\/strong> (Sabine Wespieser)<\/p>\n<\/li>\n<li>\n<p>La Maison vide, de\u00a0<strong>Laurent Mauvignier<\/strong> (Minuit)<\/p>\n<\/li>\n<li>\n<p>La For\u00eat de flammes et d\u2019ombres, de\u00a0<strong>Akira Mizubayashi<\/strong> (Gallimard)<\/p>\n<\/li>\n<li>\n<p>Notre part f\u00e9roce, de\u00a0<strong>Sophie Pointurier<\/strong> (Ph\u00e9bus)<\/p>\n<\/li>\n<li>\n<p>Tout ou\u00efe, de\u00a0<strong>Alexandre Postel<\/strong> (L\u2019Observatoire)<\/p>\n<\/li>\n<li>\n<p>Haute-Folie, de\u00a0<strong>Antoine Wauters<\/strong> (Gallimard)<\/p>\n<\/li>\n<\/ul>\n<p>\u00a0<\/p>\n<p>Le jury, pr\u00e9sid\u00e9 par <strong>Paule Constant<\/strong> (Acad\u00e9mie Goncourt), r\u00e9unit\u00a0<strong>Metin Arditi, Tahar Ben Jelloun<\/strong>, de l\u2019Acad\u00e9mie Goncourt, <strong>David Foenkinos, Franz-Olivier Giesbert, Sylvie Giono, Robert Kopp, Emmanuelle Lambert, Vera Michalski, \u00c9tienne de Montety<\/strong> et <strong>Marianne Payot\u00a0<\/strong><\/p>\n<p><a href=\"https:\/\/www.livreshebdo.fr\/article\/olivier-norek-laureat-du-prix-jean-giono-2024#:~:text=Le%20jury%20du%20prix%20Jean,avoir%20%C3%A9galement%20obtenu%20des%20voix.\" target=\"_blank\" rel=\"nofollow noopener\">En 2024<\/a>, le prix avait \u00e9t\u00e9 attribu\u00e9 \u00e0 <strong>Olivier Norek<\/strong> pour Les Guerriers de l\u2019hiver (Michel Lafon).<\/p>\n","protected":false},"excerpt":{"rendered":"Le jury du prix Jean Giono 2025 s\u2019est r\u00e9uni a d\u00e9voil\u00e9 une\u00a0premi\u00e8re s\u00e9lection de 15 romans. La deuxi\u00e8me&hellip;\n","protected":false},"author":2,"featured_media":381459,"comment_status":"","ping_status":"","sticky":false,"template":"","format":"standard","meta":{"footnotes":""},"categories":[1357],"tags":[1379,58,59,1011,27,1380],"class_list":{"0":"post-381458","1":"post","2":"type-post","3":"status-publish","4":"format-standard","5":"has-post-thumbnail","7":"category-livres","8":"tag-books","9":"tag-divertissement","10":"tag-entertainment","11":"tag-fr","12":"tag-france","13":"tag-livres"},"share_on_mastodon":{"url":"https:\/\/pubeurope.com\/@fr\/115182738079186380","error":""},"_links":{"self":[{"href":"https:\/\/www.europesays.com\/fr\/wp-json\/wp\/v2\/posts\/381458","targetHints":{"allow":["GET"]}}],"collection":[{"href":"https:\/\/www.europesays.com\/fr\/wp-json\/wp\/v2\/posts"}],"about":[{"href":"https:\/\/www.europesays.com\/fr\/wp-json\/wp\/v2\/types\/post"}],"author":[{"embeddable":true,"href":"https:\/\/www.europesays.com\/fr\/wp-json\/wp\/v2\/users\/2"}],"replies":[{"embeddable":true,"href":"https:\/\/www.europesays.com\/fr\/wp-json\/wp\/v2\/comments?post=381458"}],"version-history":[{"count":0,"href":"https:\/\/www.europesays.com\/fr\/wp-json\/wp\/v2\/posts\/381458\/revisions"}],"wp:featuredmedia":[{"embeddable":true,"href":"https:\/\/www.europesays.com\/fr\/wp-json\/wp\/v2\/media\/381459"}],"wp:attachment":[{"href":"https:\/\/www.europesays.com\/fr\/wp-json\/wp\/v2\/media?parent=381458"}],"wp:term":[{"taxonomy":"category","embeddable":true,"href":"https:\/\/www.europesays.com\/fr\/wp-json\/wp\/v2\/categories?post=381458"},{"taxonomy":"post_tag","embeddable":true,"href":"https:\/\/www.europesays.com\/fr\/wp-json\/wp\/v2\/tags?post=381458"}],"curies":[{"name":"wp","href":"https:\/\/api.w.org\/{rel}","templated":true}]}}